{"id":181102,"date":"2021-04-16T19:25:18","date_gmt":"2021-04-16T22:25:18","guid":{"rendered":"https:\/\/diarioregionaldigital.com.br\/?p=181102"},"modified":"2021-04-16T19:25:18","modified_gmt":"2021-04-16T22:25:18","slug":"cbat-convoca-selecao-para-o-mundial-de-revezamentos-da-polonia","status":"publish","type":"post","link":"https:\/\/diarioregionaldigital.com.br\/?p=181102","title":{"rendered":"CBAt convoca sele\u00e7\u00e3o para o Mundial de Revezamentos da Pol\u00f4nia"},"content":{"rendered":"<p>O 4 x 100m feminino tamb\u00e9m participa do Camping como prepara\u00e7\u00e3o para conseguir a vaga ol\u00edmpica na Pol\u00f4nia, j\u00e1 que o Mundial garante vaga em T\u00f3quio para todas as equipes finalistas que completarem a prova. Do grupo convocado, Vitoria Rosa, Ana Carolina Azevedo, Rosangela Santos e Lorraine Martins treinam no Chula Vista Elite Athlete Training Center. Ana Claudia Lemos (SR Mampituba-SC), Vida Aurora Caetano (Tornado-DF) e Anny Caroline de Bassi (Balne\u00e1rio Cambori\u00fa-SC) est\u00e3o no Brasil.<\/p>\n<p>O Conselho T\u00e9cnico da CBAt resolveu, em car\u00e1ter excepcional e com aval do presidente do Conselho de Administra\u00e7\u00e3o, Wlamir Motta Campos, levar uma equipe maior no 4 x 100m feminino, a fim de n\u00e3o causar preju\u00edzo \u00e0s atletas, considerando os crit\u00e9rios de convoca\u00e7\u00e3o fixados em setembro de 2020.<\/p>\n<p>J\u00e1 o 4 x 400m misto, tamb\u00e9m j\u00e1 qualificado para a Olimp\u00edada por ter sido finalista no Mundial de Yokohama e no Mundial de Doha-2019, segue com o objetivo de melhorar a sexta coloca\u00e7\u00e3o de 2019. Dos convocados, apenas Geisa Coutinho est\u00e1 no Brasil. Ela garantiu a vaga ao vencer o Open Velocidade, disputado no dia 9 de abril, com 52s50, em Bragan\u00e7a Paulista (SP).<\/p>\n<p>Com a divis\u00e3o, o grupo de atletas seguir\u00e1 para a Pol\u00f4nia de dois destinos. Parte dos convocados viaja de San Diego, nos Estados Unidos, e outra parte embarca no Aeroporto Internacional de S\u00e3o Paulo, em Guarulhos, em data a ser definida.<\/p>\n<p>As novidades na sele\u00e7\u00e3o s\u00e3o a brasiliense Vida Aurora Caetano, campe\u00e3 brasileira sub-20 dos 100m e dos 200m em 2020 no 4 x 100m feminino, o paulista Erik Felipe Cardoso, de 20 anos, no 4 x 100m masculino, e o piauiense Jo\u00e3o Henrique Falc\u00e3o Cabral, no 4 x 400m misto.<\/p>\n<p>\u201cEstamos bem preparados e contentes com os treinos realizados em Chula Vista, que consideramos a nossa casa. Em 2019, fizemos a prepara\u00e7\u00e3o final para o Mundial de Yokohama l\u00e1\u201d, lembrou o t\u00e9cnico Felipe de Siqueira, respons\u00e1vel pela equipe 4 x 100m masculino.<\/p>\n<p>Fonte: Confedera\u00e7\u00e3o Brasileira de Atletismo (CBAt)<\/p>\n","protected":false},"excerpt":{"rendered":"<p>O 4 x 100m feminino tamb\u00e9m participa do Camping como prepara\u00e7\u00e3o para conseguir a vaga ol\u00edmpica na Pol\u00f4nia, j\u00e1 que o Mundial garante vaga em T\u00f3quio para todas as equipes finalistas que completarem a prova. Do grupo convocado, Vitoria Rosa, Ana Carolina Azevedo, Rosangela Santos e Lorraine Martins treinam no Chula Vista Elite Athlete Training [&hellip;]<\/p>\n","protected":false},"author":246,"featured_media":181103,"comment_status":"closed","ping_status":"closed","sticky":false,"template":"","format":"standard","meta":{"footnotes":""},"categories":[257,439],"tags":[],"class_list":["post-181102","post","type-post","status-publish","format-standard","has-post-thumbnail","hentry","category-esporte","category-ultima-hora"],"_links":{"self":[{"href":"https:\/\/diarioregionaldigital.com.br\/index.php?rest_route=\/wp\/v2\/posts\/181102","targetHints":{"allow":["GET"]}}],"collection":[{"href":"https:\/\/diarioregionaldigital.com.br\/index.php?rest_route=\/wp\/v2\/posts"}],"about":[{"href":"https:\/\/diarioregionaldigital.com.br\/index.php?rest_route=\/wp\/v2\/types\/post"}],"author":[{"embeddable":true,"href":"https:\/\/diarioregionaldigital.com.br\/index.php?rest_route=\/wp\/v2\/users\/246"}],"replies":[{"embeddable":true,"href":"https:\/\/diarioregionaldigital.com.br\/index.php?rest_route=%2Fwp%2Fv2%2Fcomments&post=181102"}],"version-history":[{"count":1,"href":"https:\/\/diarioregionaldigital.com.br\/index.php?rest_route=\/wp\/v2\/posts\/181102\/revisions"}],"predecessor-version":[{"id":181104,"href":"https:\/\/diarioregionaldigital.com.br\/index.php?rest_route=\/wp\/v2\/posts\/181102\/revisions\/181104"}],"wp:featuredmedia":[{"embeddable":true,"href":"https:\/\/diarioregionaldigital.com.br\/index.php?rest_route=\/wp\/v2\/media\/181103"}],"wp:attachment":[{"href":"https:\/\/diarioregionaldigital.com.br\/index.php?rest_route=%2Fwp%2Fv2%2Fmedia&parent=181102"}],"wp:term":[{"taxonomy":"category","embeddable":true,"href":"https:\/\/diarioregionaldigital.com.br\/index.php?rest_route=%2Fwp%2Fv2%2Fcategories&post=181102"},{"taxonomy":"post_tag","embeddable":true,"href":"https:\/\/diarioregionaldigital.com.br\/index.php?rest_route=%2Fwp%2Fv2%2Ftags&post=181102"}],"curies":[{"name":"wp","href":"https:\/\/api.w.org\/{rel}","templated":true}]}}