{"id":181099,"date":"2021-04-16T19:21:41","date_gmt":"2021-04-16T22:21:41","guid":{"rendered":"https:\/\/diarioregionaldigital.com.br\/?p=181099"},"modified":"2021-04-16T19:21:41","modified_gmt":"2021-04-16T22:21:41","slug":"conmebol-aumenta-premiacao-da-copa-america-para-10-milhoes-de-dolares","status":"publish","type":"post","link":"https:\/\/diarioregionaldigital.com.br\/?p=181099","title":{"rendered":"Conmebol aumenta premia\u00e7\u00e3o da Copa Am\u00e9rica para 10 milh\u00f5es de d\u00f3lares"},"content":{"rendered":"<p>A Confedera\u00e7\u00e3o Sul-Americana de Futebol (Conmebol) informou nesta sexta-feira (16) que a sele\u00e7\u00e3o que for campe\u00e3 da Copa Am\u00e9rica receber\u00e1 um pr\u00eamio de 10 milh\u00f5es de d\u00f3lares (o equivalente a quase R$ 56 milh\u00f5es), um novo incentivo da organiza\u00e7\u00e3o do torneio previsto para junho na Argentina e na Col\u00f4mbia.<img decoding=\"async\" src=\"https:\/\/agenciabrasil.ebc.com.br\/ebc.png?id=1407055&amp;o=node\" \/><img decoding=\"async\" src=\"https:\/\/agenciabrasil.ebc.com.br\/ebc.gif?id=1407055&amp;o=node\" \/><\/p>\n<p>O conselho da entidade aprovou um aumento de 2,5 milh\u00f5es de d\u00f3lares para o vencedor do trof\u00e9u na tentativa de tornar a competi\u00e7\u00e3o mais atraente, segundo um comunicado oficial. O pr\u00eamio se soma aos outros 4 milh\u00f5es de d\u00f3lares que cada sele\u00e7\u00e3o receber\u00e1 para despesas de prepara\u00e7\u00e3o e log\u00edstica, acrescentou.<\/p>\n<p>A Copa Am\u00e9rica est\u00e1 programada para come\u00e7ar em 13 de junho em Buenos Aires, e a final est\u00e1 prevista para o dia 10 de julho em Barranquilla. O torneio ser\u00e1 disputado em duas sedes pela primeira vez, com a Argentina liderando a zona sul e a Col\u00f4mbia a zona norte.<\/p>\n<p>Austr\u00e1lia e Catar iam participar como convidados, mas se retiraram do campeonato em fevereiro.<\/p>\n<p>A Conmebol anunciou que receber\u00e1 50 mil doses de vacinas contra covid-19 doadas pela fabricante chinesa Sinovac, que utilizar\u00e1 para imunizar os jogadores e garantir a realiza\u00e7\u00e3o do evento.<\/p>\n<p>Mas ontem (16), o presidente argentino, Alberto Fern\u00e1ndez, foi cauteloso, quando pediu \u00e0s autoridades esportivas para &#8220;atuarem com muita aten\u00e7\u00e3o&#8221; e &#8220;verem como as coisas evoluem&#8221; ao falar sobre a organiza\u00e7\u00e3o da Copa em meio a uma disparada de casos de coronav\u00edrus nos pa\u00edses da regi\u00e3o.<\/p>\n<p><span style=\"font-weight: 400;\">Fonte: Ag\u00eancia Brasil<\/span><span style=\"font-weight: 400;\"><br \/>\n<\/span><\/p>\n","protected":false},"excerpt":{"rendered":"<p>A Confedera\u00e7\u00e3o Sul-Americana de Futebol (Conmebol) informou nesta sexta-feira (16) que a sele\u00e7\u00e3o que for campe\u00e3 da Copa Am\u00e9rica receber\u00e1 um pr\u00eamio de 10 milh\u00f5es de d\u00f3lares (o equivalente a quase R$ 56 milh\u00f5es), um novo incentivo da organiza\u00e7\u00e3o do torneio previsto para junho na Argentina e na Col\u00f4mbia. O conselho da entidade aprovou um [&hellip;]<\/p>\n","protected":false},"author":246,"featured_media":181100,"comment_status":"closed","ping_status":"closed","sticky":false,"template":"","format":"standard","meta":{"footnotes":""},"categories":[257,439],"tags":[],"class_list":["post-181099","post","type-post","status-publish","format-standard","has-post-thumbnail","hentry","category-esporte","category-ultima-hora"],"_links":{"self":[{"href":"https:\/\/diarioregionaldigital.com.br\/index.php?rest_route=\/wp\/v2\/posts\/181099","targetHints":{"allow":["GET"]}}],"collection":[{"href":"https:\/\/diarioregionaldigital.com.br\/index.php?rest_route=\/wp\/v2\/posts"}],"about":[{"href":"https:\/\/diarioregionaldigital.com.br\/index.php?rest_route=\/wp\/v2\/types\/post"}],"author":[{"embeddable":true,"href":"https:\/\/diarioregionaldigital.com.br\/index.php?rest_route=\/wp\/v2\/users\/246"}],"replies":[{"embeddable":true,"href":"https:\/\/diarioregionaldigital.com.br\/index.php?rest_route=%2Fwp%2Fv2%2Fcomments&post=181099"}],"version-history":[{"count":1,"href":"https:\/\/diarioregionaldigital.com.br\/index.php?rest_route=\/wp\/v2\/posts\/181099\/revisions"}],"predecessor-version":[{"id":181101,"href":"https:\/\/diarioregionaldigital.com.br\/index.php?rest_route=\/wp\/v2\/posts\/181099\/revisions\/181101"}],"wp:featuredmedia":[{"embeddable":true,"href":"https:\/\/diarioregionaldigital.com.br\/index.php?rest_route=\/wp\/v2\/media\/181100"}],"wp:attachment":[{"href":"https:\/\/diarioregionaldigital.com.br\/index.php?rest_route=%2Fwp%2Fv2%2Fmedia&parent=181099"}],"wp:term":[{"taxonomy":"category","embeddable":true,"href":"https:\/\/diarioregionaldigital.com.br\/index.php?rest_route=%2Fwp%2Fv2%2Fcategories&post=181099"},{"taxonomy":"post_tag","embeddable":true,"href":"https:\/\/diarioregionaldigital.com.br\/index.php?rest_route=%2Fwp%2Fv2%2Ftags&post=181099"}],"curies":[{"name":"wp","href":"https:\/\/api.w.org\/{rel}","templated":true}]}}