{"id":181090,"date":"2021-04-16T19:07:20","date_gmt":"2021-04-16T22:07:20","guid":{"rendered":"https:\/\/diarioregionaldigital.com.br\/?p=181090"},"modified":"2021-04-16T19:07:20","modified_gmt":"2021-04-16T22:07:20","slug":"mais-de-700-mil-doses-de-vacinas-contra-covid-19-chegam-hoje-ao-estado","status":"publish","type":"post","link":"https:\/\/diarioregionaldigital.com.br\/?p=181090","title":{"rendered":"Mais de 700 mil doses de vacinas contra covid-19 chegam hoje, ao estado"},"content":{"rendered":"<p><main class=\"clear margin-md-bottom-3\"><\/p>\n<div class=\"clear \">\n<p>Minas Gerais recebe, nesta sexta-feira\u00a0(16\/4), mais 701.200 doses de vacinas contra a covid-19, previstas para chegar por volta de 18h, na Central da Rede de Frio do estado. Esta \u00e9 a 13\u00aa remessa enviada pelo Minist\u00e9rio da Sa\u00fade, com 426.000 doses da AstraZeneca e 275.200 da Coronavac, para dar prosseguimento \u00e0 maior campanha de imuniza\u00e7\u00e3o da hist\u00f3ria de Minas Gerais.<\/p>\n<p>Esta remessa vai\u00a0proporcionar a distribui\u00e7\u00e3o das doses D2 relativas ao esquema vacinal dos trabalhadores da Sa\u00fade (2,0%) e da popula\u00e7\u00e3o de 65 a 69 anos (23%). Ser\u00e3o distribu\u00eddas, ainda, a dose 1 (D1) para dar continuidade \u00e0 imuniza\u00e7\u00e3o dos grupos de trabalhadores de Sa\u00fade, de pessoas de 65 a 69 anos e dos grupos das For\u00e7as de Seguran\u00e7a e Salvamento e For\u00e7as Armadas. Idosos entre 60 a 64 anos tamb\u00e9m\u00a0est\u00e3o contemplados por este novo lote.<\/p>\n<p>\u201cMinas Gerais segue os crit\u00e9rios determinados pelo Programa Nacional de Imuniza\u00e7\u00f5es, do Minist\u00e9rio da Sa\u00fade. Com base nele, a Secretaria de Estado de Sa\u00fade orienta munic\u00edpios e gestores sobre os p\u00fablicos a serem imunizados em cada etapa, bem como sobre demais aspectos t\u00e9cnicos que envolvem a campanha de vacina\u00e7\u00e3o contra a covid-19\u201d, afirma o secret\u00e1rio de Estado de Sa\u00fade, o m\u00e9dico F\u00e1bio Baccheretti.<\/p>\n<p>A log\u00edstica do envio das doses aos 853 munic\u00edpios est\u00e1 sendo conclu\u00edda e logo ser\u00e1 divulgada.<\/p>\n<p><strong>Doses\u00a0<\/strong><\/p>\n<p>O 13\u00ba lote de 701.200 doses de imunizantes para a popula\u00e7\u00e3o mineira veio de caminh\u00e3o, de S\u00e3o Paulo, diretamente para a Central Estadual da Rede de Frio da\u00a0<a href=\"http:\/\/www.saude.mg.gov.br\/\" target=\"_blank\" rel=\"noopener noreferrer\">Secretaria de Estado de Sa\u00fade (SES-MG)<\/a>. As doses ser\u00e3o encaminhadas \u00e0s 28 Unidades Regionais de Sa\u00fade (URSs) do Estado, e, posteriormente, chegar\u00e3o aos munic\u00edpios, respons\u00e1veis pela execu\u00e7\u00e3o da campanha de imuniza\u00e7\u00e3o.<\/p>\n<p><strong>Acompanhe o quantitativo de cada remessa<\/strong><\/p>\n<p><u>1\u00aa remessa<\/u><\/p>\n<p>577.480 doses da CoronaVac em 18\/1\/2021<\/p>\n<p><u>2\u00aa remessa<\/u><\/p>\n<p>190.500 doses de AstraZeneca em 24\/1\/2021<\/p>\n<p><u>3\u00aa remessa<\/u><\/p>\n<p>87.600 doses da CoronaVac em 25\/1\/2021<\/p>\n<p><u>4\u00aa remessa<\/u><\/p>\n<p>315.600 doses da CoronaVac em 7\/2\/2021<\/p>\n<p><u>5\u00aa remessa<\/u><\/p>\n<p>220.000 doses da AstraZeneca e 137.400 doses da CoronaVac em 23\/2\/2021<\/p>\n<p><u>6\u00aa remessa<\/u><\/p>\n<p>285.200 doses da CoronaVac em 3\/3\/2021<\/p>\n<p><u>7\u00aa remessa<\/u><\/p>\n<p>303.600 doses da CoronaVac em 9\/3\/2021<\/p>\n<p><u>8\u00aa remessa<\/u><\/p>\n<p>509.800 doses de CoronaVac em 17\/3\/2021<\/p>\n<p><u>9\u00aa remessa<\/u><\/p>\n<p>86.750 doses da AstraZeneca e 455.800 doses da CoronaVac em 20\/3\/2021<\/p>\n<p><u>10\u00aa remessa<\/u><\/p>\n<p>116.600 doses de AstraZeneca e 359.000 doses de CoronaVac em 26\/3\/2021<\/p>\n<p><u>11\u00aa remessa<\/u><\/p>\n<p>73.250 doses de AstraZeneca e 943.400 doses de CoronaVac em 1\/4\/2021<\/p>\n<p><u>12\u00aa remessa<\/u><\/p>\n<p>257.750 da AstraZeneca e 220.400 da Coronavac, em 8\/4\/2021<\/p>\n<p><u>13\u00aa remessa<\/u><\/p>\n<p>426.000 da AstraZeneca e 275.200\u00a0da Coronavac, em 16\/4\/2021<\/p>\n<p><strong>Total: 5.841.330 doses<\/strong><\/p>\n<p><span style=\"font-weight: 400;\">Fonte: Ag\u00eancia Minas<\/span><\/p>\n<\/div>\n<p><\/main><\/p>\n","protected":false},"excerpt":{"rendered":"<p>Minas Gerais recebe, nesta sexta-feira\u00a0(16\/4), mais 701.200 doses de vacinas contra a covid-19, previstas para chegar por volta de 18h, na Central da Rede de Frio do estado. Esta \u00e9 a 13\u00aa remessa enviada pelo Minist\u00e9rio da Sa\u00fade, com 426.000 doses da AstraZeneca e 275.200 da Coronavac, para dar prosseguimento \u00e0 maior campanha de imuniza\u00e7\u00e3o [&hellip;]<\/p>\n","protected":false},"author":246,"featured_media":181091,"comment_status":"closed","ping_status":"closed","sticky":false,"template":"","format":"standard","meta":{"footnotes":""},"categories":[436,261,262,439],"tags":[],"class_list":["post-181090","post","type-post","status-publish","format-standard","has-post-thumbnail","hentry","category-destaque-da-semana","category-economia","category-noticias","category-ultima-hora"],"_links":{"self":[{"href":"https:\/\/diarioregionaldigital.com.br\/index.php?rest_route=\/wp\/v2\/posts\/181090","targetHints":{"allow":["GET"]}}],"collection":[{"href":"https:\/\/diarioregionaldigital.com.br\/index.php?rest_route=\/wp\/v2\/posts"}],"about":[{"href":"https:\/\/diarioregionaldigital.com.br\/index.php?rest_route=\/wp\/v2\/types\/post"}],"author":[{"embeddable":true,"href":"https:\/\/diarioregionaldigital.com.br\/index.php?rest_route=\/wp\/v2\/users\/246"}],"replies":[{"embeddable":true,"href":"https:\/\/diarioregionaldigital.com.br\/index.php?rest_route=%2Fwp%2Fv2%2Fcomments&post=181090"}],"version-history":[{"count":1,"href":"https:\/\/diarioregionaldigital.com.br\/index.php?rest_route=\/wp\/v2\/posts\/181090\/revisions"}],"predecessor-version":[{"id":181092,"href":"https:\/\/diarioregionaldigital.com.br\/index.php?rest_route=\/wp\/v2\/posts\/181090\/revisions\/181092"}],"wp:featuredmedia":[{"embeddable":true,"href":"https:\/\/diarioregionaldigital.com.br\/index.php?rest_route=\/wp\/v2\/media\/181091"}],"wp:attachment":[{"href":"https:\/\/diarioregionaldigital.com.br\/index.php?rest_route=%2Fwp%2Fv2%2Fmedia&parent=181090"}],"wp:term":[{"taxonomy":"category","embeddable":true,"href":"https:\/\/diarioregionaldigital.com.br\/index.php?rest_route=%2Fwp%2Fv2%2Fcategories&post=181090"},{"taxonomy":"post_tag","embeddable":true,"href":"https:\/\/diarioregionaldigital.com.br\/index.php?rest_route=%2Fwp%2Fv2%2Ftags&post=181090"}],"curies":[{"name":"wp","href":"https:\/\/api.w.org\/{rel}","templated":true}]}}