{"id":181086,"date":"2021-04-16T19:04:51","date_gmt":"2021-04-16T22:04:51","guid":{"rendered":"https:\/\/diarioregionaldigital.com.br\/?p=181086"},"modified":"2021-04-16T19:04:51","modified_gmt":"2021-04-16T22:04:51","slug":"cpi-da-pandemia-sera-instalada-apos-feriado-anuncia-pacheco","status":"publish","type":"post","link":"https:\/\/diarioregionaldigital.com.br\/?p=181086","title":{"rendered":"CPI da Pandemia ser\u00e1 instalada ap\u00f3s feriado, anuncia Pacheco"},"content":{"rendered":"<p>Em coletiva de imprensa na tarde desta sexta-feira (16), o presidente do Senado, Rodrigo Pacheco, anunciou que a reuni\u00e3o de instala\u00e7\u00e3o da Comiss\u00e3o Parlamentar de Inqu\u00e9rito (CPI) da Pandemia ocorrer\u00e1 ap\u00f3s o feriado de 21 de abril, possivelmente no dia 22 ou no dia 27.<\/p>\n<p>Pacheco informou que a Secretaria-Geral da Mesa do Senado publicar\u00e1 na segunda-feira (19) ato com os procedimentos para a primeira reuni\u00e3o, que ser\u00e1 presencial. Nessa reuni\u00e3o devem ser eleitos o presidente e o vice-presidente da comiss\u00e3o, em escrut\u00ednio secreto. Tamb\u00e9m ser\u00e1 definido o relator da CPI.<\/p>\n<p>O presidente do Senado destacou que o objetivo \u00e9 seguir os mesmo protocolos utilizados na elei\u00e7\u00e3o da Mesa Diretora do Senado. Seriam, ent\u00e3o, oferecidas tr\u00eas urnas para vota\u00e7\u00e3o: uma na sala onde ocorrer a reuni\u00e3o, outra em um corredor pr\u00f3ximo e uma terceira no espa\u00e7o externo ao pr\u00e9dio do Senado.<\/p>\n<p><strong>Presencial x virtual<\/strong><\/p>\n<p>Pacheco voltou a afirmar que, no seu entendimento, o funcionamento de uma comiss\u00e3o parlamentar de inqu\u00e9rito deve ser presencial devido \u00e0 exig\u00eancia de seguran\u00e7a e sigilo para seus atos e encaminhamentos \u2014 como inquiri\u00e7\u00e3o de testemunhas e incomunicabilidade de testemunhas, entre outros. Mas ele ressaltou que a avalia\u00e7\u00e3o e a defini\u00e7\u00e3o desses procedimentos caber\u00e3o aos membros da CPI.<\/p>\n<p>\u2014 E a\u00ed o trabalho da comiss\u00e3o ser\u00e1 definido pela pr\u00f3pria comiss\u00e3o. Dever\u00e1 haver o encaminhamento de um acordo de procedimentos em rela\u00e7\u00e3o \u00e0quilo que necessariamente deve ser feito de forma presencial e \u00e0queles atos que possam ser pass\u00edveis de serem realizados pelo sistema virtual \u2014 declarou ele, observando que &#8220;muitos atos, na sua ess\u00eancia, imp\u00f5em a reuni\u00e3o presencial&#8221;.<\/p>\n<p><strong>Seguran\u00e7a sanit\u00e1ria<br \/>\n<\/strong><br \/>\nPacheco assegurou que, para os atos que tenham de ser realizados presencialmente,\u00a0o Senado garantir\u00e1 todos os protocolos de seguran\u00e7a sanit\u00e1ria.<\/p>\n<p>\u2014 Caber\u00e1 \u00e0 Presid\u00eancia do Senado, \u00e0 Secretaria-Geral da Mesa e \u00e0 Diretoria-Geral do Senado garantir toda a seguran\u00e7a sanit\u00e1ria para o funcionamento da comiss\u00e3o, seja para os senadores e os funcion\u00e1rios do Senado, seja para aqueles que tenham que participar da comiss\u00e3o parlamentar de inqu\u00e9rito como interrogados, como inquiridos ou como expositores \u2014 ressaltou.<\/p>\n<p>Fonte: Ag\u00eancia Senado<\/p>\n","protected":false},"excerpt":{"rendered":"<p>Em coletiva de imprensa na tarde desta sexta-feira (16), o presidente do Senado, Rodrigo Pacheco, anunciou que a reuni\u00e3o de instala\u00e7\u00e3o da Comiss\u00e3o Parlamentar de Inqu\u00e9rito (CPI) da Pandemia ocorrer\u00e1 ap\u00f3s o feriado de 21 de abril, possivelmente no dia 22 ou no dia 27. Pacheco informou que a Secretaria-Geral da Mesa do Senado publicar\u00e1 [&hellip;]<\/p>\n","protected":false},"author":246,"featured_media":181087,"comment_status":"closed","ping_status":"closed","sticky":false,"template":"","format":"standard","meta":{"footnotes":""},"categories":[440,261,262,439],"tags":[],"class_list":["post-181086","post","type-post","status-publish","format-standard","has-post-thumbnail","hentry","category-destaques-do-dia","category-economia","category-noticias","category-ultima-hora"],"_links":{"self":[{"href":"https:\/\/diarioregionaldigital.com.br\/index.php?rest_route=\/wp\/v2\/posts\/181086","targetHints":{"allow":["GET"]}}],"collection":[{"href":"https:\/\/diarioregionaldigital.com.br\/index.php?rest_route=\/wp\/v2\/posts"}],"about":[{"href":"https:\/\/diarioregionaldigital.com.br\/index.php?rest_route=\/wp\/v2\/types\/post"}],"author":[{"embeddable":true,"href":"https:\/\/diarioregionaldigital.com.br\/index.php?rest_route=\/wp\/v2\/users\/246"}],"replies":[{"embeddable":true,"href":"https:\/\/diarioregionaldigital.com.br\/index.php?rest_route=%2Fwp%2Fv2%2Fcomments&post=181086"}],"version-history":[{"count":2,"href":"https:\/\/diarioregionaldigital.com.br\/index.php?rest_route=\/wp\/v2\/posts\/181086\/revisions"}],"predecessor-version":[{"id":181089,"href":"https:\/\/diarioregionaldigital.com.br\/index.php?rest_route=\/wp\/v2\/posts\/181086\/revisions\/181089"}],"wp:featuredmedia":[{"embeddable":true,"href":"https:\/\/diarioregionaldigital.com.br\/index.php?rest_route=\/wp\/v2\/media\/181087"}],"wp:attachment":[{"href":"https:\/\/diarioregionaldigital.com.br\/index.php?rest_route=%2Fwp%2Fv2%2Fmedia&parent=181086"}],"wp:term":[{"taxonomy":"category","embeddable":true,"href":"https:\/\/diarioregionaldigital.com.br\/index.php?rest_route=%2Fwp%2Fv2%2Fcategories&post=181086"},{"taxonomy":"post_tag","embeddable":true,"href":"https:\/\/diarioregionaldigital.com.br\/index.php?rest_route=%2Fwp%2Fv2%2Ftags&post=181086"}],"curies":[{"name":"wp","href":"https:\/\/api.w.org\/{rel}","templated":true}]}}