{"id":181082,"date":"2021-04-16T18:51:51","date_gmt":"2021-04-16T21:51:51","guid":{"rendered":"https:\/\/diarioregionaldigital.com.br\/?p=181082"},"modified":"2021-04-16T18:51:51","modified_gmt":"2021-04-16T21:51:51","slug":"caixa-antecipa-em-15-dias-calendario-de-saques-do-auxilio-emergencial","status":"publish","type":"post","link":"https:\/\/diarioregionaldigital.com.br\/?p=181082","title":{"rendered":"Caixa antecipa em 15 dias calend\u00e1rio de saques do aux\u00edlio emergencial"},"content":{"rendered":"<p>A Caixa Econ\u00f4mica Federal vai antecipar os saques do aux\u00edlio emergencial em pelo menos duas semanas \u2013 as primeiras retiradas poder\u00e3o ser feitas ainda este m\u00eas, no dia\u00a030 de abril. A informa\u00e7\u00e3o foi dada pelo presidente do banco, Pedro Guimar\u00e3es, durante a\u00a0<em>live<\/em>\u00a0semanal do presidente Jair Bolsonaro, transmitida pelas redes sociais na noite desta\u00a0quinta-feira (15). A decis\u00e3o foi tomada ap\u00f3s reuni\u00e3o de Guimar\u00e3es com o ministro da Cidadania, Jo\u00e3o Roma.\u00a0 \u00a0<img decoding=\"async\" src=\"https:\/\/agenciabrasil.ebc.com.br\/ebc.png?id=1406965&amp;o=node\" \/><img decoding=\"async\" src=\"https:\/\/agenciabrasil.ebc.com.br\/ebc.gif?id=1406965&amp;o=node\" \/><\/p>\n<p>&#8220;J\u00e1 neste m\u00eas, dia\u00a030 de abril, a gente come\u00e7a a realizar tamb\u00e9m o pagamento, permitir o saque nas lot\u00e9ricas e nos ATMs [caixas autom\u00e1ticos]. Antecipamos ao redor de 15 dias porque n\u00f3s percebemos que conseguimos realizar o pagamento com seguran\u00e7a, seja do ponto de vista do Caixa TEM operacional como do ponto de vista da minimiza\u00e7\u00e3o das filas&#8221;, disse Guimar\u00e3es.<\/p>\n<p>A primeira parcela do aux\u00edlio, que come\u00e7ou a ser paga no dia\u00a06 de abril, para nascidos em janeiro, vem sendo depositada nas contas poupan\u00e7a digitais e pode ser movimentada pelo aplicativo Caixa TEM. Antes do novo calend\u00e1rio, a possibilidade de saque e transfer\u00eancias da primeira parcela estava prevista para come\u00e7ar somente em meados\u00a0de maio. A atualiza\u00e7\u00e3o do calend\u00e1rio j\u00e1 est\u00e1 dispon\u00edvel no\u00a0<em><a href=\"https:\/\/auxilio.caixa.gov.br\/#\/calendario\" target=\"_blank\" rel=\"noopener\">site<\/a><\/em>\u00a0do programa. Amanh\u00e3 (16), \u00e0s 15h, est\u00e1 prevista uma transmiss\u00e3o ao vivo com o presidente da Caixa para detalhar o novo calend\u00e1rio.<\/p>\n<p>Ao comentar o pagamento do benef\u00edcio, o presidente Jair Bolsonaro reconheceu que o valor da nova rodada do aux\u00edlio, com m\u00e9dia de R$ 250 por fam\u00edlia, \u00e9 pequeno. Segundo ele, \u00e9 o que foi poss\u00edvel garantir para n\u00e3o piorar o endividamento do pa\u00eds. O presidente tamb\u00e9m voltou a criticar os governadores pela ado\u00e7\u00e3o de medidas de restri\u00e7\u00e3o de circula\u00e7\u00e3o para conter o avan\u00e7o da pandemia e pediu que as pessoas cobrem deles uma complementa\u00e7\u00e3o do aux\u00edlio.<\/p>\n<p>&#8220;Sabemos que o aux\u00edlio emergencial \u00e9 um valor pequeno, mas \u00e9 o que podemos conceder no momento. Quem tirou seu emprego, antes que voc\u00ea reclame de mim, foi o seu governador, fechando tudo, te obrigando a ficar em casa, destruindo milh\u00f5es de empregos pelo Brasil. Ent\u00e3o, quem achar que \u00e9 pouco, eu acho que \u00e9 pouco, faz uma press\u00e3o a\u00ed em cima do seu governador, j\u00e1 que ele fechou tudo e fez saldo de caixa no ano passado. Ele pode complementar esse aux\u00edlio emergencial para voc\u00eas&#8221;, afirmou.<\/p>\n<p>Ao todo, 45,6 milh\u00f5es de brasileiros ser\u00e3o beneficiados pela nova rodada do aux\u00edlio emergencial. O aux\u00edlio ser\u00e1 pago apenas a quem recebia o benef\u00edcio em dezembro de 2020. Tamb\u00e9m \u00e9 necess\u00e1rio cumprir outros requisitos para\u00a0ter\u00a0direito \u00e0 nova rodada (acesse abaixo link do guia de perguntas e respostas).<\/p>\n<p>Para os benefici\u00e1rios do Bolsa Fam\u00edlia, o pagamento ocorre de forma distinta. Os inscritos podem sacar diretamente o dinheiro nos dez \u00faltimos dias \u00fateis de cada m\u00eas, com base no d\u00edgito final do N\u00famero de Inscri\u00e7\u00e3o Social (NIS). O aux\u00edlio emergencial somente ser\u00e1 pago quando o valor for superior ao benef\u00edcio do programa social.<\/p>\n<p>A\u00a0<strong>Ag\u00eancia Brasil<\/strong>\u00a0elaborou um\u00a0<a href=\"https:\/\/agenciabrasil.ebc.com.br\/economia\/noticia\/2021-04\/agencia-brasil-explica-nova-rodada-do-auxilio-emergencial\" target=\"_blank\" rel=\"noopener\">guia<\/a>\u00a0de perguntas e respostas\u00a0sobre o aux\u00edlio emergencial. Entre as d\u00favidas que o benefici\u00e1rio pode tirar est\u00e3o os crit\u00e9rios para receber o benef\u00edcio, a regulariza\u00e7\u00e3o do CPF e os crit\u00e9rios de desempate dentro da mesma fam\u00edlia para\u00a0ter\u00a0acesso ao aux\u00edlio.<\/p>\n<p><span style=\"font-weight: 400;\">Fonte: Ag\u00eancia Brasil\u00a0<\/span><span style=\"font-weight: 400;\"><br \/>\n<\/span><\/p>\n","protected":false},"excerpt":{"rendered":"<p>A Caixa Econ\u00f4mica Federal vai antecipar os saques do aux\u00edlio emergencial em pelo menos duas semanas \u2013 as primeiras retiradas poder\u00e3o ser feitas ainda este m\u00eas, no dia\u00a030 de abril. A informa\u00e7\u00e3o foi dada pelo presidente do banco, Pedro Guimar\u00e3es, durante a\u00a0live\u00a0semanal do presidente Jair Bolsonaro, transmitida pelas redes sociais na noite desta\u00a0quinta-feira (15). A [&hellip;]<\/p>\n","protected":false},"author":246,"featured_media":181083,"comment_status":"closed","ping_status":"closed","sticky":false,"template":"","format":"standard","meta":{"footnotes":""},"categories":[436,261,262,439],"tags":[],"class_list":["post-181082","post","type-post","status-publish","format-standard","has-post-thumbnail","hentry","category-destaque-da-semana","category-economia","category-noticias","category-ultima-hora"],"_links":{"self":[{"href":"https:\/\/diarioregionaldigital.com.br\/index.php?rest_route=\/wp\/v2\/posts\/181082","targetHints":{"allow":["GET"]}}],"collection":[{"href":"https:\/\/diarioregionaldigital.com.br\/index.php?rest_route=\/wp\/v2\/posts"}],"about":[{"href":"https:\/\/diarioregionaldigital.com.br\/index.php?rest_route=\/wp\/v2\/types\/post"}],"author":[{"embeddable":true,"href":"https:\/\/diarioregionaldigital.com.br\/index.php?rest_route=\/wp\/v2\/users\/246"}],"replies":[{"embeddable":true,"href":"https:\/\/diarioregionaldigital.com.br\/index.php?rest_route=%2Fwp%2Fv2%2Fcomments&post=181082"}],"version-history":[{"count":1,"href":"https:\/\/diarioregionaldigital.com.br\/index.php?rest_route=\/wp\/v2\/posts\/181082\/revisions"}],"predecessor-version":[{"id":181084,"href":"https:\/\/diarioregionaldigital.com.br\/index.php?rest_route=\/wp\/v2\/posts\/181082\/revisions\/181084"}],"wp:featuredmedia":[{"embeddable":true,"href":"https:\/\/diarioregionaldigital.com.br\/index.php?rest_route=\/wp\/v2\/media\/181083"}],"wp:attachment":[{"href":"https:\/\/diarioregionaldigital.com.br\/index.php?rest_route=%2Fwp%2Fv2%2Fmedia&parent=181082"}],"wp:term":[{"taxonomy":"category","embeddable":true,"href":"https:\/\/diarioregionaldigital.com.br\/index.php?rest_route=%2Fwp%2Fv2%2Fcategories&post=181082"},{"taxonomy":"post_tag","embeddable":true,"href":"https:\/\/diarioregionaldigital.com.br\/index.php?rest_route=%2Fwp%2Fv2%2Ftags&post=181082"}],"curies":[{"name":"wp","href":"https:\/\/api.w.org\/{rel}","templated":true}]}}