{"id":181057,"date":"2021-04-16T06:00:32","date_gmt":"2021-04-16T09:00:32","guid":{"rendered":"https:\/\/diarioregionaldigital.com.br\/?p=181057"},"modified":"2021-04-16T01:46:16","modified_gmt":"2021-04-16T04:46:16","slug":"aniversariando","status":"publish","type":"post","link":"https:\/\/diarioregionaldigital.com.br\/?p=181057","title":{"rendered":"Aniversariando"},"content":{"rendered":"<p style=\"text-align: center;\"><strong>Sem op\u00e7\u00e3o de parar<\/strong><\/p>\n<p style=\"text-align: center;\">O colapso na sa\u00fade publica est\u00e1 levando profissionais da sa\u00fade \u00e0 exaust\u00e3o. Os profissionais est\u00e3o no limite e n\u00e3o tem a op\u00e7\u00e3o de parar. N\u00e3o h\u00e1 outra sa\u00edda durante a epidemia sen\u00e3o insistir no isolamento, diminuir o n\u00famero de casos e sobrecarga no sistema de sa\u00fade. N\u00e3o tem alternativa.<\/p>\n<p style=\"text-align: center;\"><strong>Aniversariando<\/strong><\/p>\n<p style=\"text-align: center;\">A Associa\u00e7\u00e3o Alem\u00e3 do Borboleta agora faz parte da comiss\u00e3o nacional do Projeto Rumo aos 200 anos \u2013 bicenten\u00e1rio da Imigra\u00e7\u00e3o Alem\u00e3 no Brasil\/2024. Muito entusiasmado, o presidente S\u00e1lvio Del Duca est\u00e1 planejando os desdobramentos do projeto na cidade, aproveitando tudo que os imigrantes tem em v\u00e1rios setores de atua\u00e7\u00e3o.<\/p>\n<p style=\"text-align: center;\"><strong>For\u00e7a das Matas<\/strong><\/p>\n<p style=\"text-align: center;\">M\u00e3e Colina de Xang\u00f4 abriu seu livro de recitas e colaborou com a coluna em tempos de pandemia com receitas para trazer energias positivas. Ingredientes: 1 colher de lavanda , 1 colher de alecrim, 1 litro de \u00e1lcool, 1\u00ba modo de fazer: Coloque as ervas dentro da garrafa de \u00e1lcool e guarda por tr\u00eas dias. Em seguida, transfira o l\u00edquido para um borrifador. Borrife pela casa ou pelo local de trabalho. Procure evitar roupas pretas ou escuras e devolva os res\u00edduos das ervas \u00e0 natureza, como adubo.<\/p>\n<p style=\"text-align: center;\"><strong>Santo Guerreiro<\/strong><\/p>\n<p style=\"text-align: center;\">O fot\u00f3grafo C\u00e9sar Fraga realizou uma riqu\u00edssima expedi\u00e7\u00e3o a Israel, Turquia, Portugal, Nig\u00e9ria e Brasil, refazendo os passos de S\u00e3o Jorge no Oriente M\u00e9dio e Europa. O resultado \u00e9 um lindo livro de arte.<\/p>\n<div id=\"attachment_181044\" style=\"width: 690px\" class=\"wp-caption aligncenter\"><img loading=\"lazy\" decoding=\"async\" aria-describedby=\"caption-attachment-181044\" class=\"wp-image-181044\" src=\"https:\/\/diarioregionaldigital.com.br\/wp-content\/uploads\/2021\/04\/fotoa-9-e1618547145411.jpg\" alt=\"\" width=\"680\" height=\"520\" srcset=\"https:\/\/diarioregionaldigital.com.br\/wp-content\/uploads\/2021\/04\/fotoa-9-e1618547145411.jpg 524w, https:\/\/diarioregionaldigital.com.br\/wp-content\/uploads\/2021\/04\/fotoa-9-e1618547145411-300x230.jpg 300w, https:\/\/diarioregionaldigital.com.br\/wp-content\/uploads\/2021\/04\/fotoa-9-e1618547145411-360x275.jpg 360w\" sizes=\"auto, (max-width: 680px) 100vw, 680px\" \/><p id=\"caption-attachment-181044\" class=\"wp-caption-text\">Em Itaipava (RJ), a eleg\u00e2ncia da querida Therezinha Inham de Oliveira, no auge de seus 92 anos<\/p><\/div>\n<div id=\"attachment_181045\" style=\"width: 690px\" class=\"wp-caption aligncenter\"><img loading=\"lazy\" decoding=\"async\" aria-describedby=\"caption-attachment-181045\" class=\"wp-image-181045\" src=\"https:\/\/diarioregionaldigital.com.br\/wp-content\/uploads\/2021\/04\/fotob-8-e1618547167429.jpg\" alt=\"\" width=\"680\" height=\"492\" srcset=\"https:\/\/diarioregionaldigital.com.br\/wp-content\/uploads\/2021\/04\/fotob-8-e1618547167429.jpg 711w, https:\/\/diarioregionaldigital.com.br\/wp-content\/uploads\/2021\/04\/fotob-8-e1618547167429-300x217.jpg 300w, https:\/\/diarioregionaldigital.com.br\/wp-content\/uploads\/2021\/04\/fotob-8-e1618547167429-360x260.jpg 360w\" sizes=\"auto, (max-width: 680px) 100vw, 680px\" \/><p id=\"caption-attachment-181045\" class=\"wp-caption-text\">As translum-brantes Mait\u00ea Saint-Clair e Jaqueline Laurent, antes da pandemia<\/p><\/div>\n<div id=\"attachment_181046\" style=\"width: 690px\" class=\"wp-caption aligncenter\"><img loading=\"lazy\" decoding=\"async\" aria-describedby=\"caption-attachment-181046\" class=\"wp-image-181046\" src=\"https:\/\/diarioregionaldigital.com.br\/wp-content\/uploads\/2021\/04\/fotoc-10-e1618547341976.jpg\" alt=\"\" width=\"680\" height=\"486\" srcset=\"https:\/\/diarioregionaldigital.com.br\/wp-content\/uploads\/2021\/04\/fotoc-10-e1618547341976.jpg 1070w, https:\/\/diarioregionaldigital.com.br\/wp-content\/uploads\/2021\/04\/fotoc-10-e1618547341976-300x214.jpg 300w, https:\/\/diarioregionaldigital.com.br\/wp-content\/uploads\/2021\/04\/fotoc-10-e1618547341976-1024x731.jpg 1024w, https:\/\/diarioregionaldigital.com.br\/wp-content\/uploads\/2021\/04\/fotoc-10-e1618547341976-768x548.jpg 768w, https:\/\/diarioregionaldigital.com.br\/wp-content\/uploads\/2021\/04\/fotoc-10-e1618547341976-360x257.jpg 360w, https:\/\/diarioregionaldigital.com.br\/wp-content\/uploads\/2021\/04\/fotoc-10-e1618547341976-100x70.jpg 100w\" sizes=\"auto, (max-width: 680px) 100vw, 680px\" \/><p id=\"caption-attachment-181046\" class=\"wp-caption-text\">Amigos em sintonia no Cal\u00e7ad\u00e3o da rua Halfeld, esperando o trio el\u00e9trico passar, Jorge Modesto e Thiago Izzidoro<\/p><\/div>\n<div id=\"attachment_181048\" style=\"width: 690px\" class=\"wp-caption aligncenter\"><img loading=\"lazy\" decoding=\"async\" aria-describedby=\"caption-attachment-181048\" class=\"wp-image-181048\" src=\"https:\/\/diarioregionaldigital.com.br\/wp-content\/uploads\/2021\/04\/fotoe-9-e1618547391947.jpg\" alt=\"\" width=\"680\" height=\"474\" srcset=\"https:\/\/diarioregionaldigital.com.br\/wp-content\/uploads\/2021\/04\/fotoe-9-e1618547391947.jpg 1080w, https:\/\/diarioregionaldigital.com.br\/wp-content\/uploads\/2021\/04\/fotoe-9-e1618547391947-300x210.jpg 300w, https:\/\/diarioregionaldigital.com.br\/wp-content\/uploads\/2021\/04\/fotoe-9-e1618547391947-1024x714.jpg 1024w, https:\/\/diarioregionaldigital.com.br\/wp-content\/uploads\/2021\/04\/fotoe-9-e1618547391947-768x535.jpg 768w, https:\/\/diarioregionaldigital.com.br\/wp-content\/uploads\/2021\/04\/fotoe-9-e1618547391947-360x251.jpg 360w, https:\/\/diarioregionaldigital.com.br\/wp-content\/uploads\/2021\/04\/fotoe-9-e1618547391947-100x70.jpg 100w\" sizes=\"auto, (max-width: 680px) 100vw, 680px\" \/><p id=\"caption-attachment-181048\" class=\"wp-caption-text\">A querida Silea de Souza paparicada pelo filho Suca de Souza no Bom Pastor<\/p><\/div>\n<div id=\"attachment_181049\" style=\"width: 690px\" class=\"wp-caption aligncenter\"><img loading=\"lazy\" decoding=\"async\" aria-describedby=\"caption-attachment-181049\" class=\"wp-image-181049\" src=\"https:\/\/diarioregionaldigital.com.br\/wp-content\/uploads\/2021\/04\/fotof-8-e1618547421874.jpg\" alt=\"\" width=\"680\" height=\"488\" srcset=\"https:\/\/diarioregionaldigital.com.br\/wp-content\/uploads\/2021\/04\/fotof-8-e1618547421874.jpg 870w, https:\/\/diarioregionaldigital.com.br\/wp-content\/uploads\/2021\/04\/fotof-8-e1618547421874-300x215.jpg 300w, https:\/\/diarioregionaldigital.com.br\/wp-content\/uploads\/2021\/04\/fotof-8-e1618547421874-768x551.jpg 768w, https:\/\/diarioregionaldigital.com.br\/wp-content\/uploads\/2021\/04\/fotof-8-e1618547421874-360x258.jpg 360w\" sizes=\"auto, (max-width: 680px) 100vw, 680px\" \/><p id=\"caption-attachment-181049\" class=\"wp-caption-text\">Mulheres elegantes que fazem filantropia S\u00f4nia Parma e Ros\u00e2ngela Marques<\/p><\/div>\n<div id=\"attachment_181050\" style=\"width: 690px\" class=\"wp-caption aligncenter\"><img loading=\"lazy\" decoding=\"async\" aria-describedby=\"caption-attachment-181050\" class=\"wp-image-181050\" src=\"https:\/\/diarioregionaldigital.com.br\/wp-content\/uploads\/2021\/04\/fotog-8-e1618547449559.jpg\" alt=\"\" width=\"680\" height=\"474\" srcset=\"https:\/\/diarioregionaldigital.com.br\/wp-content\/uploads\/2021\/04\/fotog-8-e1618547449559.jpg 718w, https:\/\/diarioregionaldigital.com.br\/wp-content\/uploads\/2021\/04\/fotog-8-e1618547449559-300x210.jpg 300w, https:\/\/diarioregionaldigital.com.br\/wp-content\/uploads\/2021\/04\/fotog-8-e1618547449559-360x251.jpg 360w, https:\/\/diarioregionaldigital.com.br\/wp-content\/uploads\/2021\/04\/fotog-8-e1618547449559-100x70.jpg 100w\" sizes=\"auto, (max-width: 680px) 100vw, 680px\" \/><p id=\"caption-attachment-181050\" class=\"wp-caption-text\">No Bair\u00fa, os queridos Silvana Paiva Pinto, Florinha Carmo (aniversariando) e Bruno Jonhson<\/p><\/div>\n<div id=\"attachment_181051\" style=\"width: 690px\" class=\"wp-caption aligncenter\"><img loading=\"lazy\" decoding=\"async\" aria-describedby=\"caption-attachment-181051\" class=\"wp-image-181051\" src=\"https:\/\/diarioregionaldigital.com.br\/wp-content\/uploads\/2021\/04\/fotoh-8-e1618547471632.jpg\" alt=\"\" width=\"680\" height=\"489\" srcset=\"https:\/\/diarioregionaldigital.com.br\/wp-content\/uploads\/2021\/04\/fotoh-8-e1618547471632.jpg 512w, https:\/\/diarioregionaldigital.com.br\/wp-content\/uploads\/2021\/04\/fotoh-8-e1618547471632-300x216.jpg 300w, https:\/\/diarioregionaldigital.com.br\/wp-content\/uploads\/2021\/04\/fotoh-8-e1618547471632-360x259.jpg 360w\" sizes=\"auto, (max-width: 680px) 100vw, 680px\" \/><p id=\"caption-attachment-181051\" class=\"wp-caption-text\">Antes da pandemia no Espa\u00e7o \u00danico: Isadora Rossignoli e Ulisses Souza<\/p><\/div>\n<div id=\"attachment_181047\" style=\"width: 690px\" class=\"wp-caption aligncenter\"><img loading=\"lazy\" decoding=\"async\" aria-describedby=\"caption-attachment-181047\" class=\"wp-image-181047\" src=\"https:\/\/diarioregionaldigital.com.br\/wp-content\/uploads\/2021\/04\/fotod-8-e1618547361396.jpg\" alt=\"\" width=\"680\" height=\"474\" srcset=\"https:\/\/diarioregionaldigital.com.br\/wp-content\/uploads\/2021\/04\/fotod-8-e1618547361396.jpg 916w, https:\/\/diarioregionaldigital.com.br\/wp-content\/uploads\/2021\/04\/fotod-8-e1618547361396-300x210.jpg 300w, https:\/\/diarioregionaldigital.com.br\/wp-content\/uploads\/2021\/04\/fotod-8-e1618547361396-768x535.jpg 768w, https:\/\/diarioregionaldigital.com.br\/wp-content\/uploads\/2021\/04\/fotod-8-e1618547361396-360x251.jpg 360w, https:\/\/diarioregionaldigital.com.br\/wp-content\/uploads\/2021\/04\/fotod-8-e1618547361396-100x70.jpg 100w\" sizes=\"auto, (max-width: 680px) 100vw, 680px\" \/><p id=\"caption-attachment-181047\" class=\"wp-caption-text\">Em contagem regressiva para a comemora\u00e7\u00e3o dos 64 anos do Bar do Futrica: Rondinelly, Samir, Sidney e Jo\u00e3o Batista<\/p><\/div>\n<p style=\"text-align: center;\"><strong>FOTOSS\u00cdNTESE<\/strong><\/p>\n<p>Por 9 a 2 votos, o Supremo d\u00e1 aval para que cidades e estados pro\u00edbam cultos e missas. Este colunista apoia a f\u00e9 no isolamento e contra total a qualquer tipo de aglomera\u00e7\u00e3o.<\/p>\n<p>A C\u00e2mara Municipal de Juiz de Fora foi cen\u00e1rio para que quase 90 c\u00e2maras da regi\u00e3o participassem de um encontro virtual para discutir em conjunto, as politicas p\u00fablicas.<\/p>\n<p>Voc\u00ea sabia? Com o agravamento da pandemia no come\u00e7o do ano letivo, materiais impressos deixaram de ser entregues pelas escolas municipais. O ensino remoto \u00e9 feito por meio de plataformas digitais.<\/p>\n<p>Com presen\u00e7a de Ciro Gomes e Luciano Huck, o Brazil Conference at Harvard &amp; Mit 2021 foi um sucesso s\u00f3.<\/p>\n<p>A Superintend\u00eancia de Seguros privados encerrou a fiscaliza\u00e7\u00e3o especial que mantinha no IRB Brasil RE.<\/p>\n<p>Em boa hora a Ambra usou como refer\u00eancia a rotat\u00f3ria do Aeroporto para arrecadar alimentos no sistema drive-thru. A a\u00e7\u00e3o beneficiou 120 fam\u00edlias em extrema vulnerabilidade social, assistidas pela Aban.<\/p>\n<p>O jovem empres\u00e1rio Fernando Reis inaugurou o Posto Nassau no Bahamas Mix Salvaterra, que agora passa a integrar a rede Petrobras.<\/p>\n<p>Segredinhos Culin\u00e1rios: segundo o multi chef Pablo Oazen nunca coloque batata palha de saquinho nas receitas e passas s\u00f3 no panetone.<br \/>\nLocalizada em S\u00e3o Mateus, a Steak House El Toro chegou chegando e inicialmente s\u00f3 funcionando pelo Ifood.<\/p>\n<p>Toque s\u00fatil: \u201cA melhor coisa \u00e9 ningu\u00e9m saber o que est\u00e1 acontecendo na sua vida, deixa acharem que sabem. Esteja OFF do desgaste e ON pra cuidar de t\u00ed\u201d. (Alex Mofaia). Bom dia.<\/p>\n<p><img loading=\"lazy\" decoding=\"async\" class=\"aligncenter size-full wp-image-181052\" src=\"https:\/\/diarioregionaldigital.com.br\/wp-content\/uploads\/2021\/04\/anuncio65-scaled.jpg\" alt=\"\" width=\"2560\" height=\"998\" srcset=\"https:\/\/diarioregionaldigital.com.br\/wp-content\/uploads\/2021\/04\/anuncio65-scaled.jpg 2560w, https:\/\/diarioregionaldigital.com.br\/wp-content\/uploads\/2021\/04\/anuncio65-300x117.jpg 300w, https:\/\/diarioregionaldigital.com.br\/wp-content\/uploads\/2021\/04\/anuncio65-1024x399.jpg 1024w, https:\/\/diarioregionaldigital.com.br\/wp-content\/uploads\/2021\/04\/anuncio65-768x299.jpg 768w, https:\/\/diarioregionaldigital.com.br\/wp-content\/uploads\/2021\/04\/anuncio65-1536x599.jpg 1536w, https:\/\/diarioregionaldigital.com.br\/wp-content\/uploads\/2021\/04\/anuncio65-2048x798.jpg 2048w, https:\/\/diarioregionaldigital.com.br\/wp-content\/uploads\/2021\/04\/anuncio65-360x140.jpg 360w\" sizes=\"auto, (max-width: 2560px) 100vw, 2560px\" \/><\/p>\n","protected":false},"excerpt":{"rendered":"<p>Sem op\u00e7\u00e3o de parar O colapso na sa\u00fade publica est\u00e1 levando profissionais da sa\u00fade \u00e0 exaust\u00e3o. Os profissionais est\u00e3o no limite e n\u00e3o tem a op\u00e7\u00e3o de parar. N\u00e3o h\u00e1 outra sa\u00edda durante a epidemia sen\u00e3o insistir no isolamento, diminuir o n\u00famero de casos e sobrecarga no sistema de sa\u00fade. N\u00e3o tem alternativa. Aniversariando A [&hellip;]<\/p>\n","protected":false},"author":253,"featured_media":181044,"comment_status":"closed","ping_status":"closed","sticky":false,"template":"","format":"standard","meta":{"footnotes":""},"categories":[264],"tags":[],"class_list":["post-181057","post","type-post","status-publish","format-standard","has-post-thumbnail","hentry","category-eduardo-gomes"],"_links":{"self":[{"href":"https:\/\/diarioregionaldigital.com.br\/index.php?rest_route=\/wp\/v2\/posts\/181057","targetHints":{"allow":["GET"]}}],"collection":[{"href":"https:\/\/diarioregionaldigital.com.br\/index.php?rest_route=\/wp\/v2\/posts"}],"about":[{"href":"https:\/\/diarioregionaldigital.com.br\/index.php?rest_route=\/wp\/v2\/types\/post"}],"author":[{"embeddable":true,"href":"https:\/\/diarioregionaldigital.com.br\/index.php?rest_route=\/wp\/v2\/users\/253"}],"replies":[{"embeddable":true,"href":"https:\/\/diarioregionaldigital.com.br\/index.php?rest_route=%2Fwp%2Fv2%2Fcomments&post=181057"}],"version-history":[{"count":1,"href":"https:\/\/diarioregionaldigital.com.br\/index.php?rest_route=\/wp\/v2\/posts\/181057\/revisions"}],"predecessor-version":[{"id":181058,"href":"https:\/\/diarioregionaldigital.com.br\/index.php?rest_route=\/wp\/v2\/posts\/181057\/revisions\/181058"}],"wp:featuredmedia":[{"embeddable":true,"href":"https:\/\/diarioregionaldigital.com.br\/index.php?rest_route=\/wp\/v2\/media\/181044"}],"wp:attachment":[{"href":"https:\/\/diarioregionaldigital.com.br\/index.php?rest_route=%2Fwp%2Fv2%2Fmedia&parent=181057"}],"wp:term":[{"taxonomy":"category","embeddable":true,"href":"https:\/\/diarioregionaldigital.com.br\/index.php?rest_route=%2Fwp%2Fv2%2Fcategories&post=181057"},{"taxonomy":"post_tag","embeddable":true,"href":"https:\/\/diarioregionaldigital.com.br\/index.php?rest_route=%2Fwp%2Fv2%2Ftags&post=181057"}],"curies":[{"name":"wp","href":"https:\/\/api.w.org\/{rel}","templated":true}]}}