{"id":181023,"date":"2021-04-15T19:32:26","date_gmt":"2021-04-15T22:32:26","guid":{"rendered":"https:\/\/diarioregionaldigital.com.br\/?p=181023"},"modified":"2021-04-15T23:14:13","modified_gmt":"2021-04-16T02:14:13","slug":"camara-municipal-recebe-primeiro-plano-municipal-de-seguranca","status":"publish","type":"post","link":"https:\/\/diarioregionaldigital.com.br\/?p=181023","title":{"rendered":"C\u00e2mara Municipal recebe primeiro Plano Municipal de Seguran\u00e7a"},"content":{"rendered":"<p>Na manh\u00e3 desta quinta-feira, 15, A Secretaria de Seguran\u00e7a Urbana e Cidadania (Sesuc) da Prefeitura de Juiz de Fora (PJF) entregou ao presidente da C\u00e2mara Municipal de Juiz de Fora, o vereador Juraci Scheffer, uma mensagem vinda do Executivo sobre o projeto de lei para cria\u00e7\u00e3o do primeiro Plano Municipal de Seguran\u00e7a de Juiz de Fora. Na entrega estiveram presentes o secret\u00e1rio de Seguran\u00e7a, Fernando Tadeu David; o comandante da Guarda Municipal, Leandro Lisboa, a assessora de gabinete da Sesuc, Let\u00edcia Paiva Delgado e assessores do legislativo.<\/p>\n<p>A conquista do Plano Municipal de Seguran\u00e7a est\u00e1 alinhada ao programa de governo da atual administra\u00e7\u00e3o, e \u00e9 uma uni\u00e3o do Poder p\u00fablico junto com a sociedade civil para que haja intensas discuss\u00f5es com a sociedade, sendo assim, legitimado pela participa\u00e7\u00e3o popular, um dos pilares deste governo.<\/p>\n<p>O Conselho Municipal de Seguran\u00e7a Urbana e Cidadania (Comsuc) se dedicou, ao longo do \u00faltimo ano, \u00e0 constru\u00e7\u00e3o da proposta para chegar ao documento final. Resultante das demandas da comunidade, apontadas em 27 delibera\u00e7\u00f5es na 1\u00aa Confer\u00eancia Municipal de Seguran\u00e7a Urbana e Cidadania, realizada em agosto de 2019, ele tra\u00e7a as diretrizes da pol\u00edtica municipal de seguran\u00e7a p\u00fablica pelos pr\u00f3ximos dez anos (2021\/2031), segundo informa\u00e7\u00f5es que constam no site da Prefeitura de Juiz de Fora.<br \/>\nO intuito \u00e9 nortear as pol\u00edticas p\u00fablicas de seguran\u00e7a do munic\u00edpio, com foco nas a\u00e7\u00f5es de preven\u00e7\u00e3o, de modo integrado entre as for\u00e7as de seguran\u00e7a, \u00f3rg\u00e3os estaduais, associa\u00e7\u00f5es comunit\u00e1rias, entidades de defesa de direitos e pol\u00edticas sociais.<\/p>\n<p>A\u00a0 Lei Federal n\u00ba 13.675, de 11 de junho de 2018,\u00a0 imp\u00f5e a exist\u00eancia de um plano municipal de seguran\u00e7a p\u00fablica\u00a0 que cria a Pol\u00edtica Nacional de Seguran\u00e7a P\u00fablica e Defesa Social (PNSPDS) e institui o Sistema \u00danico de Seguran\u00e7a P\u00fablica (SUSP), para que o munic\u00edpio possa se habilitar para a capta\u00e7\u00e3o de recursos junto aos demais entes da federa\u00e7\u00e3o. A lei ainda prev\u00ea atualiza\u00e7\u00e3o permanente desses planos.<\/p>\n","protected":false},"excerpt":{"rendered":"<p>Na manh\u00e3 desta quinta-feira, 15, A Secretaria de Seguran\u00e7a Urbana e Cidadania (Sesuc) da Prefeitura de Juiz de Fora (PJF) entregou ao presidente da C\u00e2mara Municipal de Juiz de Fora, o vereador Juraci Scheffer, uma mensagem vinda do Executivo sobre o projeto de lei para cria\u00e7\u00e3o do primeiro Plano Municipal de Seguran\u00e7a de Juiz de [&hellip;]<\/p>\n","protected":false},"author":246,"featured_media":181024,"comment_status":"closed","ping_status":"closed","sticky":false,"template":"","format":"standard","meta":{"footnotes":""},"categories":[253,436,440,439],"tags":[],"class_list":["post-181023","post","type-post","status-publish","format-standard","has-post-thumbnail","hentry","category-cidade","category-destaque-da-semana","category-destaques-do-dia","category-ultima-hora"],"_links":{"self":[{"href":"https:\/\/diarioregionaldigital.com.br\/index.php?rest_route=\/wp\/v2\/posts\/181023","targetHints":{"allow":["GET"]}}],"collection":[{"href":"https:\/\/diarioregionaldigital.com.br\/index.php?rest_route=\/wp\/v2\/posts"}],"about":[{"href":"https:\/\/diarioregionaldigital.com.br\/index.php?rest_route=\/wp\/v2\/types\/post"}],"author":[{"embeddable":true,"href":"https:\/\/diarioregionaldigital.com.br\/index.php?rest_route=\/wp\/v2\/users\/246"}],"replies":[{"embeddable":true,"href":"https:\/\/diarioregionaldigital.com.br\/index.php?rest_route=%2Fwp%2Fv2%2Fcomments&post=181023"}],"version-history":[{"count":2,"href":"https:\/\/diarioregionaldigital.com.br\/index.php?rest_route=\/wp\/v2\/posts\/181023\/revisions"}],"predecessor-version":[{"id":181038,"href":"https:\/\/diarioregionaldigital.com.br\/index.php?rest_route=\/wp\/v2\/posts\/181023\/revisions\/181038"}],"wp:featuredmedia":[{"embeddable":true,"href":"https:\/\/diarioregionaldigital.com.br\/index.php?rest_route=\/wp\/v2\/media\/181024"}],"wp:attachment":[{"href":"https:\/\/diarioregionaldigital.com.br\/index.php?rest_route=%2Fwp%2Fv2%2Fmedia&parent=181023"}],"wp:term":[{"taxonomy":"category","embeddable":true,"href":"https:\/\/diarioregionaldigital.com.br\/index.php?rest_route=%2Fwp%2Fv2%2Fcategories&post=181023"},{"taxonomy":"post_tag","embeddable":true,"href":"https:\/\/diarioregionaldigital.com.br\/index.php?rest_route=%2Fwp%2Fv2%2Ftags&post=181023"}],"curies":[{"name":"wp","href":"https:\/\/api.w.org\/{rel}","templated":true}]}}