{"id":181013,"date":"2021-04-15T18:59:27","date_gmt":"2021-04-15T21:59:27","guid":{"rendered":"https:\/\/diarioregionaldigital.com.br\/?p=181013"},"modified":"2021-04-15T18:59:27","modified_gmt":"2021-04-15T21:59:27","slug":"boxe-sem-pre-olimpico-brasil-pode-ter-sete-pugilistas-em-toquio","status":"publish","type":"post","link":"https:\/\/diarioregionaldigital.com.br\/?p=181013","title":{"rendered":"Boxe: sem Pr\u00e9-Ol\u00edmpico, Brasil pode ter sete pugilistas em T\u00f3quio"},"content":{"rendered":"<p>A For\u00e7a-Tarefa do Boxe (BTF, sigla em ingl\u00eas), grupo designado pelo Comit\u00ea Ol\u00edmpico Internacional (COI) para organizar o torneio da modalidade da Olimp\u00edada de T\u00f3quio (Jap\u00e3o), anunciou nesta\u00a0quinta-feira (15) o cancelamento do Pr\u00e9-Ol\u00edmpico das Am\u00e9ricas, que seria realizado em maio, na cidade de Buenos Aires (Argentina). Os representantes do continente ser\u00e3o definidos pelo ranking mundial, desde que previamente inscritos na seletiva.<img decoding=\"async\" src=\"https:\/\/agenciabrasil.ebc.com.br\/ebc.png?id=1406940&amp;o=node\" \/><img decoding=\"async\" src=\"https:\/\/agenciabrasil.ebc.com.br\/ebc.gif?id=1406940&amp;o=node\" \/><\/p>\n<p>Como as vagas ainda\u00a0t\u00eam de ser oficializadas, a Confedera\u00e7\u00e3o Brasileira de Boxe (CBBoxe) n\u00e3o confirma os pugilistas garantidos na Olimp\u00edada. Em nota, a entidade afirma que aguarda a divulga\u00e7\u00e3o da BTF, que deve ocorrer at\u00e9 o pr\u00f3ximo dia 30. O Brasil, no momento, tem sete atletas em situa\u00e7\u00e3o de classifica\u00e7\u00e3o para os Jogos.<\/p>\n<p>No masculino, v\u00e3o \u00e0 T\u00f3quio os cinco melhores das Am\u00e9ricas\u00a0no ranking da BTF na categoria at\u00e9 63 quilos. Wanderson de Oliveira \u00e9 o sexto, mas como h\u00e1 dois cubanos \u00e0 frente e cada pa\u00eds pode\u00a0ter\u00a0somente um pugilista, ele deve herdar a\u00a0quinta\u00a0vaga. Situa\u00e7\u00e3o semelhante \u00e0 de Abner Teixeira, quarto na categoria at\u00e9 91 quilos, tamb\u00e9m atr\u00e1s de dois cubanos &#8211; os tr\u00eas primeiros se classificam.<\/p>\n<p>Nas categorias at\u00e9 75 quilos e 81 quilos, s\u00e3o quatro vagas em cada para o continente. Hebert Concei\u00e7\u00e3o (segundo das Am\u00e9ricas e bronze no Mundial de 2019) e Keno Marley (terceiro), respectivamente, estariam credenciados a representar o Brasil na Olimp\u00edada.<\/p>\n<p>Entre as mulheres, a campe\u00e3 mundial Beatriz Ferreira \u00e9 a l\u00edder do ranking da BTF na categoria at\u00e9 60 quilos. Jucielen Romeu \u00e9 a terceira do continente na categoria at\u00e9 57 quilos. Nos dois pesos, as tr\u00eas melhores das Am\u00e9ricas entram na rota de T\u00f3quio. J\u00e1 na categoria at\u00e9 51 quilos, Grazieli de Jesus \u00e9 a terceira entre as pugilistas americanas, que t\u00eam direito a quatro vagas ol\u00edmpicas.<\/p>\n<p>Na categoria at\u00e9 75 quilos, Flavia Figueiredo \u00e9 a terceira das Am\u00e9ricas, mas est\u00e1 suspensa preventivamente pela Autoridade Brasileira de Controle de Dopagem (ABCD). Ela foi flagrada em um teste realizado em janeiro com ostarina, subst\u00e2ncia anab\u00f3lica e proibida, que estimula ganho de massa muscular.<\/p>\n<p>A decis\u00e3o pelo cancelamento do Pr\u00e9-Ol\u00edmpico foi motivada, segundo nota da BTF, pelo risco de parte das 400 pessoas envolvidas no evento, entre atletas e organizadores, n\u00e3o poderem viajar, devido \u00e0s dificuldades log\u00edsticas da pandemia do novo coronav\u00edrus (covid-19). A situa\u00e7\u00e3o delicada da Am\u00e9rica do Sul no enfrentamento do v\u00edrus tamb\u00e9m foi levada em conta.<\/p>\n<p>Fonte: Rede do Esporte<\/p>\n","protected":false},"excerpt":{"rendered":"<p>A For\u00e7a-Tarefa do Boxe (BTF, sigla em ingl\u00eas), grupo designado pelo Comit\u00ea Ol\u00edmpico Internacional (COI) para organizar o torneio da modalidade da Olimp\u00edada de T\u00f3quio (Jap\u00e3o), anunciou nesta\u00a0quinta-feira (15) o cancelamento do Pr\u00e9-Ol\u00edmpico das Am\u00e9ricas, que seria realizado em maio, na cidade de Buenos Aires (Argentina). Os representantes do continente ser\u00e3o definidos pelo ranking mundial, [&hellip;]<\/p>\n","protected":false},"author":246,"featured_media":0,"comment_status":"closed","ping_status":"closed","sticky":false,"template":"","format":"standard","meta":{"footnotes":""},"categories":[257,439],"tags":[],"class_list":["post-181013","post","type-post","status-publish","format-standard","hentry","category-esporte","category-ultima-hora"],"_links":{"self":[{"href":"https:\/\/diarioregionaldigital.com.br\/index.php?rest_route=\/wp\/v2\/posts\/181013","targetHints":{"allow":["GET"]}}],"collection":[{"href":"https:\/\/diarioregionaldigital.com.br\/index.php?rest_route=\/wp\/v2\/posts"}],"about":[{"href":"https:\/\/diarioregionaldigital.com.br\/index.php?rest_route=\/wp\/v2\/types\/post"}],"author":[{"embeddable":true,"href":"https:\/\/diarioregionaldigital.com.br\/index.php?rest_route=\/wp\/v2\/users\/246"}],"replies":[{"embeddable":true,"href":"https:\/\/diarioregionaldigital.com.br\/index.php?rest_route=%2Fwp%2Fv2%2Fcomments&post=181013"}],"version-history":[{"count":1,"href":"https:\/\/diarioregionaldigital.com.br\/index.php?rest_route=\/wp\/v2\/posts\/181013\/revisions"}],"predecessor-version":[{"id":181015,"href":"https:\/\/diarioregionaldigital.com.br\/index.php?rest_route=\/wp\/v2\/posts\/181013\/revisions\/181015"}],"wp:attachment":[{"href":"https:\/\/diarioregionaldigital.com.br\/index.php?rest_route=%2Fwp%2Fv2%2Fmedia&parent=181013"}],"wp:term":[{"taxonomy":"category","embeddable":true,"href":"https:\/\/diarioregionaldigital.com.br\/index.php?rest_route=%2Fwp%2Fv2%2Fcategories&post=181013"},{"taxonomy":"post_tag","embeddable":true,"href":"https:\/\/diarioregionaldigital.com.br\/index.php?rest_route=%2Fwp%2Fv2%2Ftags&post=181013"}],"curies":[{"name":"wp","href":"https:\/\/api.w.org\/{rel}","templated":true}]}}