{"id":181001,"date":"2021-04-15T18:40:44","date_gmt":"2021-04-15T21:40:44","guid":{"rendered":"https:\/\/diarioregionaldigital.com.br\/?p=181001"},"modified":"2021-04-15T18:40:44","modified_gmt":"2021-04-15T21:40:44","slug":"igp-10-sobe-158-em-abril","status":"publish","type":"post","link":"https:\/\/diarioregionaldigital.com.br\/?p=181001","title":{"rendered":"IGP-10 sobe 1,58% em abril"},"content":{"rendered":"<p>O\u00a0<strong>\u00cdndice Geral de Pre\u00e7os \u2013 10 (IGP-10)<\/strong>\u00a0\u00a0subiu 1,58% em abril. No m\u00eas anterior, o \u00edndice havia apresentado taxa de 2,99%. Com esse resultado, o \u00edndice acumula alta de 9,16% no ano e de 31,74% em 12 meses. Em abril de 2020, o \u00edndice variara 1,13% no m\u00eas e acumulava eleva\u00e7\u00e3o de 6,73% em 12 meses.<\/p>\n<p>\u201cNesta apura\u00e7\u00e3o, os pre\u00e7os das mat\u00e9rias-primas apresentaram queda de 0,30%. Com este movimento, os demais est\u00e1gios de processamento \u2013 bens intermedi\u00e1rios (5,90% para 4,43%) e bens finais (2,22% para 1,71%) \u2013 registraram decr\u00e9scimos em suas taxas de varia\u00e7\u00e3o. Diante de tal arrefecimento, o \u00edndice ao produtor recuou 1,90 ponto percentual, fechando o m\u00eas com varia\u00e7\u00e3o de 1,79%. A desacelera\u00e7\u00e3o da infla\u00e7\u00e3o ao produtor foi a principal contribui\u00e7\u00e3o para o recuo da taxa do IGP-10, que passou de 2,99% em mar\u00e7o para 1,58% em abril\u201d, afirma Andr\u00e9 Braz, Coordenador dos \u00cdndices de Pre\u00e7os.<\/p>\n<p><strong>\u00cdndice de Pre\u00e7os ao Produtor Amplo (IPA)<\/strong><\/p>\n<p>O\u00a0<strong>\u00cdndice de Pre\u00e7os ao Produtor Amplo (IPA)<\/strong>\u00a0variou 1,79% em abril. No m\u00eas anterior, o \u00edndice havia registrado taxa de 3,69%. Na an\u00e1lise por est\u00e1gios de processamento, os pre\u00e7os dos Bens Finais variaram de 2,22% em mar\u00e7o para 1,71% em abril. A principal contribui\u00e7\u00e3o para este resultado partiu do subgrupo combust\u00edveis para o consumo, cuja taxa passou de 17,61% para 6,75%. O \u00edndice relativo a Bens Finais (ex), que exclui os subgrupos alimentos in natura e combust\u00edveis para o consumo, subiu 1,69% em abril. No m\u00eas anterior, a taxa havia sido 1,02%.<\/p>\n<p>A taxa do grupo Bens Intermedi\u00e1rios passou de 5,90% em mar\u00e7o para 4,43% em abril. A principal contribui\u00e7\u00e3o para este movimento partiu do subgrupo combust\u00edveis e lubrificantes para a produ\u00e7\u00e3o, cuja taxa passou de 15,98% para 10,81%. O \u00edndice de Bens Intermedi\u00e1rios (ex), obtido ap\u00f3s a exclus\u00e3o do subgrupo combust\u00edveis e lubrificantes para a produ\u00e7\u00e3o, subiu 3,45% em abril, ante 4,50% no m\u00eas anterior.<\/p>\n<p>O \u00edndice do grupo Mat\u00e9rias-Primas Brutas passou de 3,03% em mar\u00e7o para -0,30% em abril. As principais contribui\u00e7\u00f5es para este recuo partiram dos seguintes itens: min\u00e9rio de ferro (5,63% para -5,16%), su\u00ednos (5,61% para -13,48%) e algod\u00e3o em caro\u00e7o (9,56% para 1,82%). Em sentido ascendente, os movimentos mais relevantes ocorreram nos itens milho em gr\u00e3o (1,93% para 6,40%), leite in natura (-2,59% para 0,16%) e soja em gr\u00e3o (0,84% para 1,54%).<\/p>\n<p><strong>\u00cdndice de Pre\u00e7os ao Consumidor (IPC)<\/strong><\/p>\n<p>O\u00a0<strong>\u00cdndice de Pre\u00e7os ao Consumidor (IPC)<\/strong>\u00a0subiu 0,87% em abril. Em mar\u00e7o, o \u00edndice havia apresentado taxa de 0,71%. Sete das oito classes de despesa componentes do \u00edndice registraram acr\u00e9scimo em suas taxas de varia\u00e7\u00e3o, com destaque para o grupo Sa\u00fade e Cuidados Pessoais (0,27% para 0,78%). Nesta classe de despesa, vale citar o comportamento do item artigos de higiene e cuidado pessoal, cuja taxa passou de 0,01% para 1,36%.<\/p>\n<p>Tamb\u00e9m apresentaram acr\u00e9scimo em suas taxas de varia\u00e7\u00e3o os grupos Habita\u00e7\u00e3o (0,34% para 0,63%), Transportes (2,97% para 3,19%), Comunica\u00e7\u00e3o (-0,18% para 0,23%), Vestu\u00e1rio (-0,09% para 0,12%), Despesas Diversas (0,21% para 0,38%) e Alimenta\u00e7\u00e3o (0,04% para 0,05%). As principais contribui\u00e7\u00f5es para este movimento partiram dos seguintes itens: tarifa de eletricidade residencial (-0,34% para 0,67%), gasolina (8,52% para 9,02%), mensalidade para internet (-1,04% para -0,08%), roupas (-0,24% para 0,05%), cigarros (0,34% para 0,99%) e latic\u00ednios (-1,62% para 0,15%).<\/p>\n<p>Em contrapartida, apenas o grupo Educa\u00e7\u00e3o, Leitura e Recrea\u00e7\u00e3o (0,21% para -0,60%) apresentou decr\u00e9scimo em sua taxa de varia\u00e7\u00e3o. Nesta classe de despesa, vale citar o item passagem a\u00e9rea, cuja taxa passou de 1,55% para -5,24%.<\/p>\n<p><strong>\u00cdndice Nacional de Custo da Constru\u00e7\u00e3o (INCC)<\/strong><\/p>\n<p>O\u00a0<strong>\u00cdndice Nacional de Custo da Constru\u00e7\u00e3o (INCC)<\/strong>\u00a0variou 1,24% em abril. No m\u00eas anterior a taxa subira 1,96%. Os tr\u00eas grupos componentes do INCC registraram as seguintes varia\u00e7\u00f5es na passagem de mar\u00e7o para abril: Materiais e Equipamentos (4,49% para 2,76%), Servi\u00e7os (0,73% para 0,55%) e M\u00e3o de Obra (0,18% para 0,11%).<\/p>\n<p>Fonte: FGV<\/p>\n","protected":false},"excerpt":{"rendered":"<p>O\u00a0\u00cdndice Geral de Pre\u00e7os \u2013 10 (IGP-10)\u00a0\u00a0subiu 1,58% em abril. No m\u00eas anterior, o \u00edndice havia apresentado taxa de 2,99%. Com esse resultado, o \u00edndice acumula alta de 9,16% no ano e de 31,74% em 12 meses. Em abril de 2020, o \u00edndice variara 1,13% no m\u00eas e acumulava eleva\u00e7\u00e3o de 6,73% em 12 meses. [&hellip;]<\/p>\n","protected":false},"author":246,"featured_media":181002,"comment_status":"closed","ping_status":"closed","sticky":false,"template":"","format":"standard","meta":{"footnotes":""},"categories":[440,261,439],"tags":[],"class_list":["post-181001","post","type-post","status-publish","format-standard","has-post-thumbnail","hentry","category-destaques-do-dia","category-economia","category-ultima-hora"],"_links":{"self":[{"href":"https:\/\/diarioregionaldigital.com.br\/index.php?rest_route=\/wp\/v2\/posts\/181001","targetHints":{"allow":["GET"]}}],"collection":[{"href":"https:\/\/diarioregionaldigital.com.br\/index.php?rest_route=\/wp\/v2\/posts"}],"about":[{"href":"https:\/\/diarioregionaldigital.com.br\/index.php?rest_route=\/wp\/v2\/types\/post"}],"author":[{"embeddable":true,"href":"https:\/\/diarioregionaldigital.com.br\/index.php?rest_route=\/wp\/v2\/users\/246"}],"replies":[{"embeddable":true,"href":"https:\/\/diarioregionaldigital.com.br\/index.php?rest_route=%2Fwp%2Fv2%2Fcomments&post=181001"}],"version-history":[{"count":1,"href":"https:\/\/diarioregionaldigital.com.br\/index.php?rest_route=\/wp\/v2\/posts\/181001\/revisions"}],"predecessor-version":[{"id":181003,"href":"https:\/\/diarioregionaldigital.com.br\/index.php?rest_route=\/wp\/v2\/posts\/181001\/revisions\/181003"}],"wp:featuredmedia":[{"embeddable":true,"href":"https:\/\/diarioregionaldigital.com.br\/index.php?rest_route=\/wp\/v2\/media\/181002"}],"wp:attachment":[{"href":"https:\/\/diarioregionaldigital.com.br\/index.php?rest_route=%2Fwp%2Fv2%2Fmedia&parent=181001"}],"wp:term":[{"taxonomy":"category","embeddable":true,"href":"https:\/\/diarioregionaldigital.com.br\/index.php?rest_route=%2Fwp%2Fv2%2Fcategories&post=181001"},{"taxonomy":"post_tag","embeddable":true,"href":"https:\/\/diarioregionaldigital.com.br\/index.php?rest_route=%2Fwp%2Fv2%2Ftags&post=181001"}],"curies":[{"name":"wp","href":"https:\/\/api.w.org\/{rel}","templated":true}]}}