{"id":180928,"date":"2021-04-14T18:37:38","date_gmt":"2021-04-14T21:37:38","guid":{"rendered":"https:\/\/diarioregionaldigital.com.br\/?p=180928"},"modified":"2021-04-14T18:37:38","modified_gmt":"2021-04-14T21:37:38","slug":"camara-pode-votar-nesta-quinta-feira-pena-maior-para-maus-tratos-de-criancas-e-idosos","status":"publish","type":"post","link":"https:\/\/diarioregionaldigital.com.br\/?p=180928","title":{"rendered":"C\u00e2mara pode votar nesta quinta-feira pena maior para maus-tratos de crian\u00e7as e idosos"},"content":{"rendered":"<p>A C\u00e2mara dos Deputados realiza sess\u00e3o de vota\u00e7\u00f5es nesta quinta-feira (15), \u00e0s 10 horas, com <a href=\"https:\/\/www.camara.leg.br\/internet\/plenario\/ordemdodia\/OD150421%20-%20EXTRA%2010H.PDF\">nove itens em pauta<\/a>. Entre eles, o Projeto de Lei <a class=\"linkProposicao\" href=\"https:\/\/www.camara.leg.br\/noticias\/722961-projeto-agrava-penas-para-abandono-de-incapaz-e-maus-tratos-de-idoso\">4626\/20<\/a>, do deputado <a href=\"https:\/\/www.camara.leg.br\/deputados\/204444\">Helio Lopes (PSL-RJ)<\/a> e <a href=\"https:\/\/www.camara.leg.br\/proposicoesWeb\/prop_autores?idProposicao=2263017\">outros<\/a>, que agrava penas para abandono de incapaz e maus-tratos de crian\u00e7as, idosos e pessoas com defici\u00eancia.<\/p>\n<p>&#8220;O projeto visa endurecer as penas para casos de abandono de incapaz, maus-tratos e exposi\u00e7\u00e3o a perigo da integridade e da sa\u00fade, f\u00edsica ou ps\u00edquica, do idoso, da crian\u00e7a e de pessoas com defici\u00eancia, aumentando a puni\u00e7\u00e3o para quem expuser essas pessoas a perigo ou submet\u00ea-las a condi\u00e7\u00f5es desumanas ou degradantes&#8221;, explica o autor.<\/p>\n<p>Segundo o texto, a pena de <span id=\"4303\" class=\"termoGlossario\" title=\"\" contenteditable=\"false\" data-toggle=\"tooltip\" data-placement=\"top\" data-original-title=\"A reclus\u00e3o \u00e9 a mais severa entre as penas privativas de liberdade. Destina-se a crimes dolosos (com inten\u00e7\u00e3o).\">reclus\u00e3o<\/span> passa de 4 a 12 anos para 8 a 14 anos se as a\u00e7\u00f5es resultarem em morte.<\/p>\n<p>Ao defender a urg\u00eancia da proposta, Helio Lopes ressaltou que, no ano passado, desde o in\u00edcio da pandemia, houve um aumento de viol\u00eancia e maus-tratos contra o idoso de 59% e contra a crian\u00e7a de 48%. Esses dados foram obtidos pelo Minist\u00e9rio da Mulher, da Fam\u00edlia e dos Direitos Humanos.<\/p>\n<p>&#8220;Trago o exemplo da morte do menino Henry Borel, que acompanhamos, tristemente, com forte sentimento de impot\u00eancia. Por\u00e9m, infelizmente, esse n\u00e3o \u00e9 um caso isolado. Temos diversos casos todos os dias de abusos e de maus-tratos contra crian\u00e7as, idosos, pessoas com defici\u00eancia. S\u00e3o an\u00f4nimos que n\u00e3o estampam os jornais, por\u00e9m est\u00e3o na grande maioria das estat\u00edsticas&#8221;, afirmou o deputado.<\/p>\n<div>\n<div>\n<p class=\"p1\">Ao aprovar o regime de urg\u00eancia para o projeto, na sess\u00e3o do Plen\u00e1rio desta ter\u00e7a-feira (13), os deputados fizeram 1 minuto de sil\u00eancio em mem\u00f3ria das v\u00edtimas de abusos e maus-tratos.<\/p>\n<\/div>\n<div class=\"principalStyle\"><strong>Cultura<\/p>\n<p><\/strong><\/div>\n<\/div>\n<div>\n<div class=\"principalStyle\">Entre as propostas em pauta est\u00e1 tamb\u00e9m o Projeto de Lei 795\/21, do Senado, que reformula a <a href=\"https:\/\/www2.camara.gov.br\/legin\/fed\/lei\/2020\/lei-14017-29-junho-2020-790359-norma-pl.html\">Lei Aldir Blanc<\/a> para prorrogar prazos de utiliza\u00e7\u00e3o de recursos repassados a t\u00edtulo de apoio ao setor cultural em decorr\u00eancia da pandemia de Covid-19.<\/p>\n<p class=\"p1\">Outro projeto pautado \u00e9 o PL <a href=\"https:\/\/www.camara.leg.br\/noticias\/709935-PROJETO-LIBERA-DE-PENALIDADES-POR-INFRACAO-DE-TRANSITO-VEICULOS-DE-SOCORRO\">5222\/20<\/a>, do deputado <a href=\"https:\/\/www.camara.leg.br\/deputados\/204381\">Lu\u00eds Miranda (DEM-DF)<\/a>, que dispensa bombeiros e policiais militares de justificarem multas tomadas no exerc\u00edcio do trabalho com viaturas oficiais.<\/p>\n<\/div>\n<\/div>\n<p>Fonte: Ag\u00eancia C\u00e2mara de Not\u00edcias<\/p>\n","protected":false},"excerpt":{"rendered":"<p>A C\u00e2mara dos Deputados realiza sess\u00e3o de vota\u00e7\u00f5es nesta quinta-feira (15), \u00e0s 10 horas, com nove itens em pauta. Entre eles, o Projeto de Lei 4626\/20, do deputado Helio Lopes (PSL-RJ) e outros, que agrava penas para abandono de incapaz e maus-tratos de crian\u00e7as, idosos e pessoas com defici\u00eancia. &#8220;O projeto visa endurecer as penas [&hellip;]<\/p>\n","protected":false},"author":246,"featured_media":180929,"comment_status":"closed","ping_status":"closed","sticky":false,"template":"","format":"standard","meta":{"footnotes":""},"categories":[436,262,254,439],"tags":[],"class_list":["post-180928","post","type-post","status-publish","format-standard","has-post-thumbnail","hentry","category-destaque-da-semana","category-noticias","category-politica","category-ultima-hora"],"_links":{"self":[{"href":"https:\/\/diarioregionaldigital.com.br\/index.php?rest_route=\/wp\/v2\/posts\/180928","targetHints":{"allow":["GET"]}}],"collection":[{"href":"https:\/\/diarioregionaldigital.com.br\/index.php?rest_route=\/wp\/v2\/posts"}],"about":[{"href":"https:\/\/diarioregionaldigital.com.br\/index.php?rest_route=\/wp\/v2\/types\/post"}],"author":[{"embeddable":true,"href":"https:\/\/diarioregionaldigital.com.br\/index.php?rest_route=\/wp\/v2\/users\/246"}],"replies":[{"embeddable":true,"href":"https:\/\/diarioregionaldigital.com.br\/index.php?rest_route=%2Fwp%2Fv2%2Fcomments&post=180928"}],"version-history":[{"count":1,"href":"https:\/\/diarioregionaldigital.com.br\/index.php?rest_route=\/wp\/v2\/posts\/180928\/revisions"}],"predecessor-version":[{"id":180930,"href":"https:\/\/diarioregionaldigital.com.br\/index.php?rest_route=\/wp\/v2\/posts\/180928\/revisions\/180930"}],"wp:featuredmedia":[{"embeddable":true,"href":"https:\/\/diarioregionaldigital.com.br\/index.php?rest_route=\/wp\/v2\/media\/180929"}],"wp:attachment":[{"href":"https:\/\/diarioregionaldigital.com.br\/index.php?rest_route=%2Fwp%2Fv2%2Fmedia&parent=180928"}],"wp:term":[{"taxonomy":"category","embeddable":true,"href":"https:\/\/diarioregionaldigital.com.br\/index.php?rest_route=%2Fwp%2Fv2%2Fcategories&post=180928"},{"taxonomy":"post_tag","embeddable":true,"href":"https:\/\/diarioregionaldigital.com.br\/index.php?rest_route=%2Fwp%2Fv2%2Ftags&post=180928"}],"curies":[{"name":"wp","href":"https:\/\/api.w.org\/{rel}","templated":true}]}}