{"id":180925,"date":"2021-04-14T18:32:41","date_gmt":"2021-04-14T21:32:41","guid":{"rendered":"https:\/\/diarioregionaldigital.com.br\/?p=180925"},"modified":"2021-04-15T00:00:07","modified_gmt":"2021-04-15T03:00:07","slug":"camara-senado-e-ministerio-da-saude-anunciam-antecipacao-de-1-milhao-de-doses-da-pfizer-em-abril","status":"publish","type":"post","link":"https:\/\/diarioregionaldigital.com.br\/?p=180925","title":{"rendered":"C\u00e2mara, Senado e Minist\u00e9rio da Sa\u00fade anunciam antecipa\u00e7\u00e3o de 1 milh\u00e3o de doses da Pfizer em abril"},"content":{"rendered":"<p>Representantes da C\u00e2mara dos Deputados, do Senado Federal e do Minist\u00e9rio da Sa\u00fade anunciaram nesta quarta-feira (14) diversas a\u00e7\u00f5es de combate \u00e0 pandemia de Covid-19, como a antecipa\u00e7\u00e3o do recebimento de doses da Pfizer para ampliar a vacina\u00e7\u00e3o dos brasileiros. Segundo o an\u00fancio, cerca de 15,5 milh\u00f5es de doses devem chegar a partir de abril. A previs\u00e3o \u00e9 que 1 milh\u00e3o de doses j\u00e1 esteja no Pa\u00eds no final deste m\u00eas. A previs\u00e3o anterior do governo era de 14 milh\u00f5es de doses at\u00e9 junho.<\/p>\n<p>Em agosto de 2020, o governo federal recusou acordo com a farmac\u00eautica para receber 70 milh\u00f5es de doses, que j\u00e1 poderiam estar sendo aplicadas desde dezembro do ano passado. No in\u00edcio deste ano, o Executivo acabou fechando contrato para o fornecimento de 100 milh\u00f5es de doses. No entanto, a maioria dessas doses est\u00e1 prevista para chegar apenas no segundo semestre.<\/p>\n<p>Participaram da segunda reuni\u00e3o do Comit\u00ea de Coordena\u00e7\u00e3o Nacional para Enfrentamento \u00e0 Pandemia o ministro da Sa\u00fade, Marcelo Queiroga; o presidente do Senado, Rodrigo Pacheco (DEM-MG); e o deputado <a href=\"https:\/\/www.camara.leg.br\/deputados\/204450\">Dr. Luiz Antonio Teixeira Jr. (PP-RJ)<\/a>, representando o presidente da C\u00e2mara, <a href=\"https:\/\/www.camara.leg.br\/deputados\/160541\">Arthur Lira (PP-AL)<\/a>.<\/p>\n<p>\u201cMuito importante a antecipa\u00e7\u00e3o das doses da Pfizer. Somente a vacina\u00e7\u00e3o nos ajudar\u00e1 a superar esse momento\u201d, disse Teixeira Jr., que \u00e9 o atual presidente da Comiss\u00e3o de Seguridade Social e Fam\u00edlia e foi o coordenador da Comiss\u00e3o Externa de Enfrentamento \u00e0 Covid-19.<\/p>\n<p><strong>Cart\u00e3o de vacina\u00e7\u00e3o virtual<br \/>\n<\/strong><br \/>\nO deputado tamb\u00e9m anunciou que a C\u00e2mara deve votar na pr\u00f3xima semana projeto que cria a carteira da vacina\u00e7\u00e3o on-line. Segundo Teixeira Jr., a proposta vai permitir que haja transpar\u00eancia na informa\u00e7\u00e3o sobre o n\u00famero de doses enviadas e o n\u00famero de vacinas aplicadas nos estados e munic\u00edpios.<\/p>\n<p>O parlamentar destacou ainda que a carteira de vacina\u00e7\u00e3o on-line vai gerar o chamado passaporte verde para garantir a entrada de brasileiros j\u00e1 vacinados contra a Covid-19 em v\u00e1rios pa\u00edses do mundo que exigem o documento.<\/p>\n<p><strong>\u00d3rf\u00e3os da pandemia<br \/>\n<\/strong><br \/>\nTeixeira Jr. tamb\u00e9m defendeu a cria\u00e7\u00e3o de um programa social voltado para acolher os \u00f3rf\u00e3os da Covid-19.<\/p>\n<p>\u201cNo Brasil, infelizmente, 50 mil crian\u00e7as e adolescentes ficaram \u00f3rf\u00e3os em raz\u00e3o da Covid-19. Precisamos criar um programa efetivo de acolhimento a essas crian\u00e7as e adolescentes que perderam pais e av\u00f3s. Precisamos de um planejamento porque em 20 anos vamos continuar sofrendo as sequelas da Covid\u201d, afirmou.<\/p>\n<p>Parlamentares pedem plano de acolhimento para \u00f3rf\u00e3os da Covid-19<\/p>\n<p><strong>Amplia\u00e7\u00e3o da vacina\u00e7\u00e3o<br \/>\n<\/strong><br \/>\nRodrigo Pacheco voltou a defender a compra de vacinas por empresas privadas para ampliar a vacina\u00e7\u00e3o no Pa\u00eds, mas reconheceu que a proposta enfrenta resist\u00eancia no Senado. O texto foi aprovado pela C\u00e2mara na \u00faltima semana.<\/p>\n<p>Pacheco lembrou que o Brasil j\u00e1 garantiu 520 milh\u00f5es de doses e ainda aguarda o contrato com outros laborat\u00f3rios para a imuniza\u00e7\u00e3o em massa da popula\u00e7\u00e3o. Ele destacou ainda outros projetos que devem ser apreciados pelo Congresso, como a PEC que d\u00e1 imunidade tribut\u00e1ria \u00e0 produ\u00e7\u00e3o da vacinas.<\/p>\n<p>\u201cFizemos a s\u00faplica ao senhor ministro da Sa\u00fade para que possa tratar da identifica\u00e7\u00e3o das formas de antecipar o cronograma para que tenhamos a popula\u00e7\u00e3o toda vacinada em 2021 da forma mais breve poss\u00edvel\u201d, cobrou o senador.<\/p>\n<p>\u201cExige-se a uni\u00e3o da pol\u00edtica e dos poderes em torno desse problema grav\u00edssimo. Esse comit\u00ea veio em um momento agudo na segunda onda para alinhar ideias\u201d, destacou Pacheco.<\/p>\n<p><strong>Kit intuba\u00e7\u00e3o<br \/>\n<\/strong><br \/>\nMarcelo Queiroga informou que o governo est\u00e1 atento \u00e0 falta nos hospitais do chamado \u201ckit intuba\u00e7\u00e3o\u201d, medicamentos sedativos e bloqueadores neuromusculares usados nos pacientes intubados. Segundo ele, em dez dias o estoque desses medicamentos j\u00e1 estar\u00e1 regulado. Queiroga tamb\u00e9m anunciou que ser\u00e1 feito um preg\u00e3o internacional para a compra do kit.<\/p>\n<p>\u201cO governo federal, atrav\u00e9s de iniciativa conjunta com a Organiza\u00e7\u00e3o Pan-Americana de Sa\u00fade (Opas), vai fazer uma compra direta, j\u00e1 fez uma compra direta, e esperamos que nos pr\u00f3ximos dez dias n\u00f3s tenhamos um estoque regulador fortalecido para acabar com essa luta do dia a dia de dar suporte \u00e0s secretarias estaduais e municipais\u201d, disse o ministro.<\/p>\n<p>Queiroga tamb\u00e9m anunciou a cria\u00e7\u00e3o da Secretaria Extraordin\u00e1ria de Combate \u00e0 Pandemia para concentrar esfor\u00e7os do Executivo para supera\u00e7\u00e3o da crise sanit\u00e1ria. O \u00f3rg\u00e3o ser\u00e1 comandado por Franciele Fontana, respons\u00e1vel pelo Plano Nacional de Imuniza\u00e7\u00e3o no Minist\u00e9rio da Sa\u00fade.<\/p>\n<p>Fonte: Ag\u00eancia C\u00e2mara de Not\u00edcias<\/p>\n","protected":false},"excerpt":{"rendered":"<p>Representantes da C\u00e2mara dos Deputados, do Senado Federal e do Minist\u00e9rio da Sa\u00fade anunciaram nesta quarta-feira (14) diversas a\u00e7\u00f5es de combate \u00e0 pandemia de Covid-19, como a antecipa\u00e7\u00e3o do recebimento de doses da Pfizer para ampliar a vacina\u00e7\u00e3o dos brasileiros. Segundo o an\u00fancio, cerca de 15,5 milh\u00f5es de doses devem chegar a partir de abril. [&hellip;]<\/p>\n","protected":false},"author":246,"featured_media":180926,"comment_status":"closed","ping_status":"closed","sticky":false,"template":"","format":"standard","meta":{"footnotes":""},"categories":[440,262,254,439],"tags":[],"class_list":["post-180925","post","type-post","status-publish","format-standard","has-post-thumbnail","hentry","category-destaques-do-dia","category-noticias","category-politica","category-ultima-hora"],"_links":{"self":[{"href":"https:\/\/diarioregionaldigital.com.br\/index.php?rest_route=\/wp\/v2\/posts\/180925","targetHints":{"allow":["GET"]}}],"collection":[{"href":"https:\/\/diarioregionaldigital.com.br\/index.php?rest_route=\/wp\/v2\/posts"}],"about":[{"href":"https:\/\/diarioregionaldigital.com.br\/index.php?rest_route=\/wp\/v2\/types\/post"}],"author":[{"embeddable":true,"href":"https:\/\/diarioregionaldigital.com.br\/index.php?rest_route=\/wp\/v2\/users\/246"}],"replies":[{"embeddable":true,"href":"https:\/\/diarioregionaldigital.com.br\/index.php?rest_route=%2Fwp%2Fv2%2Fcomments&post=180925"}],"version-history":[{"count":2,"href":"https:\/\/diarioregionaldigital.com.br\/index.php?rest_route=\/wp\/v2\/posts\/180925\/revisions"}],"predecessor-version":[{"id":180962,"href":"https:\/\/diarioregionaldigital.com.br\/index.php?rest_route=\/wp\/v2\/posts\/180925\/revisions\/180962"}],"wp:featuredmedia":[{"embeddable":true,"href":"https:\/\/diarioregionaldigital.com.br\/index.php?rest_route=\/wp\/v2\/media\/180926"}],"wp:attachment":[{"href":"https:\/\/diarioregionaldigital.com.br\/index.php?rest_route=%2Fwp%2Fv2%2Fmedia&parent=180925"}],"wp:term":[{"taxonomy":"category","embeddable":true,"href":"https:\/\/diarioregionaldigital.com.br\/index.php?rest_route=%2Fwp%2Fv2%2Fcategories&post=180925"},{"taxonomy":"post_tag","embeddable":true,"href":"https:\/\/diarioregionaldigital.com.br\/index.php?rest_route=%2Fwp%2Fv2%2Ftags&post=180925"}],"curies":[{"name":"wp","href":"https:\/\/api.w.org\/{rel}","templated":true}]}}