{"id":180922,"date":"2021-04-14T18:23:00","date_gmt":"2021-04-14T21:23:00","guid":{"rendered":"https:\/\/diarioregionaldigital.com.br\/?p=180922"},"modified":"2021-04-14T18:23:00","modified_gmt":"2021-04-14T21:23:00","slug":"vendas-nos-supermercados-tem-alta-de-518-em-fevereiro","status":"publish","type":"post","link":"https:\/\/diarioregionaldigital.com.br\/?p=180922","title":{"rendered":"Vendas nos supermercados t\u00eam alta de 5,18% em fevereiro"},"content":{"rendered":"<p>As vendas em supermercados registraram alta de 5,18% em fevereiro em compara\u00e7\u00e3o com o mesmo m\u00eas de 2020, segundo o balan\u00e7o divulgado hoje (14) pela Associa\u00e7\u00e3o Brasileira de Supermercados (Abras). Em janeiro, o crescimento havia sido de 12% em rela\u00e7\u00e3o ao mesmo per\u00edodo do ano passado.<img decoding=\"async\" src=\"https:\/\/agenciabrasil.ebc.com.br\/ebc.png?id=1406803&amp;o=node\" \/><img decoding=\"async\" src=\"https:\/\/agenciabrasil.ebc.com.br\/ebc.gif?id=1406803&amp;o=node\" \/><\/p>\n<p>Segundo o vice-presidente Administrativo da Abras, Marcio Milan, o resultado menos favor\u00e1vel em fevereiro do que no primeiro m\u00eas do ano foi influenciado por fatores como as pr\u00f3prias caracter\u00edsticas do m\u00eas, que tem menos dias, e tamb\u00e9m a renda das fam\u00edlias na pandemia da covid-19. \u201cEsse m\u00eas de fevereiro foi mais dif\u00edcil para todos em fun\u00e7\u00e3o do fim do aux\u00edlio emergencial\u201d, disse. O cancelamento do Carnaval foi outro elemento que, de acordo com ele, ajudou a desacelerar o setor.<\/p>\n<p>No entanto, Milan disse que essa varia\u00e7\u00e3o \u00e9 esperada no planejamento dos varejistas. Para este ano, a Abras estima um crescimento de 4,5% em compara\u00e7\u00e3o com as vendas de 2020.<\/p>\n<p><strong>Aux\u00edlio emergencial<\/strong><\/p>\n<p><a href=\"https:\/\/agenciabrasil.ebc.com.br\/economia\/noticia\/2021-04\/nova-rodada-do-auxilio-emergencial-comeca-ser-paga-hoje\" target=\"_blank\" rel=\"noopener\">O retorno do aux\u00edlio emergencial<\/a>\u00a0na semana passada, ser\u00e1 um elemento importante para o desempenho do setor, na avalia\u00e7\u00e3o de Milan. \u201cOs pr\u00f3ximos meses de mar\u00e7o e abril v\u00e3o dar a gente uma condi\u00e7\u00e3o melhor para olharmos esse momento e termos a tend\u00eancia\u201d, disse.<\/p>\n<p>Ele destacou que, em 2020, cerca de 60% do valor do benef\u00edcio foi destinado a despesas com alimenta\u00e7\u00e3o. A proposta de emenda \u00e0 Constitui\u00e7\u00e3o que determinou a nova rodada do aux\u00edlio prev\u00ea R$ 44 bilh\u00f5es para o pagamento de quatro parcelas para fam\u00edlias com pouca renda ou em situa\u00e7\u00e3o vulner\u00e1vel, com valores entre R$ 150 e R$ 375.<\/p>\n<p>\u201cN\u00f3s estamos falando de um valor consider\u00e1vel que o consumidor vai dedicar aos supermercados\u201d, ressaltou o vice-presidente da Abras, ao comentar a inje\u00e7\u00e3o de recursos que o benef\u00edcio deve trazer ao mercado.<\/p>\n<p><span style=\"font-weight: 400;\"><br \/>\n<\/span><span style=\"font-weight: 400;\">Fonte: Ag\u00eancia Brasil <\/span><\/p>\n","protected":false},"excerpt":{"rendered":"<p>As vendas em supermercados registraram alta de 5,18% em fevereiro em compara\u00e7\u00e3o com o mesmo m\u00eas de 2020, segundo o balan\u00e7o divulgado hoje (14) pela Associa\u00e7\u00e3o Brasileira de Supermercados (Abras). Em janeiro, o crescimento havia sido de 12% em rela\u00e7\u00e3o ao mesmo per\u00edodo do ano passado. Segundo o vice-presidente Administrativo da Abras, Marcio Milan, o [&hellip;]<\/p>\n","protected":false},"author":246,"featured_media":180923,"comment_status":"closed","ping_status":"closed","sticky":false,"template":"","format":"standard","meta":{"footnotes":""},"categories":[436,261,262,439],"tags":[],"class_list":["post-180922","post","type-post","status-publish","format-standard","has-post-thumbnail","hentry","category-destaque-da-semana","category-economia","category-noticias","category-ultima-hora"],"_links":{"self":[{"href":"https:\/\/diarioregionaldigital.com.br\/index.php?rest_route=\/wp\/v2\/posts\/180922","targetHints":{"allow":["GET"]}}],"collection":[{"href":"https:\/\/diarioregionaldigital.com.br\/index.php?rest_route=\/wp\/v2\/posts"}],"about":[{"href":"https:\/\/diarioregionaldigital.com.br\/index.php?rest_route=\/wp\/v2\/types\/post"}],"author":[{"embeddable":true,"href":"https:\/\/diarioregionaldigital.com.br\/index.php?rest_route=\/wp\/v2\/users\/246"}],"replies":[{"embeddable":true,"href":"https:\/\/diarioregionaldigital.com.br\/index.php?rest_route=%2Fwp%2Fv2%2Fcomments&post=180922"}],"version-history":[{"count":1,"href":"https:\/\/diarioregionaldigital.com.br\/index.php?rest_route=\/wp\/v2\/posts\/180922\/revisions"}],"predecessor-version":[{"id":180924,"href":"https:\/\/diarioregionaldigital.com.br\/index.php?rest_route=\/wp\/v2\/posts\/180922\/revisions\/180924"}],"wp:featuredmedia":[{"embeddable":true,"href":"https:\/\/diarioregionaldigital.com.br\/index.php?rest_route=\/wp\/v2\/media\/180923"}],"wp:attachment":[{"href":"https:\/\/diarioregionaldigital.com.br\/index.php?rest_route=%2Fwp%2Fv2%2Fmedia&parent=180922"}],"wp:term":[{"taxonomy":"category","embeddable":true,"href":"https:\/\/diarioregionaldigital.com.br\/index.php?rest_route=%2Fwp%2Fv2%2Fcategories&post=180922"},{"taxonomy":"post_tag","embeddable":true,"href":"https:\/\/diarioregionaldigital.com.br\/index.php?rest_route=%2Fwp%2Fv2%2Ftags&post=180922"}],"curies":[{"name":"wp","href":"https:\/\/api.w.org\/{rel}","templated":true}]}}