{"id":180919,"date":"2021-04-14T18:19:15","date_gmt":"2021-04-14T21:19:15","guid":{"rendered":"https:\/\/diarioregionaldigital.com.br\/?p=180919"},"modified":"2021-04-14T18:19:15","modified_gmt":"2021-04-14T21:19:15","slug":"abertura-de-empresas-bate-recorde-em-2020-diz-serasa","status":"publish","type":"post","link":"https:\/\/diarioregionaldigital.com.br\/?p=180919","title":{"rendered":"Abertura de empresas bate recorde em 2020, diz Serasa"},"content":{"rendered":"<p>Em 2020, foram abertas 3,3 milh\u00f5es de novas empresas, segundo levantamento da Serasa Experian. O n\u00famero representa um crescimento de 8,7% em compara\u00e7\u00e3o com 2019, sendo o maior desde 2011, in\u00edcio da s\u00e9rie hist\u00f3rica da Serasa.<\/p>\n<p>A maior parte das novas empresas (79%) s\u00e3o microempreendedores individuais, totalizando a abertura de 2,7 milh\u00f5es de MEIs. \u201cO alto n\u00famero de MEIs \u00e9 um dos fatores que comprova o empreendedorismo por necessidade, j\u00e1 que durante quase um ano de pandemia muitas pessoas que perderam seus empregos optaram por abrir um CNPJ [Cadastro Nacional de Pessoa Jur\u00eddica] e trabalhar com aquilo que j\u00e1 sabiam fazer ou em segmentos com baixo custo de aprendizagem\u201d, explica o economista da Serasa Experian, Luiz Rabi.<\/p>\n<p><strong>Adapta\u00e7\u00e3o<br \/>\n<\/strong><br \/>\nO ramo da alimenta\u00e7\u00e3o representou 9,7% do total empresas a abertas, sendo o segmento com maior n\u00famero de novas empresas. Em seguida vem o setor de confec\u00e7\u00f5es, com 6,2% do total, e o de reparos e manuten\u00e7\u00e3o, com 6,1%.<\/p>\n<p>Segundo Rabi, esses dados mostram uma adapta\u00e7\u00e3o dos empreendedores \u00e0 realidade da pandemia do novo coronav\u00edrus. O setor da alimenta\u00e7\u00e3o oferece produtos essenciais e possibilitam a abertura de neg\u00f3cios de baixo custo. \u201cAgora, quando falamos em confec\u00e7\u00e3o, o segundo ramo no ranking de abertura de novas empresas em 2020, fica claro que a produ\u00e7\u00e3o das m\u00e1scaras de prote\u00e7\u00e3o contra a covid-19 impactou o \u00edndice\u201d, acrescenta o economista.<\/p>\n<p>A Regi\u00e3o Norte teve o maior crescimento na abertura de novos neg\u00f3cios, com 20,9% de aumento em rela\u00e7\u00e3o a 2019, com o surgimento de 174,5 mil novos empreendimentos. No Centro-Oeste a expans\u00e3o ficou em 13,3% e no Sul em 11,5%.<br \/>\n<span style=\"font-weight: 400;\"><br \/>\n<\/span><span style=\"font-weight: 400;\"><br \/>\n<\/span><span style=\"font-weight: 400;\">Fonte: Ag\u00eancia Brasil\u00a0<\/span><span style=\"font-weight: 400;\"><br \/>\n<\/span><\/p>\n","protected":false},"excerpt":{"rendered":"<p>Em 2020, foram abertas 3,3 milh\u00f5es de novas empresas, segundo levantamento da Serasa Experian. O n\u00famero representa um crescimento de 8,7% em compara\u00e7\u00e3o com 2019, sendo o maior desde 2011, in\u00edcio da s\u00e9rie hist\u00f3rica da Serasa. A maior parte das novas empresas (79%) s\u00e3o microempreendedores individuais, totalizando a abertura de 2,7 milh\u00f5es de MEIs. \u201cO [&hellip;]<\/p>\n","protected":false},"author":246,"featured_media":180920,"comment_status":"closed","ping_status":"closed","sticky":false,"template":"","format":"standard","meta":{"footnotes":""},"categories":[440,261,262,439],"tags":[],"class_list":["post-180919","post","type-post","status-publish","format-standard","has-post-thumbnail","hentry","category-destaques-do-dia","category-economia","category-noticias","category-ultima-hora"],"_links":{"self":[{"href":"https:\/\/diarioregionaldigital.com.br\/index.php?rest_route=\/wp\/v2\/posts\/180919","targetHints":{"allow":["GET"]}}],"collection":[{"href":"https:\/\/diarioregionaldigital.com.br\/index.php?rest_route=\/wp\/v2\/posts"}],"about":[{"href":"https:\/\/diarioregionaldigital.com.br\/index.php?rest_route=\/wp\/v2\/types\/post"}],"author":[{"embeddable":true,"href":"https:\/\/diarioregionaldigital.com.br\/index.php?rest_route=\/wp\/v2\/users\/246"}],"replies":[{"embeddable":true,"href":"https:\/\/diarioregionaldigital.com.br\/index.php?rest_route=%2Fwp%2Fv2%2Fcomments&post=180919"}],"version-history":[{"count":1,"href":"https:\/\/diarioregionaldigital.com.br\/index.php?rest_route=\/wp\/v2\/posts\/180919\/revisions"}],"predecessor-version":[{"id":180921,"href":"https:\/\/diarioregionaldigital.com.br\/index.php?rest_route=\/wp\/v2\/posts\/180919\/revisions\/180921"}],"wp:featuredmedia":[{"embeddable":true,"href":"https:\/\/diarioregionaldigital.com.br\/index.php?rest_route=\/wp\/v2\/media\/180920"}],"wp:attachment":[{"href":"https:\/\/diarioregionaldigital.com.br\/index.php?rest_route=%2Fwp%2Fv2%2Fmedia&parent=180919"}],"wp:term":[{"taxonomy":"category","embeddable":true,"href":"https:\/\/diarioregionaldigital.com.br\/index.php?rest_route=%2Fwp%2Fv2%2Fcategories&post=180919"},{"taxonomy":"post_tag","embeddable":true,"href":"https:\/\/diarioregionaldigital.com.br\/index.php?rest_route=%2Fwp%2Fv2%2Ftags&post=180919"}],"curies":[{"name":"wp","href":"https:\/\/api.w.org\/{rel}","templated":true}]}}