{"id":180905,"date":"2021-04-14T06:00:38","date_gmt":"2021-04-14T09:00:38","guid":{"rendered":"https:\/\/diarioregionaldigital.com.br\/?p=180905"},"modified":"2021-04-14T00:59:02","modified_gmt":"2021-04-14T03:59:02","slug":"ensino-de-primeira","status":"publish","type":"post","link":"https:\/\/diarioregionaldigital.com.br\/?p=180905","title":{"rendered":"Ensino de Primeira"},"content":{"rendered":"<p style=\"text-align: center;\"><strong>Match Perfeito<\/strong><\/p>\n<p style=\"text-align: center;\">Indispens\u00e1veis na luta contra a Covid-19, as m\u00e1scaras est\u00e3o cada vez mais fashion \u2013 e impactantes. Na \u00faltima edi\u00e7\u00e3o do pr\u00eamio Grammy, arrasaram: Beyonc\u00e9 dramatizou com um modelo preto, usando Gucci, Harry Styles e Billie Eilish e tombando tudo Taylor Schimidt com modelito e m\u00e1scara floral rom\u00e2ntica de Oscar de La Renta.<\/p>\n<p style=\"text-align: center;\"><strong>Aten\u00e7\u00e3o Navegantes<\/strong><\/p>\n<p style=\"text-align: center;\">No per\u00edodo da pandemia, as viagens tem dado mais dor de cabe\u00e7a ao consumidor. \u00c9 o que indicam os registros na plataforma consumidor Gov, ferramenta do Minist\u00e9rio da Justi\u00e7a. Entre janeiro e mar\u00e7o deste ano, foram 7.807 reclama\u00e7\u00f5es sobre viagens, turismo e hospedagem. Viajar em 2021, tornou-se um campo minado.<\/p>\n<p style=\"text-align: center;\"><strong>Solidariedade<\/strong><\/p>\n<p style=\"text-align: center;\">Muito ativo e din\u00e2mico, simp\u00e1tico Jefferson Janu\u00e1rio \u2013 Negro B\u00fassola \u00e9 unanimidade em fazer o bem. Mesmo com a pandemia n\u00e3o parou nem um dia com os trabalhos sociais que realiza na Casa de Cultura Evailton Vilela, no Bairro Santa Efig\u00eania.<\/p>\n<p style=\"text-align: center;\"><strong>Ensino de Primeira<\/strong><\/p>\n<p style=\"text-align: center;\">Tradicional em Juiz de Fora, o Col\u00e9gio Academia comemora 130 anos, com um v\u00eddeo institucional agradecendo os milhares de alunos que passaram por l\u00e1 e est\u00e3o espalhados por todo o Brasil e exterior.<\/p>\n<div id=\"attachment_180888\" style=\"width: 690px\" class=\"wp-caption aligncenter\"><img loading=\"lazy\" decoding=\"async\" aria-describedby=\"caption-attachment-180888\" class=\"wp-image-180888\" src=\"https:\/\/diarioregionaldigital.com.br\/wp-content\/uploads\/2021\/04\/fotoa-7-e1618372367665.jpg\" alt=\"\" width=\"680\" height=\"524\" srcset=\"https:\/\/diarioregionaldigital.com.br\/wp-content\/uploads\/2021\/04\/fotoa-7-e1618372367665.jpg 522w, https:\/\/diarioregionaldigital.com.br\/wp-content\/uploads\/2021\/04\/fotoa-7-e1618372367665-300x231.jpg 300w, https:\/\/diarioregionaldigital.com.br\/wp-content\/uploads\/2021\/04\/fotoa-7-e1618372367665-360x277.jpg 360w\" sizes=\"auto, (max-width: 680px) 100vw, 680px\" \/><p id=\"caption-attachment-180888\" class=\"wp-caption-text\">A bel\u00edssima Raphaela Trist\u00e3o Bragagnolo no auge de sua sadia juventude, \u00e9 destaque hoje nesta p\u00e1gina social<\/p><\/div>\n<div id=\"attachment_180890\" style=\"width: 690px\" class=\"wp-caption aligncenter\"><img loading=\"lazy\" decoding=\"async\" aria-describedby=\"caption-attachment-180890\" class=\"wp-image-180890\" src=\"https:\/\/diarioregionaldigital.com.br\/wp-content\/uploads\/2021\/04\/fotob-6-e1618372412156.jpg\" alt=\"\" width=\"680\" height=\"465\" srcset=\"https:\/\/diarioregionaldigital.com.br\/wp-content\/uploads\/2021\/04\/fotob-6-e1618372412156.jpg 1766w, https:\/\/diarioregionaldigital.com.br\/wp-content\/uploads\/2021\/04\/fotob-6-e1618372412156-300x205.jpg 300w, https:\/\/diarioregionaldigital.com.br\/wp-content\/uploads\/2021\/04\/fotob-6-e1618372412156-1024x700.jpg 1024w, https:\/\/diarioregionaldigital.com.br\/wp-content\/uploads\/2021\/04\/fotob-6-e1618372412156-768x525.jpg 768w, https:\/\/diarioregionaldigital.com.br\/wp-content\/uploads\/2021\/04\/fotob-6-e1618372412156-1536x1051.jpg 1536w, https:\/\/diarioregionaldigital.com.br\/wp-content\/uploads\/2021\/04\/fotob-6-e1618372412156-360x246.jpg 360w\" sizes=\"auto, (max-width: 680px) 100vw, 680px\" \/><p id=\"caption-attachment-180890\" class=\"wp-caption-text\">Antes da pandemia, Silvana Marques estrelou show de dan\u00e7a na sua Esta\u00e7\u00e3o Cultural<\/p><\/div>\n<div id=\"attachment_180895\" style=\"width: 690px\" class=\"wp-caption aligncenter\"><img loading=\"lazy\" decoding=\"async\" aria-describedby=\"caption-attachment-180895\" class=\"wp-image-180895\" src=\"https:\/\/diarioregionaldigital.com.br\/wp-content\/uploads\/2021\/04\/fotog-6-e1618372516643.jpg\" alt=\"\" width=\"680\" height=\"467\" srcset=\"https:\/\/diarioregionaldigital.com.br\/wp-content\/uploads\/2021\/04\/fotog-6-e1618372516643.jpg 897w, https:\/\/diarioregionaldigital.com.br\/wp-content\/uploads\/2021\/04\/fotog-6-e1618372516643-300x206.jpg 300w, https:\/\/diarioregionaldigital.com.br\/wp-content\/uploads\/2021\/04\/fotog-6-e1618372516643-768x527.jpg 768w, https:\/\/diarioregionaldigital.com.br\/wp-content\/uploads\/2021\/04\/fotog-6-e1618372516643-360x247.jpg 360w, https:\/\/diarioregionaldigital.com.br\/wp-content\/uploads\/2021\/04\/fotog-6-e1618372516643-100x70.jpg 100w\" sizes=\"auto, (max-width: 680px) 100vw, 680px\" \/><p id=\"caption-attachment-180895\" class=\"wp-caption-text\">Festejando os 93 anos de Cine Theatro Central, o cantor das multid\u00f5es, Alexandre Pereira<\/p><\/div>\n<div id=\"attachment_180889\" style=\"width: 690px\" class=\"wp-caption aligncenter\"><img loading=\"lazy\" decoding=\"async\" aria-describedby=\"caption-attachment-180889\" class=\"wp-image-180889\" src=\"https:\/\/diarioregionaldigital.com.br\/wp-content\/uploads\/2021\/04\/fotoaa-5-e1618372392563.jpeg\" alt=\"\" width=\"680\" height=\"490\" srcset=\"https:\/\/diarioregionaldigital.com.br\/wp-content\/uploads\/2021\/04\/fotoaa-5-e1618372392563.jpeg 568w, https:\/\/diarioregionaldigital.com.br\/wp-content\/uploads\/2021\/04\/fotoaa-5-e1618372392563-300x216.jpeg 300w, https:\/\/diarioregionaldigital.com.br\/wp-content\/uploads\/2021\/04\/fotoaa-5-e1618372392563-360x259.jpeg 360w\" sizes=\"auto, (max-width: 680px) 100vw, 680px\" \/><p id=\"caption-attachment-180889\" class=\"wp-caption-text\">O professor Paulo S\u00e9rgio Morse e o amigo V\u00edtor Soti no outono em Monte Verde<\/p><\/div>\n<div id=\"attachment_180891\" style=\"width: 690px\" class=\"wp-caption aligncenter\"><img loading=\"lazy\" decoding=\"async\" aria-describedby=\"caption-attachment-180891\" class=\"wp-image-180891\" src=\"https:\/\/diarioregionaldigital.com.br\/wp-content\/uploads\/2021\/04\/fotoc-8-e1618372440614.jpg\" alt=\"\" width=\"680\" height=\"449\" srcset=\"https:\/\/diarioregionaldigital.com.br\/wp-content\/uploads\/2021\/04\/fotoc-8-e1618372440614.jpg 516w, https:\/\/diarioregionaldigital.com.br\/wp-content\/uploads\/2021\/04\/fotoc-8-e1618372440614-300x198.jpg 300w, https:\/\/diarioregionaldigital.com.br\/wp-content\/uploads\/2021\/04\/fotoc-8-e1618372440614-360x238.jpg 360w\" sizes=\"auto, (max-width: 680px) 100vw, 680px\" \/><p id=\"caption-attachment-180891\" class=\"wp-caption-text\">O querido Rafael Barino, exercitando em seu reduto em Ibitipoca<\/p><\/div>\n<div id=\"attachment_180892\" style=\"width: 690px\" class=\"wp-caption aligncenter\"><img loading=\"lazy\" decoding=\"async\" aria-describedby=\"caption-attachment-180892\" class=\"wp-image-180892\" src=\"https:\/\/diarioregionaldigital.com.br\/wp-content\/uploads\/2021\/04\/fotod-6-e1618372459932.jpg\" alt=\"\" width=\"680\" height=\"473\" srcset=\"https:\/\/diarioregionaldigital.com.br\/wp-content\/uploads\/2021\/04\/fotod-6-e1618372459932.jpg 1190w, https:\/\/diarioregionaldigital.com.br\/wp-content\/uploads\/2021\/04\/fotod-6-e1618372459932-300x210.jpg 300w, https:\/\/diarioregionaldigital.com.br\/wp-content\/uploads\/2021\/04\/fotod-6-e1618372459932-1024x712.jpg 1024w, https:\/\/diarioregionaldigital.com.br\/wp-content\/uploads\/2021\/04\/fotod-6-e1618372459932-768x534.jpg 768w, https:\/\/diarioregionaldigital.com.br\/wp-content\/uploads\/2021\/04\/fotod-6-e1618372459932-360x250.jpg 360w, https:\/\/diarioregionaldigital.com.br\/wp-content\/uploads\/2021\/04\/fotod-6-e1618372459932-100x70.jpg 100w\" sizes=\"auto, (max-width: 680px) 100vw, 680px\" \/><p id=\"caption-attachment-180892\" class=\"wp-caption-text\">Jovens lindos e talentosos, o cantor Pablo Bressan Zanchetta e Paula Reis<\/p><\/div>\n<div id=\"attachment_180896\" style=\"width: 690px\" class=\"wp-caption aligncenter\"><img loading=\"lazy\" decoding=\"async\" aria-describedby=\"caption-attachment-180896\" class=\"wp-image-180896\" src=\"https:\/\/diarioregionaldigital.com.br\/wp-content\/uploads\/2021\/04\/fotoh-6-e1618372554281.jpg\" alt=\"\" width=\"680\" height=\"490\" srcset=\"https:\/\/diarioregionaldigital.com.br\/wp-content\/uploads\/2021\/04\/fotoh-6-e1618372554281.jpg 494w, https:\/\/diarioregionaldigital.com.br\/wp-content\/uploads\/2021\/04\/fotoh-6-e1618372554281-300x216.jpg 300w, https:\/\/diarioregionaldigital.com.br\/wp-content\/uploads\/2021\/04\/fotoh-6-e1618372554281-360x259.jpg 360w\" sizes=\"auto, (max-width: 680px) 100vw, 680px\" \/><p id=\"caption-attachment-180896\" class=\"wp-caption-text\">Em ritmo de P\u00e1scoa, os lindos Th\u00e9o Vianna Whitaker e sua m\u00e3e Gesane Vianna Whitaker<\/p><\/div>\n<div id=\"attachment_180893\" style=\"width: 690px\" class=\"wp-caption aligncenter\"><img loading=\"lazy\" decoding=\"async\" aria-describedby=\"caption-attachment-180893\" class=\"wp-image-180893\" src=\"https:\/\/diarioregionaldigital.com.br\/wp-content\/uploads\/2021\/04\/fotoe-7-e1618372477613.jpg\" alt=\"\" width=\"680\" height=\"501\" srcset=\"https:\/\/diarioregionaldigital.com.br\/wp-content\/uploads\/2021\/04\/fotoe-7-e1618372477613.jpg 1021w, https:\/\/diarioregionaldigital.com.br\/wp-content\/uploads\/2021\/04\/fotoe-7-e1618372477613-300x221.jpg 300w, https:\/\/diarioregionaldigital.com.br\/wp-content\/uploads\/2021\/04\/fotoe-7-e1618372477613-768x566.jpg 768w, https:\/\/diarioregionaldigital.com.br\/wp-content\/uploads\/2021\/04\/fotoe-7-e1618372477613-360x265.jpg 360w\" sizes=\"auto, (max-width: 680px) 100vw, 680px\" \/><p id=\"caption-attachment-180893\" class=\"wp-caption-text\">Elizangela Nogueira festejou o aniversario da linda filha Ana Clara Nogueira antes da pandemia<\/p><\/div>\n<div id=\"attachment_180894\" style=\"width: 690px\" class=\"wp-caption aligncenter\"><img loading=\"lazy\" decoding=\"async\" aria-describedby=\"caption-attachment-180894\" class=\"wp-image-180894\" src=\"https:\/\/diarioregionaldigital.com.br\/wp-content\/uploads\/2021\/04\/fotof-6-e1618372498409.jpg\" alt=\"\" width=\"680\" height=\"487\" srcset=\"https:\/\/diarioregionaldigital.com.br\/wp-content\/uploads\/2021\/04\/fotof-6-e1618372498409.jpg 883w, https:\/\/diarioregionaldigital.com.br\/wp-content\/uploads\/2021\/04\/fotof-6-e1618372498409-300x215.jpg 300w, https:\/\/diarioregionaldigital.com.br\/wp-content\/uploads\/2021\/04\/fotof-6-e1618372498409-768x551.jpg 768w, https:\/\/diarioregionaldigital.com.br\/wp-content\/uploads\/2021\/04\/fotof-6-e1618372498409-360x258.jpg 360w\" sizes=\"auto, (max-width: 680px) 100vw, 680px\" \/><p id=\"caption-attachment-180894\" class=\"wp-caption-text\">Gente talentosa de m\u00eddia e empreendedorismo: Robson Rocha, Fernando Agra e Michele Pacheco<\/p><\/div>\n<p style=\"text-align: center;\"><strong>FOTOSS\u00cdNTESE<\/strong><\/p>\n<p>Com trabalhos maravilhosos, o artista pl\u00e1stico Wesley Monteiro est\u00e1 com exposi\u00e7\u00e3o virtual on-line na Galeria Casa D\u2019It\u00e1lia Juiz de Fora. O tema \u00e9 \u201cDo Cubismo ao Abstrato\u201d.<\/p>\n<p>Com milhares de visualiza\u00e7\u00f5es a cantora Emi Martes contabiliza sucesso em todas as plataformas de streaming e no YouTube.<\/p>\n<p>O Curso Sirius de Juiz de Fora e a sensa\u00e7\u00e3o do momento em aprova\u00e7\u00e3o em concursos militares.<\/p>\n<p>Em avalia\u00e7\u00e3o: coment\u00e1rio nos bastidores pol\u00edticos em Juiz de Fora, d\u00e3o conta que a avalia\u00e7\u00e3o de gest\u00e3o das politicas para idosos n\u00e3o \u00e9 a \u00fanica que est\u00e1 sendo feita na Prefeitura. H\u00e1 tamb\u00e9m discuss\u00f5es na \u00e1rea cultural, especialmente em torno do Museu Mariano Proc\u00f3pio.<\/p>\n<p>A Funda\u00e7\u00e3o Maria M\u00e3e-Obra dos Pequeninos de Jesus, recebe doa\u00e7\u00e3o de alimentos, roupas, cal\u00e7ados, caixa de leite e itens de higiene. Para doar: 3212-5072.<\/p>\n<p>O diretor executivo da Nagai, Felipe Mota (Pr\u00eamio Melhores do Ano-Di\u00e1rio Regional\/RCWTV), est\u00e1 entusiasmado com o lan\u00e7amento Do novo Kicks, modelo da Nissan que prima pelo design, tecnologia safety shield e integra\u00e7\u00e3o motorista e carro.<\/p>\n<p>Um proveitoso Simp\u00f3sio est\u00e1 reunindo residentes e discute sub especialidades na Santa Casa. O evento ser\u00e1 realizado at\u00e9 novembro deste ano e conta com residentes da pr\u00f3pria unidade, do HU\/UFJF e do Hospital Maternidade Therezinha de Jesus.<\/p>\n<p>Aviso: N\u00e3o esquecer: Superior \u00e9 aquele que sabe que na verdade ningu\u00e9m \u00e9 melhor do que ningu\u00e9m. Bom dia.<\/p>\n<p><img loading=\"lazy\" decoding=\"async\" class=\"aligncenter size-full wp-image-180897\" src=\"https:\/\/diarioregionaldigital.com.br\/wp-content\/uploads\/2021\/04\/anuncio55-scaled.jpg\" alt=\"\" width=\"2560\" height=\"987\" srcset=\"https:\/\/diarioregionaldigital.com.br\/wp-content\/uploads\/2021\/04\/anuncio55-scaled.jpg 2560w, https:\/\/diarioregionaldigital.com.br\/wp-content\/uploads\/2021\/04\/anuncio55-300x116.jpg 300w, https:\/\/diarioregionaldigital.com.br\/wp-content\/uploads\/2021\/04\/anuncio55-1024x395.jpg 1024w, https:\/\/diarioregionaldigital.com.br\/wp-content\/uploads\/2021\/04\/anuncio55-768x296.jpg 768w, https:\/\/diarioregionaldigital.com.br\/wp-content\/uploads\/2021\/04\/anuncio55-1536x592.jpg 1536w, https:\/\/diarioregionaldigital.com.br\/wp-content\/uploads\/2021\/04\/anuncio55-2048x790.jpg 2048w, https:\/\/diarioregionaldigital.com.br\/wp-content\/uploads\/2021\/04\/anuncio55-360x139.jpg 360w\" sizes=\"auto, (max-width: 2560px) 100vw, 2560px\" \/><\/p>\n","protected":false},"excerpt":{"rendered":"<p>Match Perfeito Indispens\u00e1veis na luta contra a Covid-19, as m\u00e1scaras est\u00e3o cada vez mais fashion \u2013 e impactantes. Na \u00faltima edi\u00e7\u00e3o do pr\u00eamio Grammy, arrasaram: Beyonc\u00e9 dramatizou com um modelo preto, usando Gucci, Harry Styles e Billie Eilish e tombando tudo Taylor Schimidt com modelito e m\u00e1scara floral rom\u00e2ntica de Oscar de La Renta. Aten\u00e7\u00e3o [&hellip;]<\/p>\n","protected":false},"author":253,"featured_media":180888,"comment_status":"closed","ping_status":"closed","sticky":false,"template":"","format":"standard","meta":{"footnotes":""},"categories":[264],"tags":[],"class_list":["post-180905","post","type-post","status-publish","format-standard","has-post-thumbnail","hentry","category-eduardo-gomes"],"_links":{"self":[{"href":"https:\/\/diarioregionaldigital.com.br\/index.php?rest_route=\/wp\/v2\/posts\/180905","targetHints":{"allow":["GET"]}}],"collection":[{"href":"https:\/\/diarioregionaldigital.com.br\/index.php?rest_route=\/wp\/v2\/posts"}],"about":[{"href":"https:\/\/diarioregionaldigital.com.br\/index.php?rest_route=\/wp\/v2\/types\/post"}],"author":[{"embeddable":true,"href":"https:\/\/diarioregionaldigital.com.br\/index.php?rest_route=\/wp\/v2\/users\/253"}],"replies":[{"embeddable":true,"href":"https:\/\/diarioregionaldigital.com.br\/index.php?rest_route=%2Fwp%2Fv2%2Fcomments&post=180905"}],"version-history":[{"count":1,"href":"https:\/\/diarioregionaldigital.com.br\/index.php?rest_route=\/wp\/v2\/posts\/180905\/revisions"}],"predecessor-version":[{"id":180906,"href":"https:\/\/diarioregionaldigital.com.br\/index.php?rest_route=\/wp\/v2\/posts\/180905\/revisions\/180906"}],"wp:featuredmedia":[{"embeddable":true,"href":"https:\/\/diarioregionaldigital.com.br\/index.php?rest_route=\/wp\/v2\/media\/180888"}],"wp:attachment":[{"href":"https:\/\/diarioregionaldigital.com.br\/index.php?rest_route=%2Fwp%2Fv2%2Fmedia&parent=180905"}],"wp:term":[{"taxonomy":"category","embeddable":true,"href":"https:\/\/diarioregionaldigital.com.br\/index.php?rest_route=%2Fwp%2Fv2%2Fcategories&post=180905"},{"taxonomy":"post_tag","embeddable":true,"href":"https:\/\/diarioregionaldigital.com.br\/index.php?rest_route=%2Fwp%2Fv2%2Ftags&post=180905"}],"curies":[{"name":"wp","href":"https:\/\/api.w.org\/{rel}","templated":true}]}}