{"id":180870,"date":"2021-04-13T19:47:56","date_gmt":"2021-04-13T22:47:56","guid":{"rendered":"https:\/\/diarioregionaldigital.com.br\/?p=180870"},"modified":"2021-04-13T19:47:56","modified_gmt":"2021-04-13T22:47:56","slug":"mais-de-16-mil-novas-doses-sao-recebidas-pela-pjf-para-complementacao-do-esquema-vacinal","status":"publish","type":"post","link":"https:\/\/diarioregionaldigital.com.br\/?p=180870","title":{"rendered":"Mais de 16 mil novas doses s\u00e3o recebidas pela PJF para complementa\u00e7\u00e3o do esquema vacinal"},"content":{"rendered":"<div id=\"box_texto_noticia\">A Prefeitura de Juiz de Fora (PJF) recebeu a 11\u00aa remessa de com 16.355 imunobiol\u00f3gicos para a vacina\u00e7\u00e3o contra o coronav\u00edrus (Covid-19), nesta ter\u00e7a-feira, 13. De total a remessa, 10.340 imunizantes ser\u00e3o destinados \u00e0 aplica\u00e7\u00e3o da 2\u00aa dose relativa ao esquema vacinal dos trabalhadores da sa\u00fade e da popula\u00e7\u00e3o de 70 a 74 anos. Al\u00e9m disso, 6.015 primeiras doses servir\u00e3o tamb\u00e9m para a continuidade de aplica\u00e7\u00e3o nos grupos de 65 a 69 anos e dos integrantes das For\u00e7as de Seguran\u00e7a e Salvamento.<\/p>\n<p>Segundo informa\u00e7\u00f5es do site da Prefeitura de Juiz de Fora, em rela\u00e7\u00e3o ao tipo de vacina, das 16.355 doses recebidas, 7.200 s\u00e3o Coronavac, sendo que 1.830 ser\u00e3o destinadas \u00e0s aplica\u00e7\u00f5es de 1\u00aa dose, e 5.370 da 2\u00aa. J\u00e1 da AstraZeneca, o munic\u00edpio recebeu 9.155 unidades, com 4.185 voltadas \u00e0 1\u00aa dose e o restante, 4.970, para a 2\u00aa.<\/p>\n<p>O foco da vacina\u00e7\u00e3o contra a Covid-19, nesta semana, ser\u00e1 de complementa\u00e7\u00e3o do esquema vacinal dos idosos de 65 anos ou mais e dos profissionais da sa\u00fade que j\u00e1 receberam os imunizantes. A vacina\u00e7\u00e3o ser\u00e1 feita em uma das 45 Unidades B\u00e1sicas de Sa\u00fade (UBSs), no Departamento de Sa\u00fade do Idoso (DSI) e no Sport Club Juiz de Fora.<\/p>\n<p><b>Vacina\u00e7\u00e3o Covid-19, locais e hor\u00e1rios:<\/b><\/p>\n<p>45 Unidades B\u00e1sicas de Sa\u00fade: 8h \u00e0s 11h.<br \/>\nDepartamento de Sa\u00fade do Idoso (DSI): 8h \u00e0s 16h.<br \/>\nSport Club Juiz de Fora: 9h \u00e0s 16h.<\/p>\n<p><b>Confira os endere\u00e7os de todas as UBSs com vacina\u00e7\u00e3o contra a Covid-19:<\/b><\/p>\n<p>1. UBS Alto Graja\u00fa Rua Doutor Leonel Jaguaribe, 178;<br \/>\n2. UBS Bairro Industrial Rua Jo\u00e3o Gualberto,110;<br \/>\n3. UBS Barreira do Triunfo Avenida Juscelino Kubitscheck, s\/n\u00ba;<br \/>\n4. UBS Benfica Rua Guararapes, 106;<br \/>\n5. UBS Borboleta Rua Tenente Paulo Maria Delage, 229;<br \/>\n6. UBS Centro Sul Avenida Rio Branco, 3132;<br \/>\n7. UBS Cidade do Sol Rua Gustavo Capanema, 70;<br \/>\n8. UBS Dom Bosco Rua Jo\u00e3o Manata, 93;<br \/>\n9. UBS Esplanada Rua Bias Fortes, 74;<br \/>\n10.UBS Filgueiras Rua Orlando Riani, 2.200;<br \/>\n11.UBS Furtado de Menezes Rua Furtado de Menezes, 19 \u00c0;<br \/>\n12.UBS Grama Pra\u00e7a \u00c1ureo Carneiro s\/n;<br \/>\n13.UBS Granjas Beth\u00e2nia Rua Nove de Julho, 294;<br \/>\n14.UBS Ipiranga Rua Etiene Loures, 85;<br \/>\n15.UBS Jardim da Lua Rua Natalino Jos\u00e9 de Paula, 314;<br \/>\n16.UBS Jardim Esperan\u00e7a Rua Padre Jo\u00e3o Micheleto, 35;<br \/>\n17.UBS Jardim Natal Rua Tenente Lucas Drumond, 370;<br \/>\n18.UBS Joquei Clube I Rua Antonio Armando Pereira, 140;<br \/>\n19.UBS Joquei Clube II Rua Antonio Guimar\u00e3es Peralva, 130;<br \/>\n20.UBS Linhares Rua Ministro Odilon Braga, s\/n\u00ba;<br \/>\n21.UBS Marumbi Rua Bar\u00e3o do Retiro, 1.462;<br \/>\n22.UBS Milho Branco Rua Nicolau Schuery, s\/n\u00ba;<br \/>\n23.UBS Monte Castelo Rua Doutor Oswaldo Mascarenhas, s\/n\u00ba;<br \/>\n24.UBS Nossa Senhora Aparecida Rua Nossa Senhora Aparecida, 775;<br \/>\n25.UBS Nossa Senhora das Gra\u00e7as Rua Queluz 72;<br \/>\n26.UBS Nossa Senhora de Lourdes Rua In\u00e1cio Gama, 813;<br \/>\n27.UBS Nova Era Rua Guimar\u00e3es Junior, 850;<br \/>\n28.UBS Parque Guarani Rua Sofia Rafael Zacarias, 685;<br \/>\n29.UBS Progresso Rua Jorge Knopp, 119;<br \/>\n30.UBS Retiro Rua Sebasti\u00e3o Cardoso, 41;<br \/>\n31.UBS Santa Cec\u00edlia Rua Gabriel Rodrigues, 900;<br \/>\n32.UBS Santa Cruz Rua Doutor Antonio Mour\u00e3o Guimar\u00e3es, 245;<br \/>\n33.UBS Santa Efig\u00eania Rua Jos\u00e9 Ferreira, 13;<br \/>\n34.UBS Santa Luzia Rua Torre\u00f5es, s\/n\u00ba;<br \/>\n35.UBS Santa Rita Rua Jos\u00e9 Vicente, 390;<br \/>\n36.UBS Santo Ant\u00f4nio Rua Pedro Trogo, 285;<br \/>\n37.UBS S\u00e3o Judas Tadeu Rua Ernesto Pancini, 446;<br \/>\n38.UBS S\u00e3o Pedro Rua Jo\u00e1o Louren\u00e7o Kelmer, 1433;<br \/>\n39.UBS S\u00e3o Sebasti\u00e3o Rua Jorge Raimundo, 209;<br \/>\n40.UBS Teixeiras Rua Cust\u00f3dio Furtado de Souza, 131;<br \/>\n41.UBS Vale dos Bandeirantes Rua Laurindo Nocelli, 100;<br \/>\n42.UBS Vale Verde Rua Marciano Pinto, 685;<br \/>\n43.UBS Vila Esperan\u00e7a Rua Nova, 30;<br \/>\n44.UBS Vila Ideal Avenida Francisco Valadares, 1910;<br \/>\n45.UBS Vila Olavo Costa Rua Jacinto Marcelino, 16.<\/p><\/div>\n<p>&nbsp;<\/p>\n<div id=\"box_compartilhar\" align=\"right\"><\/div>\n","protected":false},"excerpt":{"rendered":"<p>A Prefeitura de Juiz de Fora (PJF) recebeu a 11\u00aa remessa de com 16.355 imunobiol\u00f3gicos para a vacina\u00e7\u00e3o contra o coronav\u00edrus (Covid-19), nesta ter\u00e7a-feira, 13. De total a remessa, 10.340 imunizantes ser\u00e3o destinados \u00e0 aplica\u00e7\u00e3o da 2\u00aa dose relativa ao esquema vacinal dos trabalhadores da sa\u00fade e da popula\u00e7\u00e3o de 70 a 74 anos. Al\u00e9m [&hellip;]<\/p>\n","protected":false},"author":246,"featured_media":180871,"comment_status":"closed","ping_status":"closed","sticky":false,"template":"","format":"standard","meta":{"footnotes":""},"categories":[253,436,440,439],"tags":[],"class_list":["post-180870","post","type-post","status-publish","format-standard","has-post-thumbnail","hentry","category-cidade","category-destaque-da-semana","category-destaques-do-dia","category-ultima-hora"],"_links":{"self":[{"href":"https:\/\/diarioregionaldigital.com.br\/index.php?rest_route=\/wp\/v2\/posts\/180870","targetHints":{"allow":["GET"]}}],"collection":[{"href":"https:\/\/diarioregionaldigital.com.br\/index.php?rest_route=\/wp\/v2\/posts"}],"about":[{"href":"https:\/\/diarioregionaldigital.com.br\/index.php?rest_route=\/wp\/v2\/types\/post"}],"author":[{"embeddable":true,"href":"https:\/\/diarioregionaldigital.com.br\/index.php?rest_route=\/wp\/v2\/users\/246"}],"replies":[{"embeddable":true,"href":"https:\/\/diarioregionaldigital.com.br\/index.php?rest_route=%2Fwp%2Fv2%2Fcomments&post=180870"}],"version-history":[{"count":1,"href":"https:\/\/diarioregionaldigital.com.br\/index.php?rest_route=\/wp\/v2\/posts\/180870\/revisions"}],"predecessor-version":[{"id":180872,"href":"https:\/\/diarioregionaldigital.com.br\/index.php?rest_route=\/wp\/v2\/posts\/180870\/revisions\/180872"}],"wp:featuredmedia":[{"embeddable":true,"href":"https:\/\/diarioregionaldigital.com.br\/index.php?rest_route=\/wp\/v2\/media\/180871"}],"wp:attachment":[{"href":"https:\/\/diarioregionaldigital.com.br\/index.php?rest_route=%2Fwp%2Fv2%2Fmedia&parent=180870"}],"wp:term":[{"taxonomy":"category","embeddable":true,"href":"https:\/\/diarioregionaldigital.com.br\/index.php?rest_route=%2Fwp%2Fv2%2Fcategories&post=180870"},{"taxonomy":"post_tag","embeddable":true,"href":"https:\/\/diarioregionaldigital.com.br\/index.php?rest_route=%2Fwp%2Fv2%2Ftags&post=180870"}],"curies":[{"name":"wp","href":"https:\/\/api.w.org\/{rel}","templated":true}]}}