{"id":180855,"date":"2021-04-13T19:19:12","date_gmt":"2021-04-13T22:19:12","guid":{"rendered":"https:\/\/diarioregionaldigital.com.br\/?p=180855"},"modified":"2021-04-13T19:24:58","modified_gmt":"2021-04-13T22:24:58","slug":"jf-volei-vence-e-garante-acesso-a-superliga-a","status":"publish","type":"post","link":"https:\/\/diarioregionaldigital.com.br\/?p=180855","title":{"rendered":"JF V\u00f4lei vence Aeroclube (RN) e garante acesso \u00e0 Superliga A"},"content":{"rendered":"<p data-raofz=\"16\">A caminhada foi dif\u00edcil, com todos os percal\u00e7os t\u00edpicos de uma jornada \u00e9pica. Com poucos recursos, em meio \u00e0 inseguran\u00e7a de uma pandemia de Covid, sem autoriza\u00e7\u00e3o para jogar em sua antiga \u201ccasa\u201d, jogos com mando invertido, fora da cidade e, por fim, sem espa\u00e7o para treinar. O JF V\u00f4lei foi superando cada obst\u00e1culo e, assim, um jogo ap\u00f3s o outro, venceu suas 11 partidas e, de maneira incontest\u00e1vel, conquistou o t\u00e3o sonhado retorno \u00e0 Superliga A. A derradeira batalha \u2013 que n\u00e3o poderia ser mais emocionante \u2013 foi travada nesta ter\u00e7a-feira (13), em Contagem, ao vencer o Unimed Aero por 3\u00d72 (25\u00d720\/18\u00d725\/20\u00d725\/27\u00d725\/15\u00d710), fechar a s\u00e9rie em 2\u00d70 e avan\u00e7ar \u00e0s finais que d\u00e3o passaporte direto para a elite do v\u00f4lei nacional.<\/p>\n<p data-raofz=\"16\"><strong>O JOGO<\/strong><\/p>\n<p data-raofz=\"16\">O primeiro set come\u00e7ou com grande equil\u00edbrio entre as equipes at\u00e9 o ponto 13, quando Celestino foi para o saque e, em forte sequ\u00eancia, possibilitou a dianteira da equipe local, que n\u00e3o perdeu mais a lideran\u00e7a. Depois, com novos saques for\u00e7ados de Viller, a equipe abriu ainda mais (25\u00d720).<\/p>\n<p data-raofz=\"16\">O Unimed Aero arriscou tudo no saque na segunda parcial, sobretudo com Robert, Pedro e Max, fez 13 pontos de ataque, contra 7 do JF V\u00f4lei. A diiferen\u00e7a foi fundamental para a vantagem na reta final do set (19\u00d725).<\/p>\n<p data-raofz=\"16\">A equipe de Juiz de Fora encontrou muitas dificuldades na terceira parcial. N\u00e3o conseguiu virar as bolas e viu o advers\u00e1rio abrir vantagem. No final do set, o time local retomou a competitividade, mas coube ao Aero administrar o placar (20\u00d725).<\/p>\n<p data-raofz=\"16\">O quarto set foi o mais nervoso da partida, com as duas equipe se revezando no placar, reviravoltas e a retomada da concentra\u00e7\u00e3o do time do JF V\u00f4lei, sobretudo ap\u00f3s a entrada de Thiago na equipe, que \u2013 virando as bolas decisivas \u2013 conseguiu levar o jogo para o tie-break (27\u00d725).<\/p>\n<p data-raofz=\"16\">No set decisivo, apareceu novamente a experi\u00eancia de Viller nas bolas mais dif\u00edceis, o grande jogo de Thiago, a consist\u00eancia de sempre de Dayan na defesa e as varia\u00e7\u00f5es de Gustavo nas bolas com Pilan, Bruno e Paolinetti. Na segunda metade da parcial, o time abriu vantagem e n\u00e3o perdeu mais, virando todas as bolas (15\u00d710).<\/p>\n<p data-raofz=\"16\"><strong>A CAMPANHA<\/strong><\/p>\n<p data-raofz=\"16\">\u00c9 importante destacar o contexto dessa trajet\u00f3ria, que come\u00e7ou ainda em 2020. A manuten\u00e7\u00e3o da comiss\u00e3o t\u00e9cnica que dirigiu o time na cancelada edi\u00e7\u00e3o da competi\u00e7\u00e3o naquele ano foi decisiva para a montagem do elenco que, a partir de setembro, foi sendo anunciado.<\/p>\n<p data-raofz=\"16\">A articula\u00e7\u00e3o do diretor Maur\u00edcio Bara com o t\u00e9cnico Marcos Nascimento produziu um elenco jovem, alguns com identifica\u00e7\u00e3o com o projeto, como o capit\u00e3o Pilan e o central Bruno, outros com potencial grande de crescimento, como o ponteiro Celestino e o l\u00edbero Dayan, e alguns vindos de longe, como o levantador Gustavo, que jogou temporada na Espanha. A garantia de experi\u00eancia veio justamente na \u00faltima contrata\u00e7\u00e3o, do ponteiro argentino Viller, de 32 anos, j\u00e1 com passagens importantes na liga do pa\u00eds vizinho.<\/p>\n<p data-raofz=\"16\">Antes ainda da subida da bola no primeiro jogo, contra o Vila Nova, o primeiro rev\u00e9s: a recusa da UFJF em liberar as partidas em casa no gin\u00e1sio da Faculdade de Educa\u00e7\u00e3o F\u00edsica, por conta de seu protocolo contra a Covid-19. A partir dali, o mando dos jogos do JF V\u00f4lei aconteceu em Contagem, no Gin\u00e1sio do Riacho, que acolheu o time. A torcida apaixonada n\u00e3o se abateu e acompanhou com grande intera\u00e7\u00e3o as partidas por meio das redes sociais e do Canal V\u00f4lei Brasil. Respons\u00e1vel pela viabilidade das transmiss\u00f5es, o JF V\u00f4lei garantiu a exibi\u00e7\u00e3o de todos os seus jogos de mandante.<\/p>\n<p data-raofz=\"16\">Depois de chegar aos playoffs de maneira invicta, o time viveu as amea\u00e7as de suspens\u00e3o da competi\u00e7\u00e3o em raz\u00e3o da gravidade da pandemia, ficou quase duas semanas em compasso de espera sem local para treinar, mas manteve a concentra\u00e7\u00e3o e, principalmente, o equil\u00edbrio para encarar cada jogo como se fosse o do acesso, que agora veio de forma merecida. Antes, por\u00e9m, ainda resta a final da Superliga B contra o Bras\u00edlia V\u00f4lei, em data ainda a ser marcada pela CBV.<\/p>\n<p>Fonte: Assessoria JF V\u00f4lei<\/p>\n","protected":false},"excerpt":{"rendered":"<p>A caminhada foi dif\u00edcil, com todos os percal\u00e7os t\u00edpicos de uma jornada \u00e9pica. Com poucos recursos, em meio \u00e0 inseguran\u00e7a de uma pandemia de Covid, sem autoriza\u00e7\u00e3o para jogar em sua antiga \u201ccasa\u201d, jogos com mando invertido, fora da cidade e, por fim, sem espa\u00e7o para treinar. O JF V\u00f4lei foi superando cada obst\u00e1culo e, [&hellip;]<\/p>\n","protected":false},"author":246,"featured_media":180856,"comment_status":"closed","ping_status":"closed","sticky":false,"template":"","format":"standard","meta":{"footnotes":""},"categories":[436,440,257,262,439],"tags":[],"class_list":["post-180855","post","type-post","status-publish","format-standard","has-post-thumbnail","hentry","category-destaque-da-semana","category-destaques-do-dia","category-esporte","category-noticias","category-ultima-hora"],"_links":{"self":[{"href":"https:\/\/diarioregionaldigital.com.br\/index.php?rest_route=\/wp\/v2\/posts\/180855","targetHints":{"allow":["GET"]}}],"collection":[{"href":"https:\/\/diarioregionaldigital.com.br\/index.php?rest_route=\/wp\/v2\/posts"}],"about":[{"href":"https:\/\/diarioregionaldigital.com.br\/index.php?rest_route=\/wp\/v2\/types\/post"}],"author":[{"embeddable":true,"href":"https:\/\/diarioregionaldigital.com.br\/index.php?rest_route=\/wp\/v2\/users\/246"}],"replies":[{"embeddable":true,"href":"https:\/\/diarioregionaldigital.com.br\/index.php?rest_route=%2Fwp%2Fv2%2Fcomments&post=180855"}],"version-history":[{"count":4,"href":"https:\/\/diarioregionaldigital.com.br\/index.php?rest_route=\/wp\/v2\/posts\/180855\/revisions"}],"predecessor-version":[{"id":180860,"href":"https:\/\/diarioregionaldigital.com.br\/index.php?rest_route=\/wp\/v2\/posts\/180855\/revisions\/180860"}],"wp:featuredmedia":[{"embeddable":true,"href":"https:\/\/diarioregionaldigital.com.br\/index.php?rest_route=\/wp\/v2\/media\/180856"}],"wp:attachment":[{"href":"https:\/\/diarioregionaldigital.com.br\/index.php?rest_route=%2Fwp%2Fv2%2Fmedia&parent=180855"}],"wp:term":[{"taxonomy":"category","embeddable":true,"href":"https:\/\/diarioregionaldigital.com.br\/index.php?rest_route=%2Fwp%2Fv2%2Fcategories&post=180855"},{"taxonomy":"post_tag","embeddable":true,"href":"https:\/\/diarioregionaldigital.com.br\/index.php?rest_route=%2Fwp%2Fv2%2Ftags&post=180855"}],"curies":[{"name":"wp","href":"https:\/\/api.w.org\/{rel}","templated":true}]}}