{"id":180815,"date":"2021-04-12T21:03:55","date_gmt":"2021-04-13T00:03:55","guid":{"rendered":"https:\/\/diarioregionaldigital.com.br\/?p=180815"},"modified":"2021-04-12T21:03:55","modified_gmt":"2021-04-13T00:03:55","slug":"minas-gerais-ultrapassa-a-marca-de-28-mil-obitos-por-covid-19-desde-o-inicio-da-pandemia","status":"publish","type":"post","link":"https:\/\/diarioregionaldigital.com.br\/?p=180815","title":{"rendered":"Minas Gerais ultrapassa a marca de 28 mil \u00f3bitos por Covid-19 desde o in\u00edcio da pandemia"},"content":{"rendered":"<p>A Secretaria de Estado da Sa\u00fade de Minas Gerais (SES-MG), publicou nesta segunda-feira (12), o <a href=\"https:\/\/coronavirus.saude.mg.gov.br\/images\/1_2021\/01-boletim\/12-04-COVID-19_BOLETIM20210412.pdf\">novo boletim<\/a> referente ao Coronav\u00edrus. O levantamento aponta que o estado notificou mais 2.841 novos casos da doen\u00e7a, totalizando 1.228.659 pessoas infectadas. Os dados indicam que foram registradas mais 86 mortes, contabilizando 28.090 \u00f3bitos.<\/p>\n<p>Al\u00e9m disso, 1.112.739 pacientes est\u00e3o recuperados da doen\u00e7a, representando 90,5 % dos casos. Quanto aos dados de hospitaliza\u00e7\u00e3o, 101.979 estiveram internados e 1.126.680 j\u00e1 fizeram isolamento domiciliar. At\u00e9 o momento, 2.319.286 pessoas receberam a primeira dose da vacina e 727.451 a segunda.<\/p>\n","protected":false},"excerpt":{"rendered":"<p>A Secretaria de Estado da Sa\u00fade de Minas Gerais (SES-MG), publicou nesta segunda-feira (12), o novo boletim referente ao Coronav\u00edrus. O levantamento aponta que o estado notificou mais 2.841 novos casos da doen\u00e7a, totalizando 1.228.659 pessoas infectadas. Os dados indicam que foram registradas mais 86 mortes, contabilizando 28.090 \u00f3bitos. Al\u00e9m disso, 1.112.739 pacientes est\u00e3o recuperados [&hellip;]<\/p>\n","protected":false},"author":246,"featured_media":180816,"comment_status":"closed","ping_status":"closed","sticky":false,"template":"","format":"standard","meta":{"footnotes":""},"categories":[252,439],"tags":[],"class_list":["post-180815","post","type-post","status-publish","format-standard","has-post-thumbnail","hentry","category-regiao","category-ultima-hora"],"_links":{"self":[{"href":"https:\/\/diarioregionaldigital.com.br\/index.php?rest_route=\/wp\/v2\/posts\/180815","targetHints":{"allow":["GET"]}}],"collection":[{"href":"https:\/\/diarioregionaldigital.com.br\/index.php?rest_route=\/wp\/v2\/posts"}],"about":[{"href":"https:\/\/diarioregionaldigital.com.br\/index.php?rest_route=\/wp\/v2\/types\/post"}],"author":[{"embeddable":true,"href":"https:\/\/diarioregionaldigital.com.br\/index.php?rest_route=\/wp\/v2\/users\/246"}],"replies":[{"embeddable":true,"href":"https:\/\/diarioregionaldigital.com.br\/index.php?rest_route=%2Fwp%2Fv2%2Fcomments&post=180815"}],"version-history":[{"count":1,"href":"https:\/\/diarioregionaldigital.com.br\/index.php?rest_route=\/wp\/v2\/posts\/180815\/revisions"}],"predecessor-version":[{"id":180817,"href":"https:\/\/diarioregionaldigital.com.br\/index.php?rest_route=\/wp\/v2\/posts\/180815\/revisions\/180817"}],"wp:featuredmedia":[{"embeddable":true,"href":"https:\/\/diarioregionaldigital.com.br\/index.php?rest_route=\/wp\/v2\/media\/180816"}],"wp:attachment":[{"href":"https:\/\/diarioregionaldigital.com.br\/index.php?rest_route=%2Fwp%2Fv2%2Fmedia&parent=180815"}],"wp:term":[{"taxonomy":"category","embeddable":true,"href":"https:\/\/diarioregionaldigital.com.br\/index.php?rest_route=%2Fwp%2Fv2%2Fcategories&post=180815"},{"taxonomy":"post_tag","embeddable":true,"href":"https:\/\/diarioregionaldigital.com.br\/index.php?rest_route=%2Fwp%2Fv2%2Ftags&post=180815"}],"curies":[{"name":"wp","href":"https:\/\/api.w.org\/{rel}","templated":true}]}}