{"id":180713,"date":"2021-04-09T18:51:31","date_gmt":"2021-04-09T21:51:31","guid":{"rendered":"https:\/\/diarioregionaldigital.com.br\/?p=180713"},"modified":"2021-04-09T18:51:31","modified_gmt":"2021-04-09T21:51:31","slug":"abastecimento-fica-comprometido-neste-domingo-por-conta-de-uma-interligacao-feita-pela-cesama-na-itamar-franco","status":"publish","type":"post","link":"https:\/\/diarioregionaldigital.com.br\/?p=180713","title":{"rendered":"Abastecimento fica comprometido neste domingo por conta de uma interliga\u00e7\u00e3o feita pela Cesama na Itamar Franco"},"content":{"rendered":"<p>A Companhia de Saneamento Municipal (Cesama) da Prefeitura de Juiz de Fora (PJF) realizar\u00e1, neste domingo, 11, a interliga\u00e7\u00e3o das redes de \u00e1gua da Avenida Itamar Franco com o sistema de abastecimento da regi\u00e3o. Segundo informa\u00e7\u00f5es obtidas no site da Prefeitura de Juiz de Fora, a interven\u00e7\u00e3o ser\u00e1 realizada em tr\u00eas frentes de trabalho pr\u00f3ximas \u00e0 Associa\u00e7\u00e3o Feminina de Preven\u00e7\u00e3o e Combate ao C\u00e2ncer de Juiz de Fora (Ascomcer), no bairro Cascatinha, de 4h \u00e0s 17h.<\/p>\n<p>Por conta disso, ser\u00e1 necess\u00e1rio interromper o abastecimento nos bairros: Cascatinha, Dom Bosco, S\u00e3o Mateus, Santa Cec\u00edlia (parte alta), Estrela Sul, Teixeiras, Jardim Ga\u00facho, Cidade Nova, Aeroporto, Novo Horizonte, Jardim da Serra, Nova Calif\u00f3rnia, Arco-\u00edris, Umuarama, Previdenci\u00e1rios e Terra Nostra, al\u00e9m de parte dos bairros Bela Aurora e Ipiranga.<\/p>\n<p>A previs\u00e3o \u00e9 de que o abastecimento seja regularizado na noite de domingo. A companhia orienta para que a popula\u00e7\u00e3o mantenha o uso racional da \u00e1gua durante a execu\u00e7\u00e3o dos trabalhos.<\/p>\n<p><b>Mudan\u00e7as no tr\u00e2nsito<\/b><\/p>\n<p>O tr\u00e2nsito na pista de subida da Avenida Itamar Franco segue totalmente interditado no trecho entre a Rua Ant\u00f4nio Marinho Saraiva at\u00e9 a rotat\u00f3ria em frente ao pr\u00e9dio da Ascomcer. O fluxo de subida dos ve\u00edculos est\u00e1 desviado para uma das pistas de descida da avenida. Com a conclus\u00e3o da interliga\u00e7\u00e3o, a previs\u00e3o \u00e9 de que o recapeamento asf\u00e1ltico do trecho seja realizado a partir desta segunda-feira, 12, e o que tr\u00e2nsito na pista seja liberado na sequ\u00eancia.<\/p>\n<p>A interliga\u00e7\u00e3o \u00e9 a etapa final da obra de desvio da rede adutora da Avenida Presidente Itamar Franco. Esta iniciativa faz parte de um programa cont\u00ednuo da Cesama, voltado para a redu\u00e7\u00e3o de perdas, com o objetivo de otimizar o sistema de abastecimento do munic\u00edpio.<\/p>\n","protected":false},"excerpt":{"rendered":"<p>A Companhia de Saneamento Municipal (Cesama) da Prefeitura de Juiz de Fora (PJF) realizar\u00e1, neste domingo, 11, a interliga\u00e7\u00e3o das redes de \u00e1gua da Avenida Itamar Franco com o sistema de abastecimento da regi\u00e3o. Segundo informa\u00e7\u00f5es obtidas no site da Prefeitura de Juiz de Fora, a interven\u00e7\u00e3o ser\u00e1 realizada em tr\u00eas frentes de trabalho pr\u00f3ximas [&hellip;]<\/p>\n","protected":false},"author":246,"featured_media":180714,"comment_status":"closed","ping_status":"closed","sticky":false,"template":"","format":"standard","meta":{"footnotes":""},"categories":[253,262,439],"tags":[],"class_list":["post-180713","post","type-post","status-publish","format-standard","has-post-thumbnail","hentry","category-cidade","category-noticias","category-ultima-hora"],"_links":{"self":[{"href":"https:\/\/diarioregionaldigital.com.br\/index.php?rest_route=\/wp\/v2\/posts\/180713","targetHints":{"allow":["GET"]}}],"collection":[{"href":"https:\/\/diarioregionaldigital.com.br\/index.php?rest_route=\/wp\/v2\/posts"}],"about":[{"href":"https:\/\/diarioregionaldigital.com.br\/index.php?rest_route=\/wp\/v2\/types\/post"}],"author":[{"embeddable":true,"href":"https:\/\/diarioregionaldigital.com.br\/index.php?rest_route=\/wp\/v2\/users\/246"}],"replies":[{"embeddable":true,"href":"https:\/\/diarioregionaldigital.com.br\/index.php?rest_route=%2Fwp%2Fv2%2Fcomments&post=180713"}],"version-history":[{"count":2,"href":"https:\/\/diarioregionaldigital.com.br\/index.php?rest_route=\/wp\/v2\/posts\/180713\/revisions"}],"predecessor-version":[{"id":180716,"href":"https:\/\/diarioregionaldigital.com.br\/index.php?rest_route=\/wp\/v2\/posts\/180713\/revisions\/180716"}],"wp:featuredmedia":[{"embeddable":true,"href":"https:\/\/diarioregionaldigital.com.br\/index.php?rest_route=\/wp\/v2\/media\/180714"}],"wp:attachment":[{"href":"https:\/\/diarioregionaldigital.com.br\/index.php?rest_route=%2Fwp%2Fv2%2Fmedia&parent=180713"}],"wp:term":[{"taxonomy":"category","embeddable":true,"href":"https:\/\/diarioregionaldigital.com.br\/index.php?rest_route=%2Fwp%2Fv2%2Fcategories&post=180713"},{"taxonomy":"post_tag","embeddable":true,"href":"https:\/\/diarioregionaldigital.com.br\/index.php?rest_route=%2Fwp%2Fv2%2Ftags&post=180713"}],"curies":[{"name":"wp","href":"https:\/\/api.w.org\/{rel}","templated":true}]}}