{"id":180344,"date":"2021-04-03T09:40:13","date_gmt":"2021-04-03T12:40:13","guid":{"rendered":"https:\/\/diarioregionaldigital.com.br\/?p=180344"},"modified":"2021-04-03T09:40:13","modified_gmt":"2021-04-03T12:40:13","slug":"comissao-de-protecao-dos-animais-defende-retorno-do-servico-de-castracao-gratuita-feita-pela-pjf-no-municipio","status":"publish","type":"post","link":"https:\/\/diarioregionaldigital.com.br\/?p=180344","title":{"rendered":"Comiss\u00e3o de Prote\u00e7\u00e3o dos Animais defende retorno do servi\u00e7o de castra\u00e7\u00e3o gratuita feita pela PJF no munic\u00edpio"},"content":{"rendered":"<p>Cobrar o retorno imediato do programa de castra\u00e7\u00e3o em Juiz de Fora \u00e9 uma das decis\u00f5es tomadas na reuni\u00e3o remota desta ter\u00e7a-feira, 30, da Comiss\u00e3o de Defesa, Controle e Prote\u00e7\u00e3o dos Animais. Formada pelos vereadores Marlon Siqueira (PP), Pardal (PSL) e a vereadora K\u00e1tia Franco Protetora (PSC), atual presidente, a comiss\u00e3o pretende buscar solu\u00e7\u00f5es e melhorias para os problemas de estrutura e atendimento no Canil Municipal e fazer ainda uma nova visita no espa\u00e7o.<\/p>\n<p>Diante das mudan\u00e7as que ocorreram na administra\u00e7\u00e3o do Canil, transferido da Departamento Municipal de Limpeza Urbana (Demlurb) para a Subsecretaria de Vigil\u00e2ncia em Sa\u00fade, a comiss\u00e3o decidiu tirar d\u00favidas, na pr\u00f3xima reuni\u00e3o do grupo, com os novos servidores, tanto da subsecretaria quanto do Departamento de Sa\u00fade Animal, \u00f3rg\u00e3o respons\u00e1vel pelo Canil que resgata, castra, atende e incentiva a doa\u00e7\u00e3o de animais.<\/p>\n<p>\u201cA comiss\u00e3o precisa agir e buscar respostas \u00e0s demandas de problemas no atendimento e prote\u00e7\u00e3o adequada aos animais no Canil. Para isso, precisamos saber a situa\u00e7\u00e3o atual do espa\u00e7o e esclarecer quais os pr\u00f3ximos passos a serem tomados pela nova administra\u00e7\u00e3o para poss\u00edveis melhorias &#8220;, ressaltou K\u00e1tia Franco Protetora, presidente da comiss\u00e3o.<\/p>\n<p>O vereador Marlon Siqueira, membro da comiss\u00e3o &#8211; da qual foi o proponente , em 2017 -, lembrou que um dos avan\u00e7os na Causa Animal em Juiz de Fora foi o incentivo ao programa de castra\u00e7\u00e3o que est\u00e1 suspenso. \u201cA castra\u00e7\u00e3o \u00e9 a melhor solu\u00e7\u00e3o para redu\u00e7\u00e3o do n\u00famero de animais e do controle de zoonoses. Precisamos verificar como est\u00e1 a evolu\u00e7\u00e3o dos conv\u00eanios com a Prefeitura e buscar investimentos e parcerias para o retorno imediato da castra\u00e7\u00e3o gratuita no munic\u00edpio\u201d, disse Marlon.<\/p>\n<p>Outra sugest\u00e3o acatada na reuni\u00e3o foi do vereador Pardal, que acredita ser fundamental que, observada a quest\u00e3o de seguran\u00e7a e dos protocolos sanit\u00e1rios, seja feita uma nova visita ao Canil Municipal para avaliar a estrutura geral do local e do atendimento prestado aos animais.<\/p>\n<p><strong>Comiss\u00e3o est\u00e1 acompanhando a situa\u00e7\u00e3o do Canil<\/strong><\/p>\n<p>Antes desta reuni\u00e3o outras duas atividades foram realizadas pela Comiss\u00e3o, a primeira reuni\u00e3o em fevereiro e uma visita ao Canil Municipal em janeiro deste ano. O Canil Municipal passou por reformas e ganhou um Centro de Sa\u00fade interno, em 2019, mas precisa de\u00a0 melhorias constantes. De acordo com a vereadora K\u00e1tia Protetora, atualmente h\u00e1 700 c\u00e3es e 100 gatos, um n\u00famero quase tr\u00eas vezes maior do que o espa\u00e7o poderia abrigar, que seriam 300 animais. K\u00e1tia enviou, inclusive, em fevereiro, Pedido de Informa\u00e7\u00e3o \u00e0 Prefeitura de Juiz de Fora (PJF) sobre a situa\u00e7\u00e3o irregular do Canil.<\/p>\n<p>O espa\u00e7o conta hoje com um gatil, um curral, 70 boxes de viv\u00eancia, o Parc\u00e3o, al\u00e9m de baias para recupera\u00e7\u00e3o de animais e outras para ado\u00e7\u00e3o e separa\u00e7\u00e3o de animais rec\u00e9m-chegados no espa\u00e7o. No site da Prefeitura consta que s\u00e3o oferecidos entre 30 e 40 atendimentos aos animais abrigados diariamente, incluindo a realiza\u00e7\u00e3o de curativos, interven\u00e7\u00f5es cir\u00fargicas, procedimentos de limpeza e higiene.<\/p>\n<p>Fonte: Assessoria<\/p>\n","protected":false},"excerpt":{"rendered":"<p>Cobrar o retorno imediato do programa de castra\u00e7\u00e3o em Juiz de Fora \u00e9 uma das decis\u00f5es tomadas na reuni\u00e3o remota desta ter\u00e7a-feira, 30, da Comiss\u00e3o de Defesa, Controle e Prote\u00e7\u00e3o dos Animais. Formada pelos vereadores Marlon Siqueira (PP), Pardal (PSL) e a vereadora K\u00e1tia Franco Protetora (PSC), atual presidente, a comiss\u00e3o pretende buscar solu\u00e7\u00f5es e [&hellip;]<\/p>\n","protected":false},"author":246,"featured_media":180345,"comment_status":"closed","ping_status":"closed","sticky":false,"template":"","format":"standard","meta":{"footnotes":""},"categories":[440,254],"tags":[],"class_list":["post-180344","post","type-post","status-publish","format-standard","has-post-thumbnail","hentry","category-destaques-do-dia","category-politica"],"_links":{"self":[{"href":"https:\/\/diarioregionaldigital.com.br\/index.php?rest_route=\/wp\/v2\/posts\/180344","targetHints":{"allow":["GET"]}}],"collection":[{"href":"https:\/\/diarioregionaldigital.com.br\/index.php?rest_route=\/wp\/v2\/posts"}],"about":[{"href":"https:\/\/diarioregionaldigital.com.br\/index.php?rest_route=\/wp\/v2\/types\/post"}],"author":[{"embeddable":true,"href":"https:\/\/diarioregionaldigital.com.br\/index.php?rest_route=\/wp\/v2\/users\/246"}],"replies":[{"embeddable":true,"href":"https:\/\/diarioregionaldigital.com.br\/index.php?rest_route=%2Fwp%2Fv2%2Fcomments&post=180344"}],"version-history":[{"count":2,"href":"https:\/\/diarioregionaldigital.com.br\/index.php?rest_route=\/wp\/v2\/posts\/180344\/revisions"}],"predecessor-version":[{"id":180347,"href":"https:\/\/diarioregionaldigital.com.br\/index.php?rest_route=\/wp\/v2\/posts\/180344\/revisions\/180347"}],"wp:featuredmedia":[{"embeddable":true,"href":"https:\/\/diarioregionaldigital.com.br\/index.php?rest_route=\/wp\/v2\/media\/180345"}],"wp:attachment":[{"href":"https:\/\/diarioregionaldigital.com.br\/index.php?rest_route=%2Fwp%2Fv2%2Fmedia&parent=180344"}],"wp:term":[{"taxonomy":"category","embeddable":true,"href":"https:\/\/diarioregionaldigital.com.br\/index.php?rest_route=%2Fwp%2Fv2%2Fcategories&post=180344"},{"taxonomy":"post_tag","embeddable":true,"href":"https:\/\/diarioregionaldigital.com.br\/index.php?rest_route=%2Fwp%2Fv2%2Ftags&post=180344"}],"curies":[{"name":"wp","href":"https:\/\/api.w.org\/{rel}","templated":true}]}}