{"id":180099,"date":"2021-03-30T17:55:05","date_gmt":"2021-03-30T20:55:05","guid":{"rendered":"https:\/\/diarioregionaldigital.com.br\/?p=180099"},"modified":"2021-03-30T17:55:05","modified_gmt":"2021-03-30T20:55:05","slug":"minas-gerais-mantem-saldo-positivo-de-empregos-em-fevereiro","status":"publish","type":"post","link":"https:\/\/diarioregionaldigital.com.br\/?p=180099","title":{"rendered":"Minas Gerais mant\u00e9m saldo positivo de empregos em fevereiro"},"content":{"rendered":"<p>Minas Gerais registrou saldo de 51.939 empregos formais em fevereiro deste ano, segundo dados do Cadastro Geral de Empregos e Desempregados (Caged), do Minist\u00e9rio da Economia. Com este desempenho, resultado da admiss\u00e3o de 182.895 trabalhadores no mercado de trabalho e do desligamento de 130.956 no per\u00edodo, o estado ficou na segunda posi\u00e7\u00e3o no ranking\u00a0 nacional, atr\u00e1s apenas de S\u00e3o Paulo, com 128.505 vagas de empregos criadas.<\/p>\n<p>O saldo de postos de trabalho em Minas Gerais registrado no m\u00eas de fevereiro foi superior ao de janeiro deste ano (23.544) e at\u00e9 mesmo ao de igual m\u00eas do ano passado (27.255), per\u00edodo antes da pandemia de covid-19 no pa\u00eds.<\/p>\n<p><b>Setores<\/b><\/p>\n<p>Por setor de atividade econ\u00f4mica, os servi\u00e7os lideraram, com a gera\u00e7\u00e3o de 15.831 postos de trabalho, seguido por ind\u00fastria (15.942), com\u00e9rcio (10.141), constru\u00e7\u00e3o civil (8.040) e o segmento agropecu\u00e1rio (2.435).<\/p>\n<p>Segundo a diretora de Monitoramento e Articula\u00e7\u00e3o de Oportunidades de Trabalho da\u00a0<a href=\"https:\/\/social.mg.gov.br\/\" target=\"_blank\" rel=\"noopener\">Secretaria de Estado de Desenvolvimento Social (Sedese)<\/a>, Amanda Siqueira Carvalho, Minas Gerais tem mantido um desempenho positivo na gera\u00e7\u00e3o de empregos em 2021, o que coloca o estado entre os melhores no ranking no pa\u00eds. \u201cNossa expectativa \u00e9 a manuten\u00e7\u00e3o desse cen\u00e1rio de crescimento na cria\u00e7\u00e3o de postos de trabalho, sobretudo com o avan\u00e7o da vacina\u00e7\u00e3o ao longo do ano e o oportuno retorno das atividades econ\u00f4micas&#8221;, avalia.<\/p>\n<p><span style=\"font-weight: 400;\">Fonte: Ag\u00eancia Minas<\/span><\/p>\n","protected":false},"excerpt":{"rendered":"<p>Minas Gerais registrou saldo de 51.939 empregos formais em fevereiro deste ano, segundo dados do Cadastro Geral de Empregos e Desempregados (Caged), do Minist\u00e9rio da Economia. Com este desempenho, resultado da admiss\u00e3o de 182.895 trabalhadores no mercado de trabalho e do desligamento de 130.956 no per\u00edodo, o estado ficou na segunda posi\u00e7\u00e3o no ranking\u00a0 nacional, [&hellip;]<\/p>\n","protected":false},"author":246,"featured_media":180100,"comment_status":"closed","ping_status":"closed","sticky":false,"template":"","format":"standard","meta":{"footnotes":""},"categories":[436,440,262,254,439],"tags":[],"class_list":["post-180099","post","type-post","status-publish","format-standard","has-post-thumbnail","hentry","category-destaque-da-semana","category-destaques-do-dia","category-noticias","category-politica","category-ultima-hora"],"_links":{"self":[{"href":"https:\/\/diarioregionaldigital.com.br\/index.php?rest_route=\/wp\/v2\/posts\/180099","targetHints":{"allow":["GET"]}}],"collection":[{"href":"https:\/\/diarioregionaldigital.com.br\/index.php?rest_route=\/wp\/v2\/posts"}],"about":[{"href":"https:\/\/diarioregionaldigital.com.br\/index.php?rest_route=\/wp\/v2\/types\/post"}],"author":[{"embeddable":true,"href":"https:\/\/diarioregionaldigital.com.br\/index.php?rest_route=\/wp\/v2\/users\/246"}],"replies":[{"embeddable":true,"href":"https:\/\/diarioregionaldigital.com.br\/index.php?rest_route=%2Fwp%2Fv2%2Fcomments&post=180099"}],"version-history":[{"count":1,"href":"https:\/\/diarioregionaldigital.com.br\/index.php?rest_route=\/wp\/v2\/posts\/180099\/revisions"}],"predecessor-version":[{"id":180101,"href":"https:\/\/diarioregionaldigital.com.br\/index.php?rest_route=\/wp\/v2\/posts\/180099\/revisions\/180101"}],"wp:featuredmedia":[{"embeddable":true,"href":"https:\/\/diarioregionaldigital.com.br\/index.php?rest_route=\/wp\/v2\/media\/180100"}],"wp:attachment":[{"href":"https:\/\/diarioregionaldigital.com.br\/index.php?rest_route=%2Fwp%2Fv2%2Fmedia&parent=180099"}],"wp:term":[{"taxonomy":"category","embeddable":true,"href":"https:\/\/diarioregionaldigital.com.br\/index.php?rest_route=%2Fwp%2Fv2%2Fcategories&post=180099"},{"taxonomy":"post_tag","embeddable":true,"href":"https:\/\/diarioregionaldigital.com.br\/index.php?rest_route=%2Fwp%2Fv2%2Ftags&post=180099"}],"curies":[{"name":"wp","href":"https:\/\/api.w.org\/{rel}","templated":true}]}}