{"id":180055,"date":"2021-03-30T01:46:11","date_gmt":"2021-03-30T04:46:11","guid":{"rendered":"https:\/\/diarioregionaldigital.com.br\/?p=180055"},"modified":"2021-03-30T01:48:21","modified_gmt":"2021-03-30T04:48:21","slug":"prefeitura-municipal-de-tocantins-licitacao-no019-30-03-21","status":"publish","type":"post","link":"https:\/\/diarioregionaldigital.com.br\/?p=180055","title":{"rendered":"Prefeitura Municipal de Tocantins &#8211; Licita\u00e7\u00e3o n\u00ba019 &#8211; 30\/03\/21"},"content":{"rendered":"<p style=\"text-align: center;\"><strong>PREFEITURA MUNICIPAL DE TOCANTINS<\/strong><\/p>\n<p style=\"text-align: center;\"><strong>EXTRATO DO TERMO DE RESCIS\u00c3O CONTRATO N\u00ba 021\/2021 \u2013 LICITA\u00c7\u00c3O N\u00ba 019\/2021<\/strong><\/p>\n<p style=\"text-align: center;\">CONTRATADO: Cordial Distribuidora De Alimentos Eireli, CNPJ sob o n\u00ba\u00a0 18.582.375\/0001-72<\/p>\n<p style=\"text-align: center;\">OBJETO: Fica rescindido unilateralmente o contrato em ep\u00edgrafe para contra\u00e7\u00e3o de empresa especializada em fornecimento de G\u00caNEROS ALIMENTICIOS \u201cCESTAS B\u00c1SICAS\u201d PARA DISTIRIBUI\u00c7\u00c3O AS FAM\u00cdLIAS CARENTE INSCRITA EM PROGRAMA SOCIAL em raz\u00e3o de erro administrativo na especifica\u00e7\u00e3o do item no edital, lan\u00e7ado de forma diversa do constante na fase interna do processo licitat\u00f3rio, o que faz nos termos do art. 79, I, c\/c Art. 78, XII, ambos da Lei de Licita\u00e7\u00f5es c\/c S\u00famula 473 do STF. TOCANTINS (MG), 26 DE MAR\u00c7O DE 2021.<\/p>\n","protected":false},"excerpt":{"rendered":"<p>PREFEITURA MUNICIPAL DE TOCANTINS EXTRATO DO TERMO DE RESCIS\u00c3O CONTRATO N\u00ba 021\/2021 \u2013 LICITA\u00c7\u00c3O N\u00ba 019\/2021 CONTRATADO: Cordial Distribuidora De Alimentos Eireli, CNPJ sob o n\u00ba\u00a0 18.582.375\/0001-72 OBJETO: Fica rescindido unilateralmente o contrato em ep\u00edgrafe para contra\u00e7\u00e3o de empresa especializada em fornecimento de G\u00caNEROS ALIMENTICIOS \u201cCESTAS B\u00c1SICAS\u201d PARA DISTIRIBUI\u00c7\u00c3O AS FAM\u00cdLIAS CARENTE INSCRITA EM PROGRAMA [&hellip;]<\/p>\n","protected":false},"author":96,"featured_media":0,"comment_status":"closed","ping_status":"closed","sticky":false,"template":"","format":"standard","meta":{"footnotes":""},"categories":[307],"tags":[],"class_list":["post-180055","post","type-post","status-publish","format-standard","hentry","category-editais"],"_links":{"self":[{"href":"https:\/\/diarioregionaldigital.com.br\/index.php?rest_route=\/wp\/v2\/posts\/180055","targetHints":{"allow":["GET"]}}],"collection":[{"href":"https:\/\/diarioregionaldigital.com.br\/index.php?rest_route=\/wp\/v2\/posts"}],"about":[{"href":"https:\/\/diarioregionaldigital.com.br\/index.php?rest_route=\/wp\/v2\/types\/post"}],"author":[{"embeddable":true,"href":"https:\/\/diarioregionaldigital.com.br\/index.php?rest_route=\/wp\/v2\/users\/96"}],"replies":[{"embeddable":true,"href":"https:\/\/diarioregionaldigital.com.br\/index.php?rest_route=%2Fwp%2Fv2%2Fcomments&post=180055"}],"version-history":[{"count":1,"href":"https:\/\/diarioregionaldigital.com.br\/index.php?rest_route=\/wp\/v2\/posts\/180055\/revisions"}],"predecessor-version":[{"id":180056,"href":"https:\/\/diarioregionaldigital.com.br\/index.php?rest_route=\/wp\/v2\/posts\/180055\/revisions\/180056"}],"wp:attachment":[{"href":"https:\/\/diarioregionaldigital.com.br\/index.php?rest_route=%2Fwp%2Fv2%2Fmedia&parent=180055"}],"wp:term":[{"taxonomy":"category","embeddable":true,"href":"https:\/\/diarioregionaldigital.com.br\/index.php?rest_route=%2Fwp%2Fv2%2Fcategories&post=180055"},{"taxonomy":"post_tag","embeddable":true,"href":"https:\/\/diarioregionaldigital.com.br\/index.php?rest_route=%2Fwp%2Fv2%2Ftags&post=180055"}],"curies":[{"name":"wp","href":"https:\/\/api.w.org\/{rel}","templated":true}]}}