{"id":179977,"date":"2021-03-28T11:58:19","date_gmt":"2021-03-28T14:58:19","guid":{"rendered":"https:\/\/diarioregionaldigital.com.br\/?p=179977"},"modified":"2021-03-28T11:58:19","modified_gmt":"2021-03-28T14:58:19","slug":"o-outono-nem-sempre-e-igual","status":"publish","type":"post","link":"https:\/\/diarioregionaldigital.com.br\/?p=179977","title":{"rendered":"O OUTONO NEM SEMPRE \u00c9 IGUAL"},"content":{"rendered":"<p>Esse ano t\u00e1 diferente. As tradicionais cores como tons terroso, vermelho, preto e marrom, aparecem mais t\u00edmidas, e d\u00e3o espa\u00e7o para as cores mais vibrantes. Sabemos que a moda est\u00e1 cada vez menos sazonal, e que em virtude do momento que estamos passados, muitos estilistas utilizaram tecidos que j\u00e1 estavam em estoque. Logo, todas as cores s\u00e3o v\u00e1lidas, inclusive as cores de sua cartela. \u00a0Trouxe minhas apostas das paletas que voc\u00ea mais ver\u00e1 nos pr\u00f3ximos meses em roupas, sapatos e acess\u00f3rios para te inspirar, vamos l\u00e1?!<\/p>\n<p>&nbsp;<\/p>\n<p><a href=\"https:\/\/diarioregionaldigital.com.br\/wp-content\/uploads\/2021\/03\/diario-pagina-06.pdf\">CLIQUE AQUI PARA LER A COLUNA COMPLETA<\/a><\/p>\n","protected":false},"excerpt":{"rendered":"<p>Esse ano t\u00e1 diferente. As tradicionais cores como tons terroso, vermelho, preto e marrom, aparecem mais t\u00edmidas, e d\u00e3o espa\u00e7o para as cores mais vibrantes. Sabemos que a moda est\u00e1 cada vez menos sazonal, e que em virtude do momento que estamos passados, muitos estilistas utilizaram tecidos que j\u00e1 estavam em estoque. Logo, todas as [&hellip;]<\/p>\n","protected":false},"author":249,"featured_media":179978,"comment_status":"closed","ping_status":"closed","sticky":false,"template":"","format":"standard","meta":{"footnotes":""},"categories":[1230],"tags":[],"class_list":["post-179977","post","type-post","status-publish","format-standard","has-post-thumbnail","hentry","category-moda-maria-carolina"],"_links":{"self":[{"href":"https:\/\/diarioregionaldigital.com.br\/index.php?rest_route=\/wp\/v2\/posts\/179977","targetHints":{"allow":["GET"]}}],"collection":[{"href":"https:\/\/diarioregionaldigital.com.br\/index.php?rest_route=\/wp\/v2\/posts"}],"about":[{"href":"https:\/\/diarioregionaldigital.com.br\/index.php?rest_route=\/wp\/v2\/types\/post"}],"author":[{"embeddable":true,"href":"https:\/\/diarioregionaldigital.com.br\/index.php?rest_route=\/wp\/v2\/users\/249"}],"replies":[{"embeddable":true,"href":"https:\/\/diarioregionaldigital.com.br\/index.php?rest_route=%2Fwp%2Fv2%2Fcomments&post=179977"}],"version-history":[{"count":1,"href":"https:\/\/diarioregionaldigital.com.br\/index.php?rest_route=\/wp\/v2\/posts\/179977\/revisions"}],"predecessor-version":[{"id":179980,"href":"https:\/\/diarioregionaldigital.com.br\/index.php?rest_route=\/wp\/v2\/posts\/179977\/revisions\/179980"}],"wp:featuredmedia":[{"embeddable":true,"href":"https:\/\/diarioregionaldigital.com.br\/index.php?rest_route=\/wp\/v2\/media\/179978"}],"wp:attachment":[{"href":"https:\/\/diarioregionaldigital.com.br\/index.php?rest_route=%2Fwp%2Fv2%2Fmedia&parent=179977"}],"wp:term":[{"taxonomy":"category","embeddable":true,"href":"https:\/\/diarioregionaldigital.com.br\/index.php?rest_route=%2Fwp%2Fv2%2Fcategories&post=179977"},{"taxonomy":"post_tag","embeddable":true,"href":"https:\/\/diarioregionaldigital.com.br\/index.php?rest_route=%2Fwp%2Fv2%2Ftags&post=179977"}],"curies":[{"name":"wp","href":"https:\/\/api.w.org\/{rel}","templated":true}]}}