{"id":179972,"date":"2021-03-28T06:00:45","date_gmt":"2021-03-28T09:00:45","guid":{"rendered":"https:\/\/diarioregionaldigital.com.br\/?p=179972"},"modified":"2021-03-29T03:21:11","modified_gmt":"2021-03-29T06:21:11","slug":"solidariedade-ja","status":"publish","type":"post","link":"https:\/\/diarioregionaldigital.com.br\/?p=179972","title":{"rendered":"Solidariedade J\u00e1!"},"content":{"rendered":"<p style=\"text-align: center;\"><strong>Muito Chique<\/strong><\/p>\n<p style=\"text-align: center;\">A transad\u00edssima grife The Paradise da dupla de bonit\u00f5es Thomaz Azulay e Patrick Doering j\u00e1 desembarcou em S\u00e3o Paulo. Na Rua da Consola\u00e7\u00e3o nos Jardins, eles arrasam com todo o seu realismo fant\u00e1stico. Os estilistas, que tamb\u00e9m assim o d\u00e9cor barroco tropical da loja, prometem novidade a cada quinze dias.<\/p>\n<p style=\"text-align: center;\"><strong>Joias<\/strong><\/p>\n<p style=\"text-align: center;\">O designer Key Ferreira que trabalha com a mulher, a fot\u00f3grafa Cristina Loureiro, \u00e9 o nome da vez. Ele criou a cole\u00e7\u00e3o de j\u00f3ias \u2018Iamanaka\u2019, misturando ouro, prata, cobre, madeira reaproveitada e pedras preciosas. Reverenciando Maria Bonita as joias s\u00e3o inspiradas na est\u00e9tica do canga\u00e7o.<\/p>\n<p style=\"text-align: center;\"><strong>Solidariedade J\u00e1!<\/strong><\/p>\n<p style=\"text-align: center;\">Juntando doses de otimismo, o presidente da Fiemg Regional, Fl\u00e1vio Roscoe est\u00e1 mobilizando um grupo de empres\u00e1rios para compra de insumos de sa\u00fade e para aplica\u00e7\u00e3o de vacina contra a Covid-19. A iniciativa vai beneficiar as 200 maiores cidade mineiras com a proposta de refor\u00e7ar a campanha de vacina\u00e7\u00e3o no estado de Minas Gerais.<\/p>\n<p style=\"text-align: center;\"><strong>Ataque Econ\u00f4mico<\/strong><\/p>\n<p style=\"text-align: center;\">A XP planeja lan\u00e7ar at\u00e9 o fim de ano o seu banco completo. O objeto \u00e9 explicito: ter todo o patrim\u00f4nio dos seus clientes dentro de casa.<\/p>\n<div id=\"attachment_179961\" style=\"width: 690px\" class=\"wp-caption aligncenter\"><img loading=\"lazy\" decoding=\"async\" aria-describedby=\"caption-attachment-179961\" class=\"wp-image-179961\" src=\"https:\/\/diarioregionaldigital.com.br\/wp-content\/uploads\/2021\/03\/fotoa-16-e1616811427380.jpg\" alt=\"\" width=\"680\" height=\"498\" srcset=\"https:\/\/diarioregionaldigital.com.br\/wp-content\/uploads\/2021\/03\/fotoa-16-e1616811427380.jpg 359w, https:\/\/diarioregionaldigital.com.br\/wp-content\/uploads\/2021\/03\/fotoa-16-e1616811427380-300x220.jpg 300w\" sizes=\"auto, (max-width: 680px) 100vw, 680px\" \/><p id=\"caption-attachment-179961\" class=\"wp-caption-text\">Aniversariando hoje (28) na Sui\u00e7a, a bonita e elegante Veralice Tam<\/p><\/div>\n<div id=\"attachment_179962\" style=\"width: 690px\" class=\"wp-caption aligncenter\"><img loading=\"lazy\" decoding=\"async\" aria-describedby=\"caption-attachment-179962\" class=\"wp-image-179962\" src=\"https:\/\/diarioregionaldigital.com.br\/wp-content\/uploads\/2021\/03\/fotob-13-e1616811463887.jpg\" alt=\"\" width=\"680\" height=\"499\" srcset=\"https:\/\/diarioregionaldigital.com.br\/wp-content\/uploads\/2021\/03\/fotob-13-e1616811463887.jpg 478w, https:\/\/diarioregionaldigital.com.br\/wp-content\/uploads\/2021\/03\/fotob-13-e1616811463887-300x220.jpg 300w, https:\/\/diarioregionaldigital.com.br\/wp-content\/uploads\/2021\/03\/fotob-13-e1616811463887-360x264.jpg 360w\" sizes=\"auto, (max-width: 680px) 100vw, 680px\" \/><p id=\"caption-attachment-179962\" class=\"wp-caption-text\">A bel\u00edssima Elessandra Lima merece seu destaque no M\u00eas Internacional da Mulher<\/p><\/div>\n<div id=\"attachment_179963\" style=\"width: 690px\" class=\"wp-caption aligncenter\"><img loading=\"lazy\" decoding=\"async\" aria-describedby=\"caption-attachment-179963\" class=\"wp-image-179963\" src=\"https:\/\/diarioregionaldigital.com.br\/wp-content\/uploads\/2021\/03\/fotoc-16-e1616811579905.jpg\" alt=\"\" width=\"680\" height=\"465\" srcset=\"https:\/\/diarioregionaldigital.com.br\/wp-content\/uploads\/2021\/03\/fotoc-16-e1616811579905.jpg 720w, https:\/\/diarioregionaldigital.com.br\/wp-content\/uploads\/2021\/03\/fotoc-16-e1616811579905-300x205.jpg 300w, https:\/\/diarioregionaldigital.com.br\/wp-content\/uploads\/2021\/03\/fotoc-16-e1616811579905-360x246.jpg 360w\" sizes=\"auto, (max-width: 680px) 100vw, 680px\" \/><p id=\"caption-attachment-179963\" class=\"wp-caption-text\">O empres\u00e1rio Bernardo Pedrosa fazendo um brinde por dias melhores<\/p><\/div>\n<div id=\"attachment_179964\" style=\"width: 690px\" class=\"wp-caption aligncenter\"><img loading=\"lazy\" decoding=\"async\" aria-describedby=\"caption-attachment-179964\" class=\"wp-image-179964\" src=\"https:\/\/diarioregionaldigital.com.br\/wp-content\/uploads\/2021\/03\/fotod-16-e1616811603936.jpg\" alt=\"\" width=\"680\" height=\"465\" srcset=\"https:\/\/diarioregionaldigital.com.br\/wp-content\/uploads\/2021\/03\/fotod-16-e1616811603936.jpg 610w, https:\/\/diarioregionaldigital.com.br\/wp-content\/uploads\/2021\/03\/fotod-16-e1616811603936-300x205.jpg 300w, https:\/\/diarioregionaldigital.com.br\/wp-content\/uploads\/2021\/03\/fotod-16-e1616811603936-360x246.jpg 360w\" sizes=\"auto, (max-width: 680px) 100vw, 680px\" \/><p id=\"caption-attachment-179964\" class=\"wp-caption-text\">Em Bichinho (MG), Val\u00e9ria Cristina Nascimento de Oliveira e o apresentador M\u00e1rcio na grava\u00e7\u00e3o do programa \u201cT\u00f4 Indo\u201d<\/p><\/div>\n<div id=\"attachment_179965\" style=\"width: 690px\" class=\"wp-caption aligncenter\"><img loading=\"lazy\" decoding=\"async\" aria-describedby=\"caption-attachment-179965\" class=\"wp-image-179965\" src=\"https:\/\/diarioregionaldigital.com.br\/wp-content\/uploads\/2021\/03\/fotoe-13-e1616811624792.jpg\" alt=\"\" width=\"680\" height=\"489\" srcset=\"https:\/\/diarioregionaldigital.com.br\/wp-content\/uploads\/2021\/03\/fotoe-13-e1616811624792.jpg 519w, https:\/\/diarioregionaldigital.com.br\/wp-content\/uploads\/2021\/03\/fotoe-13-e1616811624792-300x216.jpg 300w, https:\/\/diarioregionaldigital.com.br\/wp-content\/uploads\/2021\/03\/fotoe-13-e1616811624792-360x259.jpg 360w\" sizes=\"auto, (max-width: 680px) 100vw, 680px\" \/><p id=\"caption-attachment-179965\" class=\"wp-caption-text\">O ator e personal Marcos Ot\u00e1vio, com esperan\u00e7a de dias melhores<\/p><\/div>\n<div id=\"attachment_179966\" style=\"width: 690px\" class=\"wp-caption aligncenter\"><img loading=\"lazy\" decoding=\"async\" aria-describedby=\"caption-attachment-179966\" class=\"wp-image-179966\" src=\"https:\/\/diarioregionaldigital.com.br\/wp-content\/uploads\/2021\/03\/fotof-13-e1616811660539.jpg\" alt=\"\" width=\"680\" height=\"501\" srcset=\"https:\/\/diarioregionaldigital.com.br\/wp-content\/uploads\/2021\/03\/fotof-13-e1616811660539.jpg 508w, https:\/\/diarioregionaldigital.com.br\/wp-content\/uploads\/2021\/03\/fotof-13-e1616811660539-300x221.jpg 300w, https:\/\/diarioregionaldigital.com.br\/wp-content\/uploads\/2021\/03\/fotof-13-e1616811660539-360x265.jpg 360w\" sizes=\"auto, (max-width: 680px) 100vw, 680px\" \/><p id=\"caption-attachment-179966\" class=\"wp-caption-text\">Antes da pandemia brindando a vida: J\u00e9ssica B\u00edssoli Tolomelli Oliveira, Aline B\u00edssoli Tolomelli e Roberto Tolomelli<\/p><\/div>\n<div id=\"attachment_179967\" style=\"width: 690px\" class=\"wp-caption aligncenter\"><img loading=\"lazy\" decoding=\"async\" aria-describedby=\"caption-attachment-179967\" class=\"wp-image-179967\" src=\"https:\/\/diarioregionaldigital.com.br\/wp-content\/uploads\/2021\/03\/fotog-13-e1616811682592.jpg\" alt=\"\" width=\"680\" height=\"484\" srcset=\"https:\/\/diarioregionaldigital.com.br\/wp-content\/uploads\/2021\/03\/fotog-13-e1616811682592.jpg 490w, https:\/\/diarioregionaldigital.com.br\/wp-content\/uploads\/2021\/03\/fotog-13-e1616811682592-300x214.jpg 300w, https:\/\/diarioregionaldigital.com.br\/wp-content\/uploads\/2021\/03\/fotog-13-e1616811682592-360x256.jpg 360w, https:\/\/diarioregionaldigital.com.br\/wp-content\/uploads\/2021\/03\/fotog-13-e1616811682592-100x70.jpg 100w\" sizes=\"auto, (max-width: 680px) 100vw, 680px\" \/><p id=\"caption-attachment-179967\" class=\"wp-caption-text\">Mulheres lindas, chiques e perfumadas antes da pandemia: Mayda Lorande, Adelaide Rodrigues e Cilene Campos<\/p><\/div>\n<div id=\"attachment_179968\" style=\"width: 690px\" class=\"wp-caption aligncenter\"><img loading=\"lazy\" decoding=\"async\" aria-describedby=\"caption-attachment-179968\" class=\"wp-image-179968\" src=\"https:\/\/diarioregionaldigital.com.br\/wp-content\/uploads\/2021\/03\/fotoh-14-e1616811708142.jpg\" alt=\"\" width=\"680\" height=\"478\" srcset=\"https:\/\/diarioregionaldigital.com.br\/wp-content\/uploads\/2021\/03\/fotoh-14-e1616811708142.jpg 544w, https:\/\/diarioregionaldigital.com.br\/wp-content\/uploads\/2021\/03\/fotoh-14-e1616811708142-300x210.jpg 300w, https:\/\/diarioregionaldigital.com.br\/wp-content\/uploads\/2021\/03\/fotoh-14-e1616811708142-360x253.jpg 360w, https:\/\/diarioregionaldigital.com.br\/wp-content\/uploads\/2021\/03\/fotoh-14-e1616811708142-100x70.jpg 100w\" sizes=\"auto, (max-width: 680px) 100vw, 680px\" \/><p id=\"caption-attachment-179968\" class=\"wp-caption-text\">Minha fam\u00edlia turistando no Rio de Janeiro, Gabrielle Gomes da Rocha, Marc\u00edlio Gomes e Bruno C\u00e9sar Gomes da Rocha<\/p><\/div>\n<p style=\"text-align: center;\"><strong>FOTOSS\u00cdNTESE<\/strong><\/p>\n<p>Com buzina\u00e7o e gritos de justi\u00e7a, motoristas de aplicativo e motoboys fizeram uma paraliza\u00e7\u00e3o em protesto contra a aumento do pre\u00e7o de combust\u00edveis e pela defesa de taxas e incentivos dignos.<\/p>\n<p>Para quem n\u00e3o sabe, Juiz de Fora ficou entre as cidades mais bem avaliadas do pa\u00eds, com pontua\u00e7\u00e3o de 9,95 no ranking de transpar\u00eancia da 2\u00aa edi\u00e7\u00e3o da Escala Brasil Transparente (EBT) \u2013 Avalia\u00e7\u00e3o 360\u00ba divulgada pela Controladoria \u2013 Geral da Uni\u00e3o (CGU).<\/p>\n<p>Com demanda antiga, a PJF ira contratar empresa para realizar concurso na educa\u00e7\u00e3o. A sele\u00e7\u00e3o vai preencher mais de 600 vagas de professor, coordenador pedag\u00f3gico e secret\u00e1rio particular.<\/p>\n<p>Digno de aplausos, Edino Krieger comemora seus 93 anos lan\u00e7ando on-line, colet\u00e2nea de textos e CD, em concerto do Trio Aguarius realizado na sala Cec\u00edlia Meireles, no Rio.<\/p>\n<p>Causou impacto no YouTube a palestra da diretora executiva do Macal\u00e9, Luciana Bomtempo comandando uma roda de conversa com mulheres empreendedoras e l\u00edderes no setor de latic\u00ednios.<\/p>\n<p>Ansiosos para sua reabertura na primeira semana de abril, o Haras Morena fechado desde fevereiro devido a pandemia, seu staff est\u00e1 de f\u00e9rias coletivas.<\/p>\n<p>Com muitos aplausos, o renomado engenheiro Rog\u00e9rio Adum Ara\u00fajo foi eleito presidente do Clube de Engenharia de Juiz de Fora.<\/p>\n<p>Percep\u00e7\u00e3o: Cotas \u00e9 um processo transit\u00f3rio para acertar desigualdades hist\u00f3ricas. Bom dia.<\/p>\n<p><img loading=\"lazy\" decoding=\"async\" class=\"aligncenter size-full wp-image-179969\" src=\"https:\/\/diarioregionaldigital.com.br\/wp-content\/uploads\/2021\/03\/anuncio56-2-scaled.jpg\" alt=\"\" width=\"2560\" height=\"981\" srcset=\"https:\/\/diarioregionaldigital.com.br\/wp-content\/uploads\/2021\/03\/anuncio56-2-scaled.jpg 2560w, https:\/\/diarioregionaldigital.com.br\/wp-content\/uploads\/2021\/03\/anuncio56-2-300x115.jpg 300w, https:\/\/diarioregionaldigital.com.br\/wp-content\/uploads\/2021\/03\/anuncio56-2-1024x392.jpg 1024w, https:\/\/diarioregionaldigital.com.br\/wp-content\/uploads\/2021\/03\/anuncio56-2-768x294.jpg 768w, https:\/\/diarioregionaldigital.com.br\/wp-content\/uploads\/2021\/03\/anuncio56-2-1536x588.jpg 1536w, https:\/\/diarioregionaldigital.com.br\/wp-content\/uploads\/2021\/03\/anuncio56-2-2048x784.jpg 2048w, https:\/\/diarioregionaldigital.com.br\/wp-content\/uploads\/2021\/03\/anuncio56-2-360x138.jpg 360w\" sizes=\"auto, (max-width: 2560px) 100vw, 2560px\" \/><\/p>\n<p>&nbsp;<\/p>\n","protected":false},"excerpt":{"rendered":"<p>Muito Chique A transad\u00edssima grife The Paradise da dupla de bonit\u00f5es Thomaz Azulay e Patrick Doering j\u00e1 desembarcou em S\u00e3o Paulo. Na Rua da Consola\u00e7\u00e3o nos Jardins, eles arrasam com todo o seu realismo fant\u00e1stico. Os estilistas, que tamb\u00e9m assim o d\u00e9cor barroco tropical da loja, prometem novidade a cada quinze dias. Joias O designer [&hellip;]<\/p>\n","protected":false},"author":253,"featured_media":179961,"comment_status":"closed","ping_status":"closed","sticky":false,"template":"","format":"standard","meta":{"footnotes":""},"categories":[264],"tags":[],"class_list":["post-179972","post","type-post","status-publish","format-standard","has-post-thumbnail","hentry","category-eduardo-gomes"],"_links":{"self":[{"href":"https:\/\/diarioregionaldigital.com.br\/index.php?rest_route=\/wp\/v2\/posts\/179972","targetHints":{"allow":["GET"]}}],"collection":[{"href":"https:\/\/diarioregionaldigital.com.br\/index.php?rest_route=\/wp\/v2\/posts"}],"about":[{"href":"https:\/\/diarioregionaldigital.com.br\/index.php?rest_route=\/wp\/v2\/types\/post"}],"author":[{"embeddable":true,"href":"https:\/\/diarioregionaldigital.com.br\/index.php?rest_route=\/wp\/v2\/users\/253"}],"replies":[{"embeddable":true,"href":"https:\/\/diarioregionaldigital.com.br\/index.php?rest_route=%2Fwp%2Fv2%2Fcomments&post=179972"}],"version-history":[{"count":2,"href":"https:\/\/diarioregionaldigital.com.br\/index.php?rest_route=\/wp\/v2\/posts\/179972\/revisions"}],"predecessor-version":[{"id":179974,"href":"https:\/\/diarioregionaldigital.com.br\/index.php?rest_route=\/wp\/v2\/posts\/179972\/revisions\/179974"}],"wp:featuredmedia":[{"embeddable":true,"href":"https:\/\/diarioregionaldigital.com.br\/index.php?rest_route=\/wp\/v2\/media\/179961"}],"wp:attachment":[{"href":"https:\/\/diarioregionaldigital.com.br\/index.php?rest_route=%2Fwp%2Fv2%2Fmedia&parent=179972"}],"wp:term":[{"taxonomy":"category","embeddable":true,"href":"https:\/\/diarioregionaldigital.com.br\/index.php?rest_route=%2Fwp%2Fv2%2Fcategories&post=179972"},{"taxonomy":"post_tag","embeddable":true,"href":"https:\/\/diarioregionaldigital.com.br\/index.php?rest_route=%2Fwp%2Fv2%2Ftags&post=179972"}],"curies":[{"name":"wp","href":"https:\/\/api.w.org\/{rel}","templated":true}]}}