{"id":179953,"date":"2021-03-26T18:55:01","date_gmt":"2021-03-26T21:55:01","guid":{"rendered":"https:\/\/diarioregionaldigital.com.br\/?p=179953"},"modified":"2021-03-26T18:55:01","modified_gmt":"2021-03-26T21:55:01","slug":"estado-notifica-mais-de-14-mil-novos-casos-por-covid-19","status":"publish","type":"post","link":"https:\/\/diarioregionaldigital.com.br\/?p=179953","title":{"rendered":"Estado notifica mais de 14 mil novos casos por Covid-19"},"content":{"rendered":"<p>O novo\u00a0<a href=\"https:\/\/coronavirus.saude.mg.gov.br\/images\/1_2021\/01-boletim\/26-03-COVID-19_BOLETIM20210326.pdf\">boletim epidemiol\u00f3gico\u00a0<\/a>publicado nesta sexta-feira (26), pela Secretaria de Estado da Sa\u00fade de Minas Gerais (SES-MG), informa que nas \u00faltimas 24h, o estado registrou mais 14.062 novos casos por Coronav\u00edrus, totalizando 1.081.981 pessoas infectadas. Conforme o levantamento, foram contabilizadas mais 316 mortes, acumulando 22.887 vidas perdidas.<\/p>\n<p>Al\u00e9m disso, 966.769 pacientes est\u00e3o recuperados da doen\u00e7a, representando 89,35 % dos casos. Quanto aos dados de hospitaliza\u00e7\u00e3o, 88.658 pacientes est\u00e3o internados e 993.323 est\u00e3o em isolamento domiciliar. At\u00e9 o momento, 1.182.035 pessoas receberam a primeira dose da vacina e 454.441 a segunda.<\/p>\n","protected":false},"excerpt":{"rendered":"<p>O novo\u00a0boletim epidemiol\u00f3gico\u00a0publicado nesta sexta-feira (26), pela Secretaria de Estado da Sa\u00fade de Minas Gerais (SES-MG), informa que nas \u00faltimas 24h, o estado registrou mais 14.062 novos casos por Coronav\u00edrus, totalizando 1.081.981 pessoas infectadas. Conforme o levantamento, foram contabilizadas mais 316 mortes, acumulando 22.887 vidas perdidas. Al\u00e9m disso, 966.769 pacientes est\u00e3o recuperados da doen\u00e7a, representando [&hellip;]<\/p>\n","protected":false},"author":246,"featured_media":179954,"comment_status":"closed","ping_status":"closed","sticky":false,"template":"","format":"standard","meta":{"footnotes":""},"categories":[252],"tags":[],"class_list":["post-179953","post","type-post","status-publish","format-standard","has-post-thumbnail","hentry","category-regiao"],"_links":{"self":[{"href":"https:\/\/diarioregionaldigital.com.br\/index.php?rest_route=\/wp\/v2\/posts\/179953","targetHints":{"allow":["GET"]}}],"collection":[{"href":"https:\/\/diarioregionaldigital.com.br\/index.php?rest_route=\/wp\/v2\/posts"}],"about":[{"href":"https:\/\/diarioregionaldigital.com.br\/index.php?rest_route=\/wp\/v2\/types\/post"}],"author":[{"embeddable":true,"href":"https:\/\/diarioregionaldigital.com.br\/index.php?rest_route=\/wp\/v2\/users\/246"}],"replies":[{"embeddable":true,"href":"https:\/\/diarioregionaldigital.com.br\/index.php?rest_route=%2Fwp%2Fv2%2Fcomments&post=179953"}],"version-history":[{"count":2,"href":"https:\/\/diarioregionaldigital.com.br\/index.php?rest_route=\/wp\/v2\/posts\/179953\/revisions"}],"predecessor-version":[{"id":179956,"href":"https:\/\/diarioregionaldigital.com.br\/index.php?rest_route=\/wp\/v2\/posts\/179953\/revisions\/179956"}],"wp:featuredmedia":[{"embeddable":true,"href":"https:\/\/diarioregionaldigital.com.br\/index.php?rest_route=\/wp\/v2\/media\/179954"}],"wp:attachment":[{"href":"https:\/\/diarioregionaldigital.com.br\/index.php?rest_route=%2Fwp%2Fv2%2Fmedia&parent=179953"}],"wp:term":[{"taxonomy":"category","embeddable":true,"href":"https:\/\/diarioregionaldigital.com.br\/index.php?rest_route=%2Fwp%2Fv2%2Fcategories&post=179953"},{"taxonomy":"post_tag","embeddable":true,"href":"https:\/\/diarioregionaldigital.com.br\/index.php?rest_route=%2Fwp%2Fv2%2Ftags&post=179953"}],"curies":[{"name":"wp","href":"https:\/\/api.w.org\/{rel}","templated":true}]}}