{"id":179950,"date":"2021-03-26T18:51:12","date_gmt":"2021-03-26T21:51:12","guid":{"rendered":"https:\/\/diarioregionaldigital.com.br\/?p=179950"},"modified":"2021-03-26T18:51:12","modified_gmt":"2021-03-26T21:51:12","slug":"pcmg-desarticula-esquema-de-trafico-internacional-de-drogas-e-prende-suspeito","status":"publish","type":"post","link":"https:\/\/diarioregionaldigital.com.br\/?p=179950","title":{"rendered":"PCMG desarticula esquema de tr\u00e1fico internacional de drogas e prende suspeito"},"content":{"rendered":"<p>Na noite de quinta-feira, 25, na BR-040, na Zona da Mata mineira, a Pol\u00edcia Civil de Minas Gerais prendeu em flagrante pela pr\u00e1tica do crime de tr\u00e1fico internacional de drogas um homem de 28 anos, suspeito de ser o l\u00edder de uma associa\u00e7\u00e3o criminosa envolvida com o tr\u00e1fico na cidade de Juiz de Fora. Ap\u00f3s dois meses de apura\u00e7\u00f5es, o investigado foi abordado por policiais civis da delegacia de combate ao narcotr\u00e1fico, no momento em que estava retornando do Paraguai, em um \u00f4nibus de turismo. Ele e outro suspeito de integrar a organiza\u00e7\u00e3o estariam naquele pa\u00eds para efetuar a compra de drogas que seriam revendidas no munic\u00edpio mineiro, posteriormente. Desdobramento da investiga\u00e7\u00e3o tamb\u00e9m contou com o apoio da Pol\u00edcia Rodovi\u00e1ria Federal em Mato Grosso, onde foi realizada a pris\u00e3o do outro envolvido e a apreens\u00e3o de entorpecentes.<\/p>\n<p>De acordo com o delegado Rafael Gomes, a atua\u00e7\u00e3o do grupo estava sendo monitorada em Juiz de Fora, ap\u00f3s trabalhos investigativos. \u201cO rapaz teria formado, no bairro Milho Branco, uma verdadeira associa\u00e7\u00e3o criminosa com o intuito de praticar o tr\u00e1fico de entorpecentes. Eles possu\u00edam uma estrutura hier\u00e1rquica bem definida, com divis\u00e3o de fun\u00e7\u00f5es e de tarefas\u201d, explicou, complementando que tamb\u00e9m foi apurado que os dois investigados estariam se programando para comparecer ao Paraguai para adquirir mais drogas por pre\u00e7o inferior ao valor de mercado. \u201cAp\u00f3s investiga\u00e7\u00e3o, foi poss\u00edvel confirmar que no dia 25 de mar\u00e7o o ve\u00edculo do investigado que transportava a droga estaria retornando ao Brasil. Ent\u00e3o, fizemos uma sinaliza\u00e7\u00e3o para a Pol\u00edcia Rodovi\u00e1ria Federal do Mato Grosso do Sul que realizou a abordagem do autom\u00f3vel, efetuou a apreens\u00e3o da droga e a pris\u00e3o do homem\u201d, explicou.<\/p>\n<p>Apura\u00e7\u00f5es tamb\u00e9m indicaram que o suspeito de ser o dono da droga estaria retornando ao pa\u00eds em um \u00f4nibus de turismo, na tentativa de n\u00e3o ser preso pela Pol\u00edcia. \u201cNo entanto, ap\u00f3s monitoramento, conseguimos abordar o indiv\u00edduo no interior do \u00f4nibus, pr\u00f3ximo \u00e0 Juiz de Fora\u201d, concluiu, ressaltando que a investiga\u00e7\u00e3o aponta que ele seria o respons\u00e1vel por fazer a distribui\u00e7\u00e3o das drogas na cidade.<\/p>\n<p>Os dois homens foram encaminhados ao sistema prisional e se encontram \u00e0 disposi\u00e7\u00e3o da Justi\u00e7a.<\/p>\n<p>O desdobramento da investiga\u00e7\u00e3o contou com o apoio da PRF em Mato Grosso, onde foi realizada a apreens\u00e3o de drogas em um ve\u00edculo e a pris\u00e3o de outro suspeito de integrar a associa\u00e7\u00e3o criminosa.<\/p>\n<p>Fonte: Assessoria<\/p>\n","protected":false},"excerpt":{"rendered":"<p>Na noite de quinta-feira, 25, na BR-040, na Zona da Mata mineira, a Pol\u00edcia Civil de Minas Gerais prendeu em flagrante pela pr\u00e1tica do crime de tr\u00e1fico internacional de drogas um homem de 28 anos, suspeito de ser o l\u00edder de uma associa\u00e7\u00e3o criminosa envolvida com o tr\u00e1fico na cidade de Juiz de Fora. Ap\u00f3s [&hellip;]<\/p>\n","protected":false},"author":246,"featured_media":179951,"comment_status":"closed","ping_status":"closed","sticky":false,"template":"","format":"standard","meta":{"footnotes":""},"categories":[301,1229],"tags":[],"class_list":["post-179950","post","type-post","status-publish","format-standard","has-post-thumbnail","hentry","category-artigos-policiais","category-policial"],"_links":{"self":[{"href":"https:\/\/diarioregionaldigital.com.br\/index.php?rest_route=\/wp\/v2\/posts\/179950","targetHints":{"allow":["GET"]}}],"collection":[{"href":"https:\/\/diarioregionaldigital.com.br\/index.php?rest_route=\/wp\/v2\/posts"}],"about":[{"href":"https:\/\/diarioregionaldigital.com.br\/index.php?rest_route=\/wp\/v2\/types\/post"}],"author":[{"embeddable":true,"href":"https:\/\/diarioregionaldigital.com.br\/index.php?rest_route=\/wp\/v2\/users\/246"}],"replies":[{"embeddable":true,"href":"https:\/\/diarioregionaldigital.com.br\/index.php?rest_route=%2Fwp%2Fv2%2Fcomments&post=179950"}],"version-history":[{"count":1,"href":"https:\/\/diarioregionaldigital.com.br\/index.php?rest_route=\/wp\/v2\/posts\/179950\/revisions"}],"predecessor-version":[{"id":179952,"href":"https:\/\/diarioregionaldigital.com.br\/index.php?rest_route=\/wp\/v2\/posts\/179950\/revisions\/179952"}],"wp:featuredmedia":[{"embeddable":true,"href":"https:\/\/diarioregionaldigital.com.br\/index.php?rest_route=\/wp\/v2\/media\/179951"}],"wp:attachment":[{"href":"https:\/\/diarioregionaldigital.com.br\/index.php?rest_route=%2Fwp%2Fv2%2Fmedia&parent=179950"}],"wp:term":[{"taxonomy":"category","embeddable":true,"href":"https:\/\/diarioregionaldigital.com.br\/index.php?rest_route=%2Fwp%2Fv2%2Fcategories&post=179950"},{"taxonomy":"post_tag","embeddable":true,"href":"https:\/\/diarioregionaldigital.com.br\/index.php?rest_route=%2Fwp%2Fv2%2Ftags&post=179950"}],"curies":[{"name":"wp","href":"https:\/\/api.w.org\/{rel}","templated":true}]}}