{"id":179947,"date":"2021-03-26T18:48:04","date_gmt":"2021-03-26T21:48:04","guid":{"rendered":"https:\/\/diarioregionaldigital.com.br\/?p=179947"},"modified":"2021-03-26T19:03:44","modified_gmt":"2021-03-26T22:03:44","slug":"policia-militar-atende-ocorrencia-de-carcere-privado-e-prende-autor","status":"publish","type":"post","link":"https:\/\/diarioregionaldigital.com.br\/?p=179947","title":{"rendered":"Pol\u00edcia Militar atende ocorr\u00eancia de c\u00e1rcere privado e prende autor"},"content":{"rendered":"<p>Na madrugada de sexta-feira, 26, por volta das 00h50min, foram repassadas as equipes policiais mensagem sobre uma ocorr\u00eancia de c\u00e1rcere privado em um pr\u00e9dio localizado na Avenida Get\u00falio Vargas, regi\u00e3o central da cidade. Imediatamente os policiais se deslocaram para checar a den\u00fancia e ao chegar ao local, o suspeito visualizando a presen\u00e7a policial, tentou fugir pulando pelos telhados. Fechando todo o quarteir\u00e3o, o autor de 22 anos de idade foi localizado, escondido dentro de um c\u00f4modo de uma cl\u00ednica dent\u00e1ria na Rua Floriano Peixoto.<\/p>\n<p>A Pol\u00edcia Militar tomou conhecimento do caso pela pr\u00f3pria v\u00edtima, uma mulher de 22 anos, que procurou pessoalmente o posto policial no bairro Benfica, Zona Norte. Segundo relatos, a v\u00edtima estava sendo mantida em c\u00e1rcere privado presa em seu apartamento e ainda vinha passando por um processo de tortura f\u00edsica e mental, desde dezembro do ano passado. Relatou ainda que tinha conhecido o autor, o qual mantinha um relacionamento desde novembro de 2020. A v\u00edtima alegou ainda que s\u00f3 conseguiu fugir por ter simulado uma liga\u00e7\u00e3o telef\u00f4nica de uma cliente e falou que ia atender, momento de distra\u00e7\u00e3o do autor, conseguiu sair de casa e procurou imediatamente a Pol\u00edcia Militar. O autor foi preso em flagrante delito e encaminhado \u00e0 delegacia.<\/p>\n<p>Fonte: Assessoria<\/p>\n","protected":false},"excerpt":{"rendered":"<p>Na madrugada de sexta-feira, 26, por volta das 00h50min, foram repassadas as equipes policiais mensagem sobre uma ocorr\u00eancia de c\u00e1rcere privado em um pr\u00e9dio localizado na Avenida Get\u00falio Vargas, regi\u00e3o central da cidade. Imediatamente os policiais se deslocaram para checar a den\u00fancia e ao chegar ao local, o suspeito visualizando a presen\u00e7a policial, tentou fugir [&hellip;]<\/p>\n","protected":false},"author":246,"featured_media":179948,"comment_status":"closed","ping_status":"closed","sticky":false,"template":"","format":"standard","meta":{"footnotes":""},"categories":[301,1229],"tags":[],"class_list":["post-179947","post","type-post","status-publish","format-standard","has-post-thumbnail","hentry","category-artigos-policiais","category-policial"],"_links":{"self":[{"href":"https:\/\/diarioregionaldigital.com.br\/index.php?rest_route=\/wp\/v2\/posts\/179947","targetHints":{"allow":["GET"]}}],"collection":[{"href":"https:\/\/diarioregionaldigital.com.br\/index.php?rest_route=\/wp\/v2\/posts"}],"about":[{"href":"https:\/\/diarioregionaldigital.com.br\/index.php?rest_route=\/wp\/v2\/types\/post"}],"author":[{"embeddable":true,"href":"https:\/\/diarioregionaldigital.com.br\/index.php?rest_route=\/wp\/v2\/users\/246"}],"replies":[{"embeddable":true,"href":"https:\/\/diarioregionaldigital.com.br\/index.php?rest_route=%2Fwp%2Fv2%2Fcomments&post=179947"}],"version-history":[{"count":2,"href":"https:\/\/diarioregionaldigital.com.br\/index.php?rest_route=\/wp\/v2\/posts\/179947\/revisions"}],"predecessor-version":[{"id":179960,"href":"https:\/\/diarioregionaldigital.com.br\/index.php?rest_route=\/wp\/v2\/posts\/179947\/revisions\/179960"}],"wp:featuredmedia":[{"embeddable":true,"href":"https:\/\/diarioregionaldigital.com.br\/index.php?rest_route=\/wp\/v2\/media\/179948"}],"wp:attachment":[{"href":"https:\/\/diarioregionaldigital.com.br\/index.php?rest_route=%2Fwp%2Fv2%2Fmedia&parent=179947"}],"wp:term":[{"taxonomy":"category","embeddable":true,"href":"https:\/\/diarioregionaldigital.com.br\/index.php?rest_route=%2Fwp%2Fv2%2Fcategories&post=179947"},{"taxonomy":"post_tag","embeddable":true,"href":"https:\/\/diarioregionaldigital.com.br\/index.php?rest_route=%2Fwp%2Fv2%2Ftags&post=179947"}],"curies":[{"name":"wp","href":"https:\/\/api.w.org\/{rel}","templated":true}]}}