{"id":179944,"date":"2021-03-26T18:34:13","date_gmt":"2021-03-26T21:34:13","guid":{"rendered":"https:\/\/diarioregionaldigital.com.br\/?p=179944"},"modified":"2021-03-26T18:34:13","modified_gmt":"2021-03-26T21:34:13","slug":"pcmg-localiza-fabrica-clandestina-de-produtos-de-limpeza-em-juiz-de-fora","status":"publish","type":"post","link":"https:\/\/diarioregionaldigital.com.br\/?p=179944","title":{"rendered":"PCMG localiza f\u00e1brica clandestina de produtos de limpeza em Juiz de Fora"},"content":{"rendered":"<p>Na manh\u00e3 desta quinta-feira, 25, a Pol\u00edcia Civil de Minas Gerais localizou uma f\u00e1brica clandestina de produtos de limpeza, no Bairro Fontesville, na Zona Norte de Juiz de Fora. Cinco pessoas encontradas no local foram encaminhadas \u00e0 1\u00aa Delegacia Regional em Juiz de Fora para prestar esclarecimentos. Eles assinaram um Termo Circunstanciado de Ocorr\u00eancia (TCO) na unidade policial por \u201cexpor a vida ou a sa\u00fade de outrem a perigo direto e iminente\u201d, conforme disposto no artigo 132, do C\u00f3digo Penal, em raz\u00e3o da pandemia.<\/p>\n<p>&nbsp;<\/p>\n<p>Conforme o delegado Rodolfo Rolli, o advogado do propriet\u00e1rio acompanhou os trabalhos realizados pela PCMG. \u201cO suspeito ser\u00e1 investigado pela pr\u00e1tica de crime contra a sa\u00fade p\u00fablica e de sonega\u00e7\u00e3o fiscal, assim como por poss\u00edvel delito ambiental, j\u00e1 que h\u00e1 um c\u00f3rrego atr\u00e1s dos galp\u00f5es, entre outros delitos\u201d, informou complementando que tamb\u00e9m ser\u00e3o apurados crimes relacionados \u00e0s rela\u00e7\u00f5es de trabalho.<\/p>\n<p>Na ocasi\u00e3o, a per\u00edcia da PCMG foi acionada. Al\u00e9m disso, a Vigil\u00e2ncia Sanit\u00e1ria Estadual tamb\u00e9m foi at\u00e9 o local, interditou o im\u00f3vel e, posteriormente, encaminhar\u00e1 procedimentos \u00e0 Pol\u00edcia Civil que contribuem com ainda mais elementos para complementar o inqu\u00e9rito policial. As apura\u00e7\u00f5es seguem em andamento.<\/p>\n<p>Fonte: Assessoria<\/p>\n","protected":false},"excerpt":{"rendered":"<p>Na manh\u00e3 desta quinta-feira, 25, a Pol\u00edcia Civil de Minas Gerais localizou uma f\u00e1brica clandestina de produtos de limpeza, no Bairro Fontesville, na Zona Norte de Juiz de Fora. Cinco pessoas encontradas no local foram encaminhadas \u00e0 1\u00aa Delegacia Regional em Juiz de Fora para prestar esclarecimentos. Eles assinaram um Termo Circunstanciado de Ocorr\u00eancia (TCO) [&hellip;]<\/p>\n","protected":false},"author":246,"featured_media":179945,"comment_status":"closed","ping_status":"closed","sticky":false,"template":"","format":"standard","meta":{"footnotes":""},"categories":[301,1229],"tags":[],"class_list":["post-179944","post","type-post","status-publish","format-standard","has-post-thumbnail","hentry","category-artigos-policiais","category-policial"],"_links":{"self":[{"href":"https:\/\/diarioregionaldigital.com.br\/index.php?rest_route=\/wp\/v2\/posts\/179944","targetHints":{"allow":["GET"]}}],"collection":[{"href":"https:\/\/diarioregionaldigital.com.br\/index.php?rest_route=\/wp\/v2\/posts"}],"about":[{"href":"https:\/\/diarioregionaldigital.com.br\/index.php?rest_route=\/wp\/v2\/types\/post"}],"author":[{"embeddable":true,"href":"https:\/\/diarioregionaldigital.com.br\/index.php?rest_route=\/wp\/v2\/users\/246"}],"replies":[{"embeddable":true,"href":"https:\/\/diarioregionaldigital.com.br\/index.php?rest_route=%2Fwp%2Fv2%2Fcomments&post=179944"}],"version-history":[{"count":1,"href":"https:\/\/diarioregionaldigital.com.br\/index.php?rest_route=\/wp\/v2\/posts\/179944\/revisions"}],"predecessor-version":[{"id":179946,"href":"https:\/\/diarioregionaldigital.com.br\/index.php?rest_route=\/wp\/v2\/posts\/179944\/revisions\/179946"}],"wp:featuredmedia":[{"embeddable":true,"href":"https:\/\/diarioregionaldigital.com.br\/index.php?rest_route=\/wp\/v2\/media\/179945"}],"wp:attachment":[{"href":"https:\/\/diarioregionaldigital.com.br\/index.php?rest_route=%2Fwp%2Fv2%2Fmedia&parent=179944"}],"wp:term":[{"taxonomy":"category","embeddable":true,"href":"https:\/\/diarioregionaldigital.com.br\/index.php?rest_route=%2Fwp%2Fv2%2Fcategories&post=179944"},{"taxonomy":"post_tag","embeddable":true,"href":"https:\/\/diarioregionaldigital.com.br\/index.php?rest_route=%2Fwp%2Fv2%2Ftags&post=179944"}],"curies":[{"name":"wp","href":"https:\/\/api.w.org\/{rel}","templated":true}]}}