{"id":179928,"date":"2021-03-26T18:12:20","date_gmt":"2021-03-26T21:12:20","guid":{"rendered":"https:\/\/diarioregionaldigital.com.br\/?p=179928"},"modified":"2021-03-26T18:12:20","modified_gmt":"2021-03-26T21:12:20","slug":"juiz-de-fora-recebe-11-camaras-frias-e-adquire-mais-20-para-armazenamento-de-imunobiologicos","status":"publish","type":"post","link":"https:\/\/diarioregionaldigital.com.br\/?p=179928","title":{"rendered":"Juiz de Fora recebe 11 c\u00e2maras frias e adquire mais 20 para armazenamento de imunobiol\u00f3gicos"},"content":{"rendered":"<p>Juiz de Fora acaba de receber 11 c\u00e2maras frias para acondicionamento de imunizantes. Os recursos, provenientes do cumprimento de metas da Aten\u00e7\u00e3o em Sa\u00fade, foram repassados pela Uni\u00e3o. Mais 20 equipamentos est\u00e3o sendo adquiridos para a Central de Vigil\u00e2ncia em Sa\u00fade e devem chegar em aproximadamente 30 dias.<\/p>\n<p>As 11 c\u00e2maras frias s\u00e3o destinadas \u00e0s Unidades B\u00e1sicas de Sa\u00fade (UBSs) de S\u00e3o Judas Tadeu, Vila Esperan\u00e7a, Monte Castelo, Nossa Senhora de Lourdes, Cruzeiro do Sul, Teixeiras, Granjas Bet\u00e2nia, Santos Dumont, S\u00e3o Benedito, Valadares e Torre\u00f5es.<\/p>\n<p>A subsecret\u00e1ria de Aten\u00e7\u00e3o \u00e0 Sa\u00fade, Delaine La Gatta Carminate, esclareceu que algumas unidades j\u00e1 dispunham das c\u00e2maras frias e que os equipamentos que chegaram v\u00e3o suprir a demanda das que ainda n\u00e3o possu\u00edam, o que vai significa o atendimento de 90% da aten\u00e7\u00e3o prim\u00e1ria. As c\u00e2maras refrigeradas d\u00e3o mais seguran\u00e7a no armazenamento de imunobiol\u00f3gicos, sens\u00edveis \u00e0 varia\u00e7\u00e3o de temperatura.<\/p>\n<p>As demais 20 c\u00e2maras frias devem chegar em um m\u00eas, adquiridas com recursos do Governo Federal. Da mesma forma, foram adquiridas caixas t\u00e9rmicas, usadas para transporte de medicamentos a serem entregues nos pr\u00f3ximos dias: cem delas t\u00eam capacidade para 15 litros, e 50 para 34 litros. Tr\u00eas tipos de gelo reutiliz\u00e1vel j\u00e1 foram entregues: duas mil unidades de 400ml, cinco mil unidades de 600ml, e cinco mil de 1.000ml.<\/p>\n<p>J\u00e1 os term\u00f4metros, est\u00e3o em fase de empenho e sendo adquiridos com recursos do munic\u00edpio. S\u00e3o 200 solicita\u00e7\u00f5es para esses aparelhos que s\u00e3o acoplados para afixa\u00e7\u00e3o nas caixas t\u00e9rmicas.<\/p>\n<p>Fonte: Assessoria<\/p>\n","protected":false},"excerpt":{"rendered":"<p>Juiz de Fora acaba de receber 11 c\u00e2maras frias para acondicionamento de imunizantes. Os recursos, provenientes do cumprimento de metas da Aten\u00e7\u00e3o em Sa\u00fade, foram repassados pela Uni\u00e3o. Mais 20 equipamentos est\u00e3o sendo adquiridos para a Central de Vigil\u00e2ncia em Sa\u00fade e devem chegar em aproximadamente 30 dias. As 11 c\u00e2maras frias s\u00e3o destinadas \u00e0s [&hellip;]<\/p>\n","protected":false},"author":246,"featured_media":179929,"comment_status":"closed","ping_status":"closed","sticky":false,"template":"","format":"standard","meta":{"footnotes":""},"categories":[253,262,439],"tags":[],"class_list":["post-179928","post","type-post","status-publish","format-standard","has-post-thumbnail","hentry","category-cidade","category-noticias","category-ultima-hora"],"_links":{"self":[{"href":"https:\/\/diarioregionaldigital.com.br\/index.php?rest_route=\/wp\/v2\/posts\/179928","targetHints":{"allow":["GET"]}}],"collection":[{"href":"https:\/\/diarioregionaldigital.com.br\/index.php?rest_route=\/wp\/v2\/posts"}],"about":[{"href":"https:\/\/diarioregionaldigital.com.br\/index.php?rest_route=\/wp\/v2\/types\/post"}],"author":[{"embeddable":true,"href":"https:\/\/diarioregionaldigital.com.br\/index.php?rest_route=\/wp\/v2\/users\/246"}],"replies":[{"embeddable":true,"href":"https:\/\/diarioregionaldigital.com.br\/index.php?rest_route=%2Fwp%2Fv2%2Fcomments&post=179928"}],"version-history":[{"count":1,"href":"https:\/\/diarioregionaldigital.com.br\/index.php?rest_route=\/wp\/v2\/posts\/179928\/revisions"}],"predecessor-version":[{"id":179930,"href":"https:\/\/diarioregionaldigital.com.br\/index.php?rest_route=\/wp\/v2\/posts\/179928\/revisions\/179930"}],"wp:featuredmedia":[{"embeddable":true,"href":"https:\/\/diarioregionaldigital.com.br\/index.php?rest_route=\/wp\/v2\/media\/179929"}],"wp:attachment":[{"href":"https:\/\/diarioregionaldigital.com.br\/index.php?rest_route=%2Fwp%2Fv2%2Fmedia&parent=179928"}],"wp:term":[{"taxonomy":"category","embeddable":true,"href":"https:\/\/diarioregionaldigital.com.br\/index.php?rest_route=%2Fwp%2Fv2%2Fcategories&post=179928"},{"taxonomy":"post_tag","embeddable":true,"href":"https:\/\/diarioregionaldigital.com.br\/index.php?rest_route=%2Fwp%2Fv2%2Ftags&post=179928"}],"curies":[{"name":"wp","href":"https:\/\/api.w.org\/{rel}","templated":true}]}}