{"id":179925,"date":"2021-03-26T18:08:27","date_gmt":"2021-03-26T21:08:27","guid":{"rendered":"https:\/\/diarioregionaldigital.com.br\/?p=179925"},"modified":"2021-03-26T18:08:27","modified_gmt":"2021-03-26T21:08:27","slug":"agentes-de-transporte-e-transito-da-smu-orientam-motoristas-durante-vacinacao-no-sport","status":"publish","type":"post","link":"https:\/\/diarioregionaldigital.com.br\/?p=179925","title":{"rendered":"Agentes de transporte e tr\u00e2nsito da SMU orientam motoristas durante vacina\u00e7\u00e3o no Sport"},"content":{"rendered":"<p>Apesar da vacina\u00e7\u00e3o de idosos acima de 75 anos que ocorrer\u00e1 neste s\u00e1bado, 27, no Sport Club Juiz de Fora n\u00e3o ser esquema de drive-thru, os agentes de transporte e tr\u00e2nsito da Secretaria de Mobilidade Urbana (SMU) estar\u00e3o presentes para orientar os motoristas no local. Al\u00e9m disso, a equipe tamb\u00e9m vai garantir que os pontos de \u00f4nibus estejam sempre desobstru\u00eddos e que n\u00e3o sejam cometidas infra\u00e7\u00f5es, como o estacionamento nas cal\u00e7adas.<\/p>\n<p>O gerente do Departamento de Fiscaliza\u00e7\u00e3o, Paulo Peron, avalia a necessidade da a\u00e7\u00e3o. &#8220;Como o p\u00fablico \u00e9 de idosos, estaremos presentes para garantir que as cal\u00e7adas fiquem livres para n\u00e3o dificultar a passagem das pessoas. Vamos colocar alguns materiais de sinaliza\u00e7\u00e3o tamb\u00e9m no local para contribuir na orienta\u00e7\u00e3o do tr\u00e2nsito&#8221;, esclarece.<\/p>\n<p>A vacina\u00e7\u00e3o acontece no gin\u00e1sio do Sport Club. Por\u00e9m, o estacionamento do local, pela Avenida Brasil, ser\u00e1 liberado para embarque e desembarque de passageiros.<\/p>\n<p><b>Prefeitura integrada no suporte log\u00edstico para aplica\u00e7\u00e3o das vacinas<\/b><\/p>\n<p>Coordenada pela Secret\u00e1ria de Governo, a Prefeitura de Juiz de Fora (PJF) criou uma rede de suporte log\u00edstico para apoiar a Secretaria de Sa\u00fade (SS) no processo de vacina\u00e7\u00e3o contra a Covid-19. O grupo \u00e9 formado por integrantes da Secretaria de Seguran\u00e7a e Cidadania (Sesuc), incluindo a Guarda Municipal, Secretaria de Mobilidade Urbana (SMU), Secretaria de Comunica\u00e7\u00e3o P\u00fablica (Secom) e Defesa Civil.<\/p>\n<p>Fonte: Assessoria<\/p>\n","protected":false},"excerpt":{"rendered":"<p>Apesar da vacina\u00e7\u00e3o de idosos acima de 75 anos que ocorrer\u00e1 neste s\u00e1bado, 27, no Sport Club Juiz de Fora n\u00e3o ser esquema de drive-thru, os agentes de transporte e tr\u00e2nsito da Secretaria de Mobilidade Urbana (SMU) estar\u00e3o presentes para orientar os motoristas no local. Al\u00e9m disso, a equipe tamb\u00e9m vai garantir que os pontos [&hellip;]<\/p>\n","protected":false},"author":246,"featured_media":179926,"comment_status":"closed","ping_status":"closed","sticky":false,"template":"","format":"standard","meta":{"footnotes":""},"categories":[253,436,439],"tags":[],"class_list":["post-179925","post","type-post","status-publish","format-standard","has-post-thumbnail","hentry","category-cidade","category-destaque-da-semana","category-ultima-hora"],"_links":{"self":[{"href":"https:\/\/diarioregionaldigital.com.br\/index.php?rest_route=\/wp\/v2\/posts\/179925","targetHints":{"allow":["GET"]}}],"collection":[{"href":"https:\/\/diarioregionaldigital.com.br\/index.php?rest_route=\/wp\/v2\/posts"}],"about":[{"href":"https:\/\/diarioregionaldigital.com.br\/index.php?rest_route=\/wp\/v2\/types\/post"}],"author":[{"embeddable":true,"href":"https:\/\/diarioregionaldigital.com.br\/index.php?rest_route=\/wp\/v2\/users\/246"}],"replies":[{"embeddable":true,"href":"https:\/\/diarioregionaldigital.com.br\/index.php?rest_route=%2Fwp%2Fv2%2Fcomments&post=179925"}],"version-history":[{"count":1,"href":"https:\/\/diarioregionaldigital.com.br\/index.php?rest_route=\/wp\/v2\/posts\/179925\/revisions"}],"predecessor-version":[{"id":179927,"href":"https:\/\/diarioregionaldigital.com.br\/index.php?rest_route=\/wp\/v2\/posts\/179925\/revisions\/179927"}],"wp:featuredmedia":[{"embeddable":true,"href":"https:\/\/diarioregionaldigital.com.br\/index.php?rest_route=\/wp\/v2\/media\/179926"}],"wp:attachment":[{"href":"https:\/\/diarioregionaldigital.com.br\/index.php?rest_route=%2Fwp%2Fv2%2Fmedia&parent=179925"}],"wp:term":[{"taxonomy":"category","embeddable":true,"href":"https:\/\/diarioregionaldigital.com.br\/index.php?rest_route=%2Fwp%2Fv2%2Fcategories&post=179925"},{"taxonomy":"post_tag","embeddable":true,"href":"https:\/\/diarioregionaldigital.com.br\/index.php?rest_route=%2Fwp%2Fv2%2Ftags&post=179925"}],"curies":[{"name":"wp","href":"https:\/\/api.w.org\/{rel}","templated":true}]}}