{"id":179922,"date":"2021-03-26T18:03:25","date_gmt":"2021-03-26T21:03:25","guid":{"rendered":"https:\/\/diarioregionaldigital.com.br\/?p=179922"},"modified":"2021-03-26T18:04:48","modified_gmt":"2021-03-26T21:04:48","slug":"pjf-triplica-o-numero-de-ubss-para-a-vacinacao-contra-covid-19-a-partir-de-segunda-dia-29","status":"publish","type":"post","link":"https:\/\/diarioregionaldigital.com.br\/?p=179922","title":{"rendered":"PJF triplica o n\u00famero de UBSs para a vacina\u00e7\u00e3o contra Covid-19 a partir de segunda, dia 29"},"content":{"rendered":"<p>A partir da pr\u00f3xima segunda-feira, dia 29, a Secretaria de Sa\u00fade (SS) da Prefeitura de Juiz de Fora (PJF) ampliar\u00e1 para 23 o n\u00famero de Unidades B\u00e1sicas de Sa\u00fade (UBSs) que far\u00e3o o atendimento para vacina\u00e7\u00e3o dos grupos priorit\u00e1rios contra o coronav\u00edrus. O hor\u00e1rio de funcionamento das UBSs ser\u00e1 das 8h \u00e0s 10h30, e das 13h \u00e0s 16h30, exceto \u00e0s quinta-feiras, quando o hor\u00e1rio \u00e0 tarde ser\u00e1 das 13h \u00e0s 14h, devido a demandas internas das unidades. Os p\u00fablicos imunizados tamb\u00e9m poder\u00e3o utilizar o Departamento de Sa\u00fade do Idoso (DSI), das 8h \u00e0s 16h.<\/p>\n<p>As unidades dispon\u00edveis s\u00e3o nos bairros: Barreira do Triunfo, Benfica, Centro-Sul, Nova Era, J\u00f3quei II, Milho Branco, Industrial, Nossa Senhora Aparecida, Linhares, Marumbi, Grama, Nossa Senhora das Gra\u00e7as, S\u00e3o Pedro, Borboleta, Santa Luzia, Vale Verde,<br \/>\nSanta Cec\u00edlia, Vila Ideal, Santo Ant\u00f4nio, Nossa Senhora de Lourdes, Progresso e Santa Cruz.<\/p>\n<p>A amplia\u00e7\u00e3o dos postos de vacina\u00e7\u00e3o tem o objetivo de descentralizar ainda mais a vacina\u00e7\u00e3o, oferecendo mais acesso e agilidade para imuniza\u00e7\u00e3o, neste momento em que as faixas et\u00e1rias que est\u00e3o sendo imunizados contemplam um quantitativo maior de idosos, e as doses do imunizantes passam a chegar no munic\u00edpio com mais regularidade.<\/p>\n<p>\u00c9 preciso destacar que o envio de doses e a defini\u00e7\u00e3o dos grupos priorit\u00e1rios \u00e9 de responsabilidade do Governo Federal. A amplia\u00e7\u00e3o dos grupos acontece de forma gradativa.<\/p>\n<p><b>Confira os endere\u00e7os das 23 UBS e do Departamento de Sa\u00fade do Idoso<\/b><\/p>\n<p>Barreira do Triunfo &#8211; Rua Ant\u00f4nio Pereira da Silva s\/n,<br \/>\nBenfica &#8211; Rua Guararapes, 106;<br \/>\nCentro Sul &#8211; Av Rio Branco, 3.132;<br \/>\nNova Era &#8211; Rua Guimar\u00e3es J\u00fanior, 850<br \/>\nJ\u00f3quei II &#8211; Rua Ant\u00f4nio Guimar\u00e3es Peralva, 130;<br \/>\nMilho Branco &#8211; Rua Nicolau Schuery s\/n;<br \/>\nBairro Industrial &#8211; Rua Ibrahim Bitar, s\/n\u00ba<br \/>\nNossa Senhora Aparecida &#8211; Rua Nossa Senhora Aparecida, 775<br \/>\nLinhares &#8211; Rua Ministro Odilon Braga s\/n;<br \/>\nMarumbi &#8211; Rua Bar\u00e3o do Retiro 1.462;<br \/>\nGrama &#8211; Pra\u00e7a \u00c1ureo Carneiro s\/n;<br \/>\nNossa Senhora das Gra\u00e7as &#8211; Rua Queluz, 72;<br \/>\nS\u00e3o Pedro &#8211; Rua Jo\u00e3o Louren\u00e7o Kelmer, 1.433;<br \/>\nBorboleta &#8211; Rua Tem. Paulo Maria Delage, 297;<br \/>\nSanta Luzia &#8211; Rua Torre\u00f5es, s\/n\u00ba;<br \/>\nVale Verde &#8211; Rua Marciano Pinto, 685<br \/>\nSanta Cec\u00edlia &#8211; Rua Gabriel Rodrigues, 900;<br \/>\nVila Ideal &#8211; Av. Francisco Valadares, 1.910;<br \/>\nSanto Ant\u00f4nio &#8211; Rua Alexandre da Ressurrei\u00e7\u00e3o, s\/n\u00ba<br \/>\nNossa Senhora de Lourdes &#8211; Rua Dr. Jos\u00e9 Rafael Souza Antunes, 409;<br \/>\nS\u00e3o Sebasti\u00e3o &#8211; Rua Jorge Raimundo, 209;<br \/>\nProgresso &#8211; Rua Jorge Knopp, 119;<br \/>\nSanta Cruz &#8211; Rua Doutor Antonio Mour\u00e3o Guimar\u00e3es, 245<\/p>\n<p>Departamento de Sa\u00fade do Idoso, R. Batista de Oliveira, 943.<\/p>\n<p>Fonte: Assessoria<\/p>\n","protected":false},"excerpt":{"rendered":"<p>A partir da pr\u00f3xima segunda-feira, dia 29, a Secretaria de Sa\u00fade (SS) da Prefeitura de Juiz de Fora (PJF) ampliar\u00e1 para 23 o n\u00famero de Unidades B\u00e1sicas de Sa\u00fade (UBSs) que far\u00e3o o atendimento para vacina\u00e7\u00e3o dos grupos priorit\u00e1rios contra o coronav\u00edrus. O hor\u00e1rio de funcionamento das UBSs ser\u00e1 das 8h \u00e0s 10h30, e das [&hellip;]<\/p>\n","protected":false},"author":246,"featured_media":179923,"comment_status":"closed","ping_status":"closed","sticky":false,"template":"","format":"standard","meta":{"footnotes":""},"categories":[253,436,440,439],"tags":[],"class_list":["post-179922","post","type-post","status-publish","format-standard","has-post-thumbnail","hentry","category-cidade","category-destaque-da-semana","category-destaques-do-dia","category-ultima-hora"],"_links":{"self":[{"href":"https:\/\/diarioregionaldigital.com.br\/index.php?rest_route=\/wp\/v2\/posts\/179922","targetHints":{"allow":["GET"]}}],"collection":[{"href":"https:\/\/diarioregionaldigital.com.br\/index.php?rest_route=\/wp\/v2\/posts"}],"about":[{"href":"https:\/\/diarioregionaldigital.com.br\/index.php?rest_route=\/wp\/v2\/types\/post"}],"author":[{"embeddable":true,"href":"https:\/\/diarioregionaldigital.com.br\/index.php?rest_route=\/wp\/v2\/users\/246"}],"replies":[{"embeddable":true,"href":"https:\/\/diarioregionaldigital.com.br\/index.php?rest_route=%2Fwp%2Fv2%2Fcomments&post=179922"}],"version-history":[{"count":1,"href":"https:\/\/diarioregionaldigital.com.br\/index.php?rest_route=\/wp\/v2\/posts\/179922\/revisions"}],"predecessor-version":[{"id":179924,"href":"https:\/\/diarioregionaldigital.com.br\/index.php?rest_route=\/wp\/v2\/posts\/179922\/revisions\/179924"}],"wp:featuredmedia":[{"embeddable":true,"href":"https:\/\/diarioregionaldigital.com.br\/index.php?rest_route=\/wp\/v2\/media\/179923"}],"wp:attachment":[{"href":"https:\/\/diarioregionaldigital.com.br\/index.php?rest_route=%2Fwp%2Fv2%2Fmedia&parent=179922"}],"wp:term":[{"taxonomy":"category","embeddable":true,"href":"https:\/\/diarioregionaldigital.com.br\/index.php?rest_route=%2Fwp%2Fv2%2Fcategories&post=179922"},{"taxonomy":"post_tag","embeddable":true,"href":"https:\/\/diarioregionaldigital.com.br\/index.php?rest_route=%2Fwp%2Fv2%2Ftags&post=179922"}],"curies":[{"name":"wp","href":"https:\/\/api.w.org\/{rel}","templated":true}]}}