{"id":179918,"date":"2021-03-26T17:57:11","date_gmt":"2021-03-26T20:57:11","guid":{"rendered":"https:\/\/diarioregionaldigital.com.br\/?p=179918"},"modified":"2021-03-26T17:57:11","modified_gmt":"2021-03-26T20:57:11","slug":"fiscalizacao-pela-vida-realiza-mais-de-430-vistorias-em-um-dia","status":"publish","type":"post","link":"https:\/\/diarioregionaldigital.com.br\/?p=179918","title":{"rendered":"Fiscaliza\u00e7\u00e3o pela Vida realiza mais de 430 vistorias em um dia"},"content":{"rendered":"<p>A equipe de Fiscaliza\u00e7\u00e3o pela Vida vistoriou, durante a quinta-feira, 25, 90 estabelecimentos e 344 \u00f4nibus urbanos. Os fiscais de posturas da Secretaria de Sustentabilidade em Meio Ambiente e Atividades Urbanas (Sesmaur) autuaram um estabelecimento, notificaram outros 14 e emitiram cinco termos de intima\u00e7\u00e3o.<\/p>\n<p>Os agentes de transporte e tr\u00e2nsito da Secretaria de Mobilidade Urbana (SMU), abordaram 344 \u00f4nibus nas vias da cidade, sendo que 11 foram flagrados com passageiros em p\u00e9.<\/p>\n<p>J\u00e1 a Ag\u00eancia de Prote\u00e7\u00e3o ao Consumidor de Juiz Fora (Procon\/JF) fiscalizou tr\u00eas ag\u00eancias banc\u00e1rias e autuou uma por n\u00e3o estar cumprindo o hor\u00e1rio m\u00e1ximo de 15 minutos para atendimento, conforme previsto na Lei Municipal 11.023. Ainda nesta quinta-feira, a Guarda Municipal realizou a Opera\u00e7\u00e3o Presen\u00e7a em pontos estrat\u00e9gicos.<\/p>\n<p>A Prefeitura de Juiz de Fora (PJF) segue intensificando a opera\u00e7\u00e3o \u201cFiscaliza\u00e7\u00e3o pela Vida\u201d nas ruas da cidade para garantir o cumprimento da legisla\u00e7\u00e3o e dos protocolos relacionados \u00e0 Covid-19, al\u00e9m das regras inerentes \u00e0 Onda Roxa do Programa Minas Consciente.<\/p>\n<p><b>Fiscaliza\u00e7\u00e3o pela Vida<\/b><\/p>\n<p>A opera\u00e7\u00e3o Fiscaliza\u00e7\u00e3o pela Vida \u00e9 uma atua\u00e7\u00e3o conjunta dos fiscais de posturas da Sesmaur; dos guardas municipais da Secretaria de Seguran\u00e7a Urbana e Cidadania (Sesuc); dos agentes de transporte e tr\u00e2nsito da SMU e do Procon\/JF. A a\u00e7\u00e3o tem coordena\u00e7\u00e3o da Secretaria de Governo.<\/p>\n<p>Fonte: Assessoria<\/p>\n","protected":false},"excerpt":{"rendered":"<p>A equipe de Fiscaliza\u00e7\u00e3o pela Vida vistoriou, durante a quinta-feira, 25, 90 estabelecimentos e 344 \u00f4nibus urbanos. Os fiscais de posturas da Secretaria de Sustentabilidade em Meio Ambiente e Atividades Urbanas (Sesmaur) autuaram um estabelecimento, notificaram outros 14 e emitiram cinco termos de intima\u00e7\u00e3o. Os agentes de transporte e tr\u00e2nsito da Secretaria de Mobilidade Urbana [&hellip;]<\/p>\n","protected":false},"author":246,"featured_media":179920,"comment_status":"closed","ping_status":"closed","sticky":false,"template":"","format":"standard","meta":{"footnotes":""},"categories":[253,436,262,439],"tags":[],"class_list":["post-179918","post","type-post","status-publish","format-standard","has-post-thumbnail","hentry","category-cidade","category-destaque-da-semana","category-noticias","category-ultima-hora"],"_links":{"self":[{"href":"https:\/\/diarioregionaldigital.com.br\/index.php?rest_route=\/wp\/v2\/posts\/179918","targetHints":{"allow":["GET"]}}],"collection":[{"href":"https:\/\/diarioregionaldigital.com.br\/index.php?rest_route=\/wp\/v2\/posts"}],"about":[{"href":"https:\/\/diarioregionaldigital.com.br\/index.php?rest_route=\/wp\/v2\/types\/post"}],"author":[{"embeddable":true,"href":"https:\/\/diarioregionaldigital.com.br\/index.php?rest_route=\/wp\/v2\/users\/246"}],"replies":[{"embeddable":true,"href":"https:\/\/diarioregionaldigital.com.br\/index.php?rest_route=%2Fwp%2Fv2%2Fcomments&post=179918"}],"version-history":[{"count":1,"href":"https:\/\/diarioregionaldigital.com.br\/index.php?rest_route=\/wp\/v2\/posts\/179918\/revisions"}],"predecessor-version":[{"id":179921,"href":"https:\/\/diarioregionaldigital.com.br\/index.php?rest_route=\/wp\/v2\/posts\/179918\/revisions\/179921"}],"wp:featuredmedia":[{"embeddable":true,"href":"https:\/\/diarioregionaldigital.com.br\/index.php?rest_route=\/wp\/v2\/media\/179920"}],"wp:attachment":[{"href":"https:\/\/diarioregionaldigital.com.br\/index.php?rest_route=%2Fwp%2Fv2%2Fmedia&parent=179918"}],"wp:term":[{"taxonomy":"category","embeddable":true,"href":"https:\/\/diarioregionaldigital.com.br\/index.php?rest_route=%2Fwp%2Fv2%2Fcategories&post=179918"},{"taxonomy":"post_tag","embeddable":true,"href":"https:\/\/diarioregionaldigital.com.br\/index.php?rest_route=%2Fwp%2Fv2%2Ftags&post=179918"}],"curies":[{"name":"wp","href":"https:\/\/api.w.org\/{rel}","templated":true}]}}