{"id":179914,"date":"2021-03-26T17:47:19","date_gmt":"2021-03-26T20:47:19","guid":{"rendered":"https:\/\/diarioregionaldigital.com.br\/?p=179914"},"modified":"2021-03-26T17:48:35","modified_gmt":"2021-03-26T20:48:35","slug":"zema-cobra-vacinacao-de-policiais-e-professores-durante-reuniao-com-o-comite-nacional-de-enfrentamento-da-pandemia","status":"publish","type":"post","link":"https:\/\/diarioregionaldigital.com.br\/?p=179914","title":{"rendered":"Zema cobra vacina\u00e7\u00e3o de policiais e professores durante reuni\u00e3o com o comit\u00ea nacional de enfrentamento da pandemia"},"content":{"rendered":"<p>O governador Romeu Zema participou, nesta sexta-feira (26\/3), por videoconfer\u00eancia, da primeira reuni\u00e3o com o Comit\u00ea Gestor nacional de enfrentamento da pandemia de covid-19. Ele cobrou o cumprimento dos crit\u00e9rios do Plano Nacional de Imuniza\u00e7\u00e3o (PNI), de forma a garantir a vacina\u00e7\u00e3o de todos os idosos, e pediu prioridade no calend\u00e1rio \u00e0s for\u00e7as de Seguran\u00e7a e aos professores. O encontro foi coordenado pelo presidente do Senado, Rodrigo Pacheco e teve a participa\u00e7\u00e3o dos demais governadores.<\/p>\n<div class=\"clear \">\n<p>\u201cMinas e outros estados solicitaram que o PNI garanta a vacina\u00e7\u00e3o de policiais e professores logo ap\u00f3s os idosos de 60 anos. Eles precisam ter prioridade, mas o calend\u00e1rio nacional precisa ser alterado para atender categorias t\u00e3o importantes. Pelo Plano Nacional, a expectativa \u00e9 que a vacina\u00e7\u00e3o de todos os idosos aconte\u00e7a ainda no m\u00eas de abril. Estou empenhado no cumprimento dessa meta. Vamos vacinar para preservar mais vidas\u201d, afirmou o governador. \u201cPrecisamos ter um procedimento \u00fanico para que nenhum grupo ou estado tenha privil\u00e9gios. A vida \u00e9 um direito de todos e ningu\u00e9m pode ser tratado de modo diferente\u201d, completou.<\/p>\n<p>Outro alerta feito por Zema foi em rela\u00e7\u00e3o ao fornecimento de insumos aos Estados. Existe uma preocupa\u00e7\u00e3o com o baixo estoque de medicamentos em Minas Gerais, especialmente no que diz respeito ao kit intuba\u00e7\u00e3o, fundamental para o atendimento dos pacientes mais graves.<\/p>\n<p>\u201cUm dos problemas que estamos enfrentando \u00e9 a redu\u00e7\u00e3o do estoque de medicamentos, principalmente sedativos. Se n\u00e3o houver fornecimento breve, logo teremos falta de insumos que poder\u00e3o custar a vida de pessoas. Esse problema tem que ser tratado urgentemente\u201d, advertiu o governador.<\/p>\n<p>O secret\u00e1rio de Estado de\u00a0<a href=\"http:\/\/www.saude.mg.gov.br\/\" target=\"_blank\" rel=\"noopener\">Sa\u00fade<\/a>, o m\u00e9dico F\u00e1bio Baccheretti, tamb\u00e9m participou da reuni\u00e3o.<\/p>\n<p><strong>Comit\u00ea<\/strong><\/p>\n<p>A cria\u00e7\u00e3o do comit\u00ea nacional foi oficializada nesta quinta-feira (25\/3). O grupo \u00e9 formado pelo presidente Jair Bolsonaro, al\u00e9m dos presidentes da C\u00e2mara, Arthur Lira, e do Senado, Rodrigo Pacheco, este respons\u00e1vel por receber as demandas dos governadores no combate \u00e0 pandemia e apresent\u00e1-las ao comit\u00ea.<\/p>\n<p>Fonte: <span style=\"font-weight: 400;\">Ag\u00eancia Minas <\/span><\/p>\n<\/div>\n<p>&nbsp;<\/p>\n","protected":false},"excerpt":{"rendered":"<p>O governador Romeu Zema participou, nesta sexta-feira (26\/3), por videoconfer\u00eancia, da primeira reuni\u00e3o com o Comit\u00ea Gestor nacional de enfrentamento da pandemia de covid-19. Ele cobrou o cumprimento dos crit\u00e9rios do Plano Nacional de Imuniza\u00e7\u00e3o (PNI), de forma a garantir a vacina\u00e7\u00e3o de todos os idosos, e pediu prioridade no calend\u00e1rio \u00e0s for\u00e7as de Seguran\u00e7a [&hellip;]<\/p>\n","protected":false},"author":246,"featured_media":179915,"comment_status":"closed","ping_status":"closed","sticky":false,"template":"","format":"standard","meta":{"footnotes":""},"categories":[436,440,254,439],"tags":[],"class_list":["post-179914","post","type-post","status-publish","format-standard","has-post-thumbnail","hentry","category-destaque-da-semana","category-destaques-do-dia","category-politica","category-ultima-hora"],"_links":{"self":[{"href":"https:\/\/diarioregionaldigital.com.br\/index.php?rest_route=\/wp\/v2\/posts\/179914","targetHints":{"allow":["GET"]}}],"collection":[{"href":"https:\/\/diarioregionaldigital.com.br\/index.php?rest_route=\/wp\/v2\/posts"}],"about":[{"href":"https:\/\/diarioregionaldigital.com.br\/index.php?rest_route=\/wp\/v2\/types\/post"}],"author":[{"embeddable":true,"href":"https:\/\/diarioregionaldigital.com.br\/index.php?rest_route=\/wp\/v2\/users\/246"}],"replies":[{"embeddable":true,"href":"https:\/\/diarioregionaldigital.com.br\/index.php?rest_route=%2Fwp%2Fv2%2Fcomments&post=179914"}],"version-history":[{"count":2,"href":"https:\/\/diarioregionaldigital.com.br\/index.php?rest_route=\/wp\/v2\/posts\/179914\/revisions"}],"predecessor-version":[{"id":179917,"href":"https:\/\/diarioregionaldigital.com.br\/index.php?rest_route=\/wp\/v2\/posts\/179914\/revisions\/179917"}],"wp:featuredmedia":[{"embeddable":true,"href":"https:\/\/diarioregionaldigital.com.br\/index.php?rest_route=\/wp\/v2\/media\/179915"}],"wp:attachment":[{"href":"https:\/\/diarioregionaldigital.com.br\/index.php?rest_route=%2Fwp%2Fv2%2Fmedia&parent=179914"}],"wp:term":[{"taxonomy":"category","embeddable":true,"href":"https:\/\/diarioregionaldigital.com.br\/index.php?rest_route=%2Fwp%2Fv2%2Fcategories&post=179914"},{"taxonomy":"post_tag","embeddable":true,"href":"https:\/\/diarioregionaldigital.com.br\/index.php?rest_route=%2Fwp%2Fv2%2Ftags&post=179914"}],"curies":[{"name":"wp","href":"https:\/\/api.w.org\/{rel}","templated":true}]}}