{"id":179906,"date":"2021-03-26T17:33:56","date_gmt":"2021-03-26T20:33:56","guid":{"rendered":"https:\/\/diarioregionaldigital.com.br\/?p=179906"},"modified":"2021-03-26T17:33:56","modified_gmt":"2021-03-26T20:33:56","slug":"apos-atuacao-de-vereadores-feiras-livres-sao-liberadas-para-venda-de-alimentos-durante-lockdown","status":"publish","type":"post","link":"https:\/\/diarioregionaldigital.com.br\/?p=179906","title":{"rendered":"Ap\u00f3s atua\u00e7\u00e3o de vereadores, feiras livres s\u00e3o liberadas para venda de alimentos durante lockdown"},"content":{"rendered":"<p>No in\u00edcio desta semana, a discuss\u00e3o sobre o fechamento das feiras livres foi um dos focos das reuni\u00f5es ordin\u00e1rias em plen\u00e1rio. Os vereadores aprovaram um requerimento e uma representa\u00e7\u00e3o solicitando aos poderes executivos municipal e estadual a abertura das feiras livres. Ap\u00f3s a atua\u00e7\u00e3o da C\u00e2mara, os feirantes puderam retornar \u00e0s atividades, mesmo depois de 18 dias parados. De acordo com o texto do requerimento enviado ao Poder Executivo e assinado pelos parlamentares Maur\u00edcio Delgado (DEM), Vagner de Oliveira (PSB) e Z\u00e9 M\u00e1rcio Garotinho (PV), a n\u00e3o perecibilidade dos produtos dos feirantes e a necessidade de alimenta\u00e7\u00e3o da popula\u00e7\u00e3o da cidade foram alguns dos pontos de defesa para a reabertura. Al\u00e9m disso, os vereadores destacaram que, com a aplica\u00e7\u00e3o r\u00edgida dos protocolos sanit\u00e1rios, a ida a feiras livres evita aglomera\u00e7\u00f5es em supermercados, al\u00e9m de ser uma vantagem econ\u00f4mica por praticarem pre\u00e7os mais vantajosos \u00e0 popula\u00e7\u00e3o.<\/p>\n<p>A sensibilidade \u00e0 situa\u00e7\u00e3o financeira de v\u00e1rios produtores foi uma das motiva\u00e7\u00f5es para que o vereador Vagner de Oliveira elaborasse com os outros vereadores o requerimento e abrisse o di\u00e1logo para que o Poder Executivo revisse a decis\u00e3o de proibi\u00e7\u00e3o das feiras livres. &#8220;Muitos produtores tiveram que jogar seus produtos fora porque estragaram&#8221;, lamentou Vagner, que \u00e9 tamb\u00e9m presidente da Comiss\u00e3o de Abastecimento, Ind\u00fastria, Com\u00e9rcio, Agropecu\u00e1ria e Defesa do Consumidor.<\/p>\n<p>J\u00e1 Maur\u00edcio Delgado ressaltou que \u00e9 um momento de sobreviv\u00eancia. &#8220;H\u00e1 pessoas que vivem apenas do pr\u00f3prio plantio sem a chance de ofertar os produtos&#8221;.\u00a0 O ponto tamb\u00e9m foi enfatizado pelo vereador Z\u00e9 M\u00e1rcio Garotinho, que lembrou que os hipermercados, supermercados e mercados tamb\u00e9m est\u00e3o vendendo verduras. &#8220;Ent\u00e3o por uma quest\u00e3o de justi\u00e7a pedimos que os feirantes pudessem fazer a colheita e vender seus produtos. \u00c9 um respiro de sa\u00fade financeira&#8221;, lembra o vereador.<\/p>\n<p>Entendendo que o lockdown \u00e9 uma medida determinada pelo Governo do Estado, pelo Programa Minas Consciente, o vereador Marlon Siqueira (PP), solicitou tamb\u00e9m \u00e0 inst\u00e2ncia estadual a volta do com\u00e9rcio de alimentos a c\u00e9u aberto por feiras livres atrav\u00e9s de uma representa\u00e7\u00e3o ao Comit\u00ea Extraordin\u00e1rio COVID-19. \u201cAssim, queremos que feiras em toda Minas Gerais sejam beneficiadas, pois sabemos de perto da dificuldade do feirante em competir com as grandes redes varejistas de alimentos, que continuam abertas\u201d, destacou. Al\u00e9m dos membros da Comiss\u00e3o, assinaram o documento os vereadores Andr\u00e9 Luiz (Republicanos), Bejani J\u00fanior , Dr. Ant\u00f4nio Aguiar (DEM), Cido Reis (PSB), Sargento Mello Casal (PTB), Jo\u00e3o Wagner (PSC), Julinho Rossignoli (PATRIOTA), K\u00e1tia Franco Protetora (PSC), Laiz Perrut (PT), Pardal (PSL), Nilton Milit\u00e3o (PSD), Tallia Sobral (PSOL) e Tiago Bonec\u00e3o (CIDADANIA).<\/p>\n<p>A atua\u00e7\u00e3o dos parlamentares contou tamb\u00e9m com a participa\u00e7\u00e3o da presidente da Associa\u00e7\u00e3o dos Feirantes, Maria Carmem Albino, que agradeceu \u00e0 PJF por ter atendido \u00e0 solicita\u00e7\u00e3o e compreendido o projeto apresentado. Nem todas as feiras livres tiveram o funcionamento liberado pela Prefeitura.\u00a0 As feiras noturna e da Avenida Brasil continuam suspensas. Segundo informou a assessoria de imprensa da PJF, elas ainda n\u00e3o preenchem os crit\u00e9rios definidos pelas normas t\u00e9cnicas porque s\u00e3o espa\u00e7os com maior aglomera\u00e7\u00e3o e grande n\u00famero de clientes.<\/p>\n<p><strong>Regras de funcionamento\u00a0<\/strong><\/p>\n<p>Algumas regras para funcionamento s\u00e3o: redu\u00e7\u00e3o na quantidade de pontos por feirante; maior espa\u00e7amento entre as barracas para melhorar a circula\u00e7\u00e3o; atendimento apenas a clientes que estejam com m\u00e1scaras; e oferta aos clientes de \u00e1lcool em gel em todas as barracas\u00a0 Al\u00e9m disso, n\u00e3o \u00e9 permitido o uso de extensor de barracas; a degusta\u00e7\u00e3o dos alimentos vendidos; e a venda e consumo de bebidas alco\u00f3licas na \u00e1rea da feira.<\/p>\n<p>Os clientes da feira podem fazer reclama\u00e7\u00f5es e den\u00fancias por meio do sistema de QR Code dispon\u00edvel ao lado das placas de pre\u00e7o. &#8220;O cliente entra\u00a0 em\u00a0 contato\u00a0 direto\u00a0 com a associa\u00e7\u00e3o. E isso faz com que tenhamos controle maior do que acontece nas feiras&#8221;, anunciou Maria Carmem. Ela lembrou ainda que a abertura \u00e9 em teste para ver como a popula\u00e7\u00e3o e os feirantes reagem ao novo perfil das feiras.<\/p>\n<p>Fonte: Assessoria<\/p>\n","protected":false},"excerpt":{"rendered":"<p>No in\u00edcio desta semana, a discuss\u00e3o sobre o fechamento das feiras livres foi um dos focos das reuni\u00f5es ordin\u00e1rias em plen\u00e1rio. Os vereadores aprovaram um requerimento e uma representa\u00e7\u00e3o solicitando aos poderes executivos municipal e estadual a abertura das feiras livres. Ap\u00f3s a atua\u00e7\u00e3o da C\u00e2mara, os feirantes puderam retornar \u00e0s atividades, mesmo depois de [&hellip;]<\/p>\n","protected":false},"author":246,"featured_media":179907,"comment_status":"closed","ping_status":"closed","sticky":false,"template":"","format":"standard","meta":{"footnotes":""},"categories":[436,440,261,439],"tags":[],"class_list":["post-179906","post","type-post","status-publish","format-standard","has-post-thumbnail","hentry","category-destaque-da-semana","category-destaques-do-dia","category-economia","category-ultima-hora"],"_links":{"self":[{"href":"https:\/\/diarioregionaldigital.com.br\/index.php?rest_route=\/wp\/v2\/posts\/179906","targetHints":{"allow":["GET"]}}],"collection":[{"href":"https:\/\/diarioregionaldigital.com.br\/index.php?rest_route=\/wp\/v2\/posts"}],"about":[{"href":"https:\/\/diarioregionaldigital.com.br\/index.php?rest_route=\/wp\/v2\/types\/post"}],"author":[{"embeddable":true,"href":"https:\/\/diarioregionaldigital.com.br\/index.php?rest_route=\/wp\/v2\/users\/246"}],"replies":[{"embeddable":true,"href":"https:\/\/diarioregionaldigital.com.br\/index.php?rest_route=%2Fwp%2Fv2%2Fcomments&post=179906"}],"version-history":[{"count":2,"href":"https:\/\/diarioregionaldigital.com.br\/index.php?rest_route=\/wp\/v2\/posts\/179906\/revisions"}],"predecessor-version":[{"id":179909,"href":"https:\/\/diarioregionaldigital.com.br\/index.php?rest_route=\/wp\/v2\/posts\/179906\/revisions\/179909"}],"wp:featuredmedia":[{"embeddable":true,"href":"https:\/\/diarioregionaldigital.com.br\/index.php?rest_route=\/wp\/v2\/media\/179907"}],"wp:attachment":[{"href":"https:\/\/diarioregionaldigital.com.br\/index.php?rest_route=%2Fwp%2Fv2%2Fmedia&parent=179906"}],"wp:term":[{"taxonomy":"category","embeddable":true,"href":"https:\/\/diarioregionaldigital.com.br\/index.php?rest_route=%2Fwp%2Fv2%2Fcategories&post=179906"},{"taxonomy":"post_tag","embeddable":true,"href":"https:\/\/diarioregionaldigital.com.br\/index.php?rest_route=%2Fwp%2Fv2%2Ftags&post=179906"}],"curies":[{"name":"wp","href":"https:\/\/api.w.org\/{rel}","templated":true}]}}