{"id":179903,"date":"2021-03-26T17:27:30","date_gmt":"2021-03-26T20:27:30","guid":{"rendered":"https:\/\/diarioregionaldigital.com.br\/?p=179903"},"modified":"2021-03-26T17:27:30","modified_gmt":"2021-03-26T20:27:30","slug":"incc-m-custo-da-construcao-sobe-2-em-marco","status":"publish","type":"post","link":"https:\/\/diarioregionaldigital.com.br\/?p=179903","title":{"rendered":"INCC-M: Custo da Constru\u00e7\u00e3o sobe 2% em mar\u00e7o"},"content":{"rendered":"<p>O \u00cdndice Nacional de Custo da Constru\u00e7\u00e3o \u2013 M (INCC-M) subiu 2,00% em mar\u00e7o, percentual superior ao apurado no m\u00eas anterior, quando o \u00edndice registrou taxa de 1,07%. Com este resultado, o \u00edndice acumula alta de 4,04% no ano e de 11,95% em 12 meses. Em mar\u00e7o de 2020, o \u00edndice variou 0,38% no m\u00eas e acumulava alta de 4,34% em 12 meses. A taxa do \u00edndice relativo a Materiais, Equipamentos e Servi\u00e7os passou de 2,14% em fevereiro para 3,76% em mar\u00e7o. O \u00edndice referente \u00e0 M\u00e3o de Obra passou de 0,03% em fevereiro para 0,28% em mar\u00e7o.<\/p>\n<p>Materiais, Equipamentos e Servi\u00e7os<\/p>\n<p>No grupo Materiais, Equipamentos e Servi\u00e7os, a taxa correspondente a Materiais e Equipamentos subiu 4,44% em mar\u00e7o, contra 2,39% no m\u00eas anterior. Todos os subgrupos componentes apresentaram acr\u00e9scimo em suas taxas de varia\u00e7\u00e3o, destacando-se materiais para estrutura, cuja taxa passou de 2,84% para 5,70%.<\/p>\n<p>A varia\u00e7\u00e3o relativa a Servi\u00e7os passou de 1,05% em fevereiro para 0,69% em mar\u00e7o. Neste grupo, vale destacar o recuo da taxa do item taxas de servi\u00e7os e licenciamentos, que passou de 3,10% para 0,00%.<\/p>\n<p>M\u00e3o de obra<\/p>\n<p>A taxa de varia\u00e7\u00e3o referente ao \u00edndice da M\u00e3o de Obra passou de 0,03% em fevereiro para 0,28% em mar\u00e7o.<\/p>\n<p>Capitais<\/p>\n<p>Seis capitais apresentaram acr\u00e9scimo em suas taxas de varia\u00e7\u00e3o: Salvador, Bras\u00edlia, Belo Horizonte Rio de Janeiro, Porto Alegre e S\u00e3o Paulo. Em contrapartida, Recife apresentou decr\u00e9scimo em sua taxa de varia\u00e7\u00e3o.<\/p>\n<p>Fonte: FGV<\/p>\n","protected":false},"excerpt":{"rendered":"<p>O \u00cdndice Nacional de Custo da Constru\u00e7\u00e3o \u2013 M (INCC-M) subiu 2,00% em mar\u00e7o, percentual superior ao apurado no m\u00eas anterior, quando o \u00edndice registrou taxa de 1,07%. Com este resultado, o \u00edndice acumula alta de 4,04% no ano e de 11,95% em 12 meses. Em mar\u00e7o de 2020, o \u00edndice variou 0,38% no m\u00eas [&hellip;]<\/p>\n","protected":false},"author":246,"featured_media":179904,"comment_status":"closed","ping_status":"closed","sticky":false,"template":"","format":"standard","meta":{"footnotes":""},"categories":[436,261,439],"tags":[],"class_list":["post-179903","post","type-post","status-publish","format-standard","has-post-thumbnail","hentry","category-destaque-da-semana","category-economia","category-ultima-hora"],"_links":{"self":[{"href":"https:\/\/diarioregionaldigital.com.br\/index.php?rest_route=\/wp\/v2\/posts\/179903","targetHints":{"allow":["GET"]}}],"collection":[{"href":"https:\/\/diarioregionaldigital.com.br\/index.php?rest_route=\/wp\/v2\/posts"}],"about":[{"href":"https:\/\/diarioregionaldigital.com.br\/index.php?rest_route=\/wp\/v2\/types\/post"}],"author":[{"embeddable":true,"href":"https:\/\/diarioregionaldigital.com.br\/index.php?rest_route=\/wp\/v2\/users\/246"}],"replies":[{"embeddable":true,"href":"https:\/\/diarioregionaldigital.com.br\/index.php?rest_route=%2Fwp%2Fv2%2Fcomments&post=179903"}],"version-history":[{"count":1,"href":"https:\/\/diarioregionaldigital.com.br\/index.php?rest_route=\/wp\/v2\/posts\/179903\/revisions"}],"predecessor-version":[{"id":179905,"href":"https:\/\/diarioregionaldigital.com.br\/index.php?rest_route=\/wp\/v2\/posts\/179903\/revisions\/179905"}],"wp:featuredmedia":[{"embeddable":true,"href":"https:\/\/diarioregionaldigital.com.br\/index.php?rest_route=\/wp\/v2\/media\/179904"}],"wp:attachment":[{"href":"https:\/\/diarioregionaldigital.com.br\/index.php?rest_route=%2Fwp%2Fv2%2Fmedia&parent=179903"}],"wp:term":[{"taxonomy":"category","embeddable":true,"href":"https:\/\/diarioregionaldigital.com.br\/index.php?rest_route=%2Fwp%2Fv2%2Fcategories&post=179903"},{"taxonomy":"post_tag","embeddable":true,"href":"https:\/\/diarioregionaldigital.com.br\/index.php?rest_route=%2Fwp%2Fv2%2Ftags&post=179903"}],"curies":[{"name":"wp","href":"https:\/\/api.w.org\/{rel}","templated":true}]}}