{"id":179897,"date":"2021-03-25T23:13:25","date_gmt":"2021-03-26T02:13:25","guid":{"rendered":"https:\/\/diarioregionaldigital.com.br\/?p=179897"},"modified":"2021-03-26T13:14:44","modified_gmt":"2021-03-26T16:14:44","slug":"policia-militar-prende-autor-de-roubo-na-regiao-central-durante-operacao-trigger","status":"publish","type":"post","link":"https:\/\/diarioregionaldigital.com.br\/?p=179897","title":{"rendered":"Autor de roubo na regi\u00e3o central \u00e9 preso pela Pol\u00edcia Militar em Opera\u00e7\u00e3o Trigger"},"content":{"rendered":"<p>Na manh\u00e3 de quinta-feira, 25, por volta das 09h04min, durante a realiza\u00e7\u00e3o da Opera\u00e7\u00e3o Trigger VI da Pol\u00edcia Militar foi transmitido via rede de r\u00e1dio um roubo em andamento na regi\u00e3o central da cidade na Pra\u00e7a Ant\u00f4nio Carlos, cuja v\u00edtima, um homem de 25 anos, havia sido abordada por um homem armado com um peda\u00e7o de pau que ap\u00f3s agress\u00e3o roubou os seus respectivos pertences e fugiu.<\/p>\n<p>Realizado intenso rastreamento pelos policiais, o ladr\u00e3o foi localizado na Av Sete de Setembro, sentado pr\u00f3ximo ao n\u00ba 520 e preso em flagrante. Com ele foram recuperados os materiais que seguem: uma bolsa de viagem preta, uma bolsa azul e uma sacola pl\u00e1stica todas contendo v\u00e1rios pertences da v\u00edtima e a quantia de R$10,00 em dinheiro.<\/p>\n<p>A v\u00edtima foi conduzida ao HPS para ser medicada devido a um corte na cabe\u00e7a causado por uma paulada feita pelo infrator. O autor foi devidamente reconhecido e conduzido \u00e0 Delegacia.<\/p>\n<p>Fonte: Assessoria<\/p>\n","protected":false},"excerpt":{"rendered":"<p>Na manh\u00e3 de quinta-feira, 25, por volta das 09h04min, durante a realiza\u00e7\u00e3o da Opera\u00e7\u00e3o Trigger VI da Pol\u00edcia Militar foi transmitido via rede de r\u00e1dio um roubo em andamento na regi\u00e3o central da cidade na Pra\u00e7a Ant\u00f4nio Carlos, cuja v\u00edtima, um homem de 25 anos, havia sido abordada por um homem armado com um peda\u00e7o [&hellip;]<\/p>\n","protected":false},"author":246,"featured_media":179898,"comment_status":"closed","ping_status":"closed","sticky":false,"template":"","format":"standard","meta":{"footnotes":""},"categories":[301,1229],"tags":[],"class_list":["post-179897","post","type-post","status-publish","format-standard","has-post-thumbnail","hentry","category-artigos-policiais","category-policial"],"_links":{"self":[{"href":"https:\/\/diarioregionaldigital.com.br\/index.php?rest_route=\/wp\/v2\/posts\/179897","targetHints":{"allow":["GET"]}}],"collection":[{"href":"https:\/\/diarioregionaldigital.com.br\/index.php?rest_route=\/wp\/v2\/posts"}],"about":[{"href":"https:\/\/diarioregionaldigital.com.br\/index.php?rest_route=\/wp\/v2\/types\/post"}],"author":[{"embeddable":true,"href":"https:\/\/diarioregionaldigital.com.br\/index.php?rest_route=\/wp\/v2\/users\/246"}],"replies":[{"embeddable":true,"href":"https:\/\/diarioregionaldigital.com.br\/index.php?rest_route=%2Fwp%2Fv2%2Fcomments&post=179897"}],"version-history":[{"count":2,"href":"https:\/\/diarioregionaldigital.com.br\/index.php?rest_route=\/wp\/v2\/posts\/179897\/revisions"}],"predecessor-version":[{"id":179900,"href":"https:\/\/diarioregionaldigital.com.br\/index.php?rest_route=\/wp\/v2\/posts\/179897\/revisions\/179900"}],"wp:featuredmedia":[{"embeddable":true,"href":"https:\/\/diarioregionaldigital.com.br\/index.php?rest_route=\/wp\/v2\/media\/179898"}],"wp:attachment":[{"href":"https:\/\/diarioregionaldigital.com.br\/index.php?rest_route=%2Fwp%2Fv2%2Fmedia&parent=179897"}],"wp:term":[{"taxonomy":"category","embeddable":true,"href":"https:\/\/diarioregionaldigital.com.br\/index.php?rest_route=%2Fwp%2Fv2%2Fcategories&post=179897"},{"taxonomy":"post_tag","embeddable":true,"href":"https:\/\/diarioregionaldigital.com.br\/index.php?rest_route=%2Fwp%2Fv2%2Ftags&post=179897"}],"curies":[{"name":"wp","href":"https:\/\/api.w.org\/{rel}","templated":true}]}}