{"id":179894,"date":"2021-03-25T23:06:59","date_gmt":"2021-03-26T02:06:59","guid":{"rendered":"https:\/\/diarioregionaldigital.com.br\/?p=179894"},"modified":"2021-03-25T23:06:59","modified_gmt":"2021-03-26T02:06:59","slug":"policia-militar-prende-autor-apreende-arma-falsa-e-recupera-celular-em-roubo-acontecido-no-bairro-bom-pastor","status":"publish","type":"post","link":"https:\/\/diarioregionaldigital.com.br\/?p=179894","title":{"rendered":"Pol\u00edcia Militar prende autor, apreende arma falsa e recupera celular em roubo acontecido no bairro Bom Pastor"},"content":{"rendered":"<p>Na noite de quarta-feira, 24, por volta das 20h31min, a Pol\u00edcia Militar foi acionada via telefone 190 para atendimento a um roubo ocorrido na Rua Irineu Marinho no bairro Bom Pastor, \u00a0Regi\u00e3o Central. Imediatamente os policiais se deslocaram ao local e em contato com as v\u00edtimas (um homem de 25 anos e uma adolescente de 17 anos), relataram que andavam pelo local quando tr\u00eas suspeitos, todos portando arma de fogo, anunciaram o roubo e pegaram os seus respectivos telefones.<\/p>\n<p>A partir destas informa\u00e7\u00f5es foi realizado intenso rastreamento e o celular da adolescente foi encontrado num matagal que liga os bairros Bom Pastor e Olavo Costa, Zona Sudeste. Ainda durante a varredura feita pela Pol\u00edcia Militar pelo local, uma arma de fogo falsa tamb\u00e9m foi localizada, sendo reconhecidos pela v\u00edtima como sendo o seu aparelho celular e a arma usada no crime. Seguindo informa\u00e7\u00f5es, um dos autores, um homem de 24 anos, foi preso na Rua \u201cE\u201d no Bairro Olavo Costa e devidamente reconhecido pela v\u00edtima.<\/p>\n<p>Fonte: Assessoria<\/p>\n","protected":false},"excerpt":{"rendered":"<p>Na noite de quarta-feira, 24, por volta das 20h31min, a Pol\u00edcia Militar foi acionada via telefone 190 para atendimento a um roubo ocorrido na Rua Irineu Marinho no bairro Bom Pastor, \u00a0Regi\u00e3o Central. Imediatamente os policiais se deslocaram ao local e em contato com as v\u00edtimas (um homem de 25 anos e uma adolescente de [&hellip;]<\/p>\n","protected":false},"author":246,"featured_media":179895,"comment_status":"closed","ping_status":"closed","sticky":false,"template":"","format":"standard","meta":{"footnotes":""},"categories":[301,1229],"tags":[],"class_list":["post-179894","post","type-post","status-publish","format-standard","has-post-thumbnail","hentry","category-artigos-policiais","category-policial"],"_links":{"self":[{"href":"https:\/\/diarioregionaldigital.com.br\/index.php?rest_route=\/wp\/v2\/posts\/179894","targetHints":{"allow":["GET"]}}],"collection":[{"href":"https:\/\/diarioregionaldigital.com.br\/index.php?rest_route=\/wp\/v2\/posts"}],"about":[{"href":"https:\/\/diarioregionaldigital.com.br\/index.php?rest_route=\/wp\/v2\/types\/post"}],"author":[{"embeddable":true,"href":"https:\/\/diarioregionaldigital.com.br\/index.php?rest_route=\/wp\/v2\/users\/246"}],"replies":[{"embeddable":true,"href":"https:\/\/diarioregionaldigital.com.br\/index.php?rest_route=%2Fwp%2Fv2%2Fcomments&post=179894"}],"version-history":[{"count":1,"href":"https:\/\/diarioregionaldigital.com.br\/index.php?rest_route=\/wp\/v2\/posts\/179894\/revisions"}],"predecessor-version":[{"id":179896,"href":"https:\/\/diarioregionaldigital.com.br\/index.php?rest_route=\/wp\/v2\/posts\/179894\/revisions\/179896"}],"wp:featuredmedia":[{"embeddable":true,"href":"https:\/\/diarioregionaldigital.com.br\/index.php?rest_route=\/wp\/v2\/media\/179895"}],"wp:attachment":[{"href":"https:\/\/diarioregionaldigital.com.br\/index.php?rest_route=%2Fwp%2Fv2%2Fmedia&parent=179894"}],"wp:term":[{"taxonomy":"category","embeddable":true,"href":"https:\/\/diarioregionaldigital.com.br\/index.php?rest_route=%2Fwp%2Fv2%2Fcategories&post=179894"},{"taxonomy":"post_tag","embeddable":true,"href":"https:\/\/diarioregionaldigital.com.br\/index.php?rest_route=%2Fwp%2Fv2%2Ftags&post=179894"}],"curies":[{"name":"wp","href":"https:\/\/api.w.org\/{rel}","templated":true}]}}