{"id":179891,"date":"2021-03-25T22:55:22","date_gmt":"2021-03-26T01:55:22","guid":{"rendered":"https:\/\/diarioregionaldigital.com.br\/?p=179891"},"modified":"2021-03-25T22:55:22","modified_gmt":"2021-03-26T01:55:22","slug":"minas-gerais-ultrapassa-a-marca-de-1-milhao-de-notificacoes-por-covid-19","status":"publish","type":"post","link":"https:\/\/diarioregionaldigital.com.br\/?p=179891","title":{"rendered":"Minas Gerais ultrapassa a marca de 1 milh\u00e3o de notifica\u00e7\u00f5es por Covid-19"},"content":{"rendered":"<p>A Secretaria de Estado da Sa\u00fade de Minas Gerais (SES-MG), publicou nesta quinta-feira (25), o novo <a href=\"https:\/\/coronavirus.saude.mg.gov.br\/images\/1_2021\/01-boletim\/25-03-COVID-19_BOLETIM20210325.pdf\">boletim<\/a> referente ao Coronav\u00edrus. O levantamento aponta que o estado notificou mais 13.925 novos casos da doen\u00e7a, totalizando 1.067.919 pessoas infectadas. Os dados indicam que foram registradas mais 74\u00a0 mortes, contabilizando 22.571 \u00f3bitos.<\/p>\n<p>&nbsp;<\/p>\n<p>Al\u00e9m disso, 962.734 pacientes est\u00e3o recuperados da doen\u00e7a, representando 90,1 % dos casos. Quanto aos dados de hospitaliza\u00e7\u00e3o, 87.535 estiveram internados e 980.384 estiveram em isolamento domiciliar. At\u00e9 o momento, 1.138.136 pessoas receberam a primeira dose da vacina e 443.528 a segunda.<\/p>\n","protected":false},"excerpt":{"rendered":"<p>A Secretaria de Estado da Sa\u00fade de Minas Gerais (SES-MG), publicou nesta quinta-feira (25), o novo boletim referente ao Coronav\u00edrus. O levantamento aponta que o estado notificou mais 13.925 novos casos da doen\u00e7a, totalizando 1.067.919 pessoas infectadas. Os dados indicam que foram registradas mais 74\u00a0 mortes, contabilizando 22.571 \u00f3bitos. &nbsp; Al\u00e9m disso, 962.734 pacientes est\u00e3o [&hellip;]<\/p>\n","protected":false},"author":246,"featured_media":179892,"comment_status":"closed","ping_status":"closed","sticky":false,"template":"","format":"standard","meta":{"footnotes":""},"categories":[436,262,252,439],"tags":[],"class_list":["post-179891","post","type-post","status-publish","format-standard","has-post-thumbnail","hentry","category-destaque-da-semana","category-noticias","category-regiao","category-ultima-hora"],"_links":{"self":[{"href":"https:\/\/diarioregionaldigital.com.br\/index.php?rest_route=\/wp\/v2\/posts\/179891","targetHints":{"allow":["GET"]}}],"collection":[{"href":"https:\/\/diarioregionaldigital.com.br\/index.php?rest_route=\/wp\/v2\/posts"}],"about":[{"href":"https:\/\/diarioregionaldigital.com.br\/index.php?rest_route=\/wp\/v2\/types\/post"}],"author":[{"embeddable":true,"href":"https:\/\/diarioregionaldigital.com.br\/index.php?rest_route=\/wp\/v2\/users\/246"}],"replies":[{"embeddable":true,"href":"https:\/\/diarioregionaldigital.com.br\/index.php?rest_route=%2Fwp%2Fv2%2Fcomments&post=179891"}],"version-history":[{"count":1,"href":"https:\/\/diarioregionaldigital.com.br\/index.php?rest_route=\/wp\/v2\/posts\/179891\/revisions"}],"predecessor-version":[{"id":179893,"href":"https:\/\/diarioregionaldigital.com.br\/index.php?rest_route=\/wp\/v2\/posts\/179891\/revisions\/179893"}],"wp:featuredmedia":[{"embeddable":true,"href":"https:\/\/diarioregionaldigital.com.br\/index.php?rest_route=\/wp\/v2\/media\/179892"}],"wp:attachment":[{"href":"https:\/\/diarioregionaldigital.com.br\/index.php?rest_route=%2Fwp%2Fv2%2Fmedia&parent=179891"}],"wp:term":[{"taxonomy":"category","embeddable":true,"href":"https:\/\/diarioregionaldigital.com.br\/index.php?rest_route=%2Fwp%2Fv2%2Fcategories&post=179891"},{"taxonomy":"post_tag","embeddable":true,"href":"https:\/\/diarioregionaldigital.com.br\/index.php?rest_route=%2Fwp%2Fv2%2Ftags&post=179891"}],"curies":[{"name":"wp","href":"https:\/\/api.w.org\/{rel}","templated":true}]}}