{"id":179880,"date":"2021-03-26T06:00:25","date_gmt":"2021-03-26T09:00:25","guid":{"rendered":"https:\/\/diarioregionaldigital.com.br\/?p=179880"},"modified":"2021-03-26T21:22:48","modified_gmt":"2021-03-27T00:22:48","slug":"decoracao","status":"publish","type":"post","link":"https:\/\/diarioregionaldigital.com.br\/?p=179880","title":{"rendered":"Decora\u00e7\u00e3o"},"content":{"rendered":"<p style=\"text-align: center;\"><strong>INSS<\/strong><\/p>\n<p style=\"text-align: center;\">Milh\u00f5es de pessoas correm o risco de perder benef\u00edcios do INSS. Os desempregados por causa da pandemia e da crise econ\u00f4mica est\u00e3o aflitos. Milh\u00f5es de brasileiros que ficaram tamb\u00e9m sem o aux\u00edlio podem perder acesso a benef\u00edcios da Previd\u00eancia Social, como aux\u00edlio doen\u00e7a pens\u00e3o por morte, por n\u00e3o pagar a contribui\u00e7\u00e3o ao INSS.<\/p>\n<p style=\"text-align: center;\"><strong>Atacando<\/strong><\/p>\n<p style=\"text-align: center;\">A XP lan\u00e7a nos pr\u00f3ximos dias o seu cart\u00e3o de cr\u00e9dito. O atrativo maior do novo produto ser\u00e1 a taxa de juros. A promessa de Guilherme Benchimol, dono da XP, \u00e9 que os juros no rotativo sejam pelo menos 50% menores que o da concorr\u00eancia. Vai, assim bater de frente com os banc\u00f5es e mesmo as fintechs.<\/p>\n<p style=\"text-align: center;\"><strong>M\u00e3e Solo<\/strong><\/p>\n<p style=\"text-align: center;\">Usando sua refer\u00eancia criativa no projeto Revitaliza Graffiti, a talentosa Dani Ramalho, a DARA, criou com sua bagagem de m\u00e3e solo num muro da Ch\u00e1cara comunidade que fica em Santa Tereza (RJ), uma pintura com a espada de S\u00e3o Jorge simbolizando o momento.<\/p>\n<p style=\"text-align: center;\"><strong>Decora\u00e7\u00e3o<\/strong><\/p>\n<p style=\"text-align: center;\">Afro Design: carioca Philipe Fonseca cria pe\u00e7as de mobili\u00e1rio que destacam a negritude e a ancestralidade de forma potente. A poltrona gorila \u00e9 uma extens\u00e3o do que ele \u00e9: negro forte e delicado. No Rio, seu showroom fica na Xilo Lan, centro da cidade carioca<\/p>\n<div id=\"attachment_179858\" style=\"width: 690px\" class=\"wp-caption aligncenter\"><img loading=\"lazy\" decoding=\"async\" aria-describedby=\"caption-attachment-179858\" class=\"wp-image-179858\" src=\"https:\/\/diarioregionaldigital.com.br\/wp-content\/uploads\/2021\/03\/fotoa-15-e1616718954472.jpg\" alt=\"\" width=\"680\" height=\"480\" srcset=\"https:\/\/diarioregionaldigital.com.br\/wp-content\/uploads\/2021\/03\/fotoa-15-e1616718954472.jpg 640w, https:\/\/diarioregionaldigital.com.br\/wp-content\/uploads\/2021\/03\/fotoa-15-e1616718954472-300x212.jpg 300w, https:\/\/diarioregionaldigital.com.br\/wp-content\/uploads\/2021\/03\/fotoa-15-e1616718954472-360x254.jpg 360w, https:\/\/diarioregionaldigital.com.br\/wp-content\/uploads\/2021\/03\/fotoa-15-e1616718954472-100x70.jpg 100w\" sizes=\"auto, (max-width: 680px) 100vw, 680px\" \/><p id=\"caption-attachment-179858\" class=\"wp-caption-text\">Antes da pandemia fazendo social, o querido casal Gilson Peixoto e Lilian Feyo Peixoto<\/p><\/div>\n<div id=\"attachment_179859\" style=\"width: 690px\" class=\"wp-caption aligncenter\"><img loading=\"lazy\" decoding=\"async\" aria-describedby=\"caption-attachment-179859\" class=\"wp-image-179859\" src=\"https:\/\/diarioregionaldigital.com.br\/wp-content\/uploads\/2021\/03\/fotoaa-10-e1616718992698.jpeg\" alt=\"\" width=\"680\" height=\"462\" srcset=\"https:\/\/diarioregionaldigital.com.br\/wp-content\/uploads\/2021\/03\/fotoaa-10-e1616718992698.jpeg 564w, https:\/\/diarioregionaldigital.com.br\/wp-content\/uploads\/2021\/03\/fotoaa-10-e1616718992698-300x204.jpeg 300w, https:\/\/diarioregionaldigital.com.br\/wp-content\/uploads\/2021\/03\/fotoaa-10-e1616718992698-360x244.jpeg 360w\" sizes=\"auto, (max-width: 680px) 100vw, 680px\" \/><p id=\"caption-attachment-179859\" class=\"wp-caption-text\">Em destaque, Dona Elizabeth Martorelle de Orleans e Bragan\u00e7a e o Policial Federal Tadeu Mour\u00e3o Zanini em visita ao monumento a Princesa Dona Isabel a Redentora, no Parque do Museu Mariano Proc\u00f3pio<\/p><\/div>\n<div id=\"attachment_179860\" style=\"width: 690px\" class=\"wp-caption aligncenter\"><img loading=\"lazy\" decoding=\"async\" aria-describedby=\"caption-attachment-179860\" class=\"wp-image-179860\" src=\"https:\/\/diarioregionaldigital.com.br\/wp-content\/uploads\/2021\/03\/fotoc-15-e1616719021957.jpg\" alt=\"\" width=\"680\" height=\"466\" srcset=\"https:\/\/diarioregionaldigital.com.br\/wp-content\/uploads\/2021\/03\/fotoc-15-e1616719021957.jpg 1429w, https:\/\/diarioregionaldigital.com.br\/wp-content\/uploads\/2021\/03\/fotoc-15-e1616719021957-300x206.jpg 300w, https:\/\/diarioregionaldigital.com.br\/wp-content\/uploads\/2021\/03\/fotoc-15-e1616719021957-1024x702.jpg 1024w, https:\/\/diarioregionaldigital.com.br\/wp-content\/uploads\/2021\/03\/fotoc-15-e1616719021957-768x526.jpg 768w, https:\/\/diarioregionaldigital.com.br\/wp-content\/uploads\/2021\/03\/fotoc-15-e1616719021957-360x247.jpg 360w, https:\/\/diarioregionaldigital.com.br\/wp-content\/uploads\/2021\/03\/fotoc-15-e1616719021957-100x70.jpg 100w\" sizes=\"auto, (max-width: 680px) 100vw, 680px\" \/><p id=\"caption-attachment-179860\" class=\"wp-caption-text\">A bonita esteticista Stephanie Franck, revela talento no Sal\u00e3o Cec\u00edlia Cabeleireiros<\/p><\/div>\n<div id=\"attachment_179861\" style=\"width: 690px\" class=\"wp-caption aligncenter\"><img loading=\"lazy\" decoding=\"async\" aria-describedby=\"caption-attachment-179861\" class=\"wp-image-179861\" src=\"https:\/\/diarioregionaldigital.com.br\/wp-content\/uploads\/2021\/03\/fotocc-3-e1616719052373.jpg\" alt=\"\" width=\"680\" height=\"484\" srcset=\"https:\/\/diarioregionaldigital.com.br\/wp-content\/uploads\/2021\/03\/fotocc-3-e1616719052373.jpg 711w, https:\/\/diarioregionaldigital.com.br\/wp-content\/uploads\/2021\/03\/fotocc-3-e1616719052373-300x214.jpg 300w, https:\/\/diarioregionaldigital.com.br\/wp-content\/uploads\/2021\/03\/fotocc-3-e1616719052373-360x256.jpg 360w, https:\/\/diarioregionaldigital.com.br\/wp-content\/uploads\/2021\/03\/fotocc-3-e1616719052373-100x70.jpg 100w\" sizes=\"auto, (max-width: 680px) 100vw, 680px\" \/><p id=\"caption-attachment-179861\" class=\"wp-caption-text\">Aprovada pela Ag\u00eancia Nacional de Avia\u00e7\u00e3o Civil,a nova aeromo\u00e7a, a bonita Priscila Bonsanto,reina no Rio de Janeiro<\/p><\/div>\n<div id=\"attachment_179862\" style=\"width: 690px\" class=\"wp-caption aligncenter\"><img loading=\"lazy\" decoding=\"async\" aria-describedby=\"caption-attachment-179862\" class=\"wp-image-179862\" src=\"https:\/\/diarioregionaldigital.com.br\/wp-content\/uploads\/2021\/03\/fotod-15-e1616719077504.jpg\" alt=\"\" width=\"680\" height=\"470\" srcset=\"https:\/\/diarioregionaldigital.com.br\/wp-content\/uploads\/2021\/03\/fotod-15-e1616719077504.jpg 988w, https:\/\/diarioregionaldigital.com.br\/wp-content\/uploads\/2021\/03\/fotod-15-e1616719077504-300x207.jpg 300w, https:\/\/diarioregionaldigital.com.br\/wp-content\/uploads\/2021\/03\/fotod-15-e1616719077504-768x531.jpg 768w, https:\/\/diarioregionaldigital.com.br\/wp-content\/uploads\/2021\/03\/fotod-15-e1616719077504-360x249.jpg 360w, https:\/\/diarioregionaldigital.com.br\/wp-content\/uploads\/2021\/03\/fotod-15-e1616719077504-100x70.jpg 100w\" sizes=\"auto, (max-width: 680px) 100vw, 680px\" \/><p id=\"caption-attachment-179862\" class=\"wp-caption-text\">M\u00fasicos de talento 5 estrelas: H\u00e9rcules Leonardo e Marcelo Souza<\/p><\/div>\n<div id=\"attachment_179863\" style=\"width: 690px\" class=\"wp-caption aligncenter\"><img loading=\"lazy\" decoding=\"async\" aria-describedby=\"caption-attachment-179863\" class=\"wp-image-179863\" src=\"https:\/\/diarioregionaldigital.com.br\/wp-content\/uploads\/2021\/03\/fotoe-12-e1616719105139.jpg\" alt=\"\" width=\"680\" height=\"485\" srcset=\"https:\/\/diarioregionaldigital.com.br\/wp-content\/uploads\/2021\/03\/fotoe-12-e1616719105139.jpg 454w, https:\/\/diarioregionaldigital.com.br\/wp-content\/uploads\/2021\/03\/fotoe-12-e1616719105139-300x214.jpg 300w, https:\/\/diarioregionaldigital.com.br\/wp-content\/uploads\/2021\/03\/fotoe-12-e1616719105139-360x257.jpg 360w, https:\/\/diarioregionaldigital.com.br\/wp-content\/uploads\/2021\/03\/fotoe-12-e1616719105139-100x70.jpg 100w\" sizes=\"auto, (max-width: 680px) 100vw, 680px\" \/><p id=\"caption-attachment-179863\" class=\"wp-caption-text\">Festejando seu 1\u00ba aninho o pequeno Henrique Evangelista com Anderson Ara\u00fajo (padrinho) Paola Alves (m\u00e3e), e Ren\u00ea Evangelista (pai)<\/p><\/div>\n<div id=\"attachment_179865\" style=\"width: 690px\" class=\"wp-caption aligncenter\"><img loading=\"lazy\" decoding=\"async\" aria-describedby=\"caption-attachment-179865\" class=\"wp-image-179865\" src=\"https:\/\/diarioregionaldigital.com.br\/wp-content\/uploads\/2021\/03\/fotof-12-e1616719128218.jpg\" alt=\"\" width=\"680\" height=\"514\" srcset=\"https:\/\/diarioregionaldigital.com.br\/wp-content\/uploads\/2021\/03\/fotof-12-e1616719128218.jpg 803w, https:\/\/diarioregionaldigital.com.br\/wp-content\/uploads\/2021\/03\/fotof-12-e1616719128218-300x227.jpg 300w, https:\/\/diarioregionaldigital.com.br\/wp-content\/uploads\/2021\/03\/fotof-12-e1616719128218-768x581.jpg 768w, https:\/\/diarioregionaldigital.com.br\/wp-content\/uploads\/2021\/03\/fotof-12-e1616719128218-360x272.jpg 360w\" sizes=\"auto, (max-width: 680px) 100vw, 680px\" \/><p id=\"caption-attachment-179865\" class=\"wp-caption-text\">Gente linda reunida antes da pandemia Nel Ara\u00fajo, Rita Britto, Ant\u00f4nio Marchiori e Marisa Couri<\/p><\/div>\n<div id=\"attachment_179867\" style=\"width: 690px\" class=\"wp-caption aligncenter\"><img loading=\"lazy\" decoding=\"async\" aria-describedby=\"caption-attachment-179867\" class=\"wp-image-179867\" src=\"https:\/\/diarioregionaldigital.com.br\/wp-content\/uploads\/2021\/03\/fotog-12-e1616719154571.jpg\" alt=\"\" width=\"680\" height=\"483\" srcset=\"https:\/\/diarioregionaldigital.com.br\/wp-content\/uploads\/2021\/03\/fotog-12-e1616719154571.jpg 710w, https:\/\/diarioregionaldigital.com.br\/wp-content\/uploads\/2021\/03\/fotog-12-e1616719154571-300x213.jpg 300w, https:\/\/diarioregionaldigital.com.br\/wp-content\/uploads\/2021\/03\/fotog-12-e1616719154571-360x256.jpg 360w, https:\/\/diarioregionaldigital.com.br\/wp-content\/uploads\/2021\/03\/fotog-12-e1616719154571-100x70.jpg 100w\" sizes=\"auto, (max-width: 680px) 100vw, 680px\" \/><p id=\"caption-attachment-179867\" class=\"wp-caption-text\">No M\u00eas Internacional da Mulher, as elegantes, Wanda Magnolo, M\u00f4nica Gomide Guimar\u00e3es e Ivete Gomes<\/p><\/div>\n<div id=\"attachment_179868\" style=\"width: 690px\" class=\"wp-caption aligncenter\"><img loading=\"lazy\" decoding=\"async\" aria-describedby=\"caption-attachment-179868\" class=\"wp-image-179868\" src=\"https:\/\/diarioregionaldigital.com.br\/wp-content\/uploads\/2021\/03\/fotoh-13-e1616719180154.jpg\" alt=\"\" width=\"680\" height=\"469\" srcset=\"https:\/\/diarioregionaldigital.com.br\/wp-content\/uploads\/2021\/03\/fotoh-13-e1616719180154.jpg 933w, https:\/\/diarioregionaldigital.com.br\/wp-content\/uploads\/2021\/03\/fotoh-13-e1616719180154-300x207.jpg 300w, https:\/\/diarioregionaldigital.com.br\/wp-content\/uploads\/2021\/03\/fotoh-13-e1616719180154-768x529.jpg 768w, https:\/\/diarioregionaldigital.com.br\/wp-content\/uploads\/2021\/03\/fotoh-13-e1616719180154-360x248.jpg 360w, https:\/\/diarioregionaldigital.com.br\/wp-content\/uploads\/2021\/03\/fotoh-13-e1616719180154-100x70.jpg 100w\" sizes=\"auto, (max-width: 680px) 100vw, 680px\" \/><p id=\"caption-attachment-179868\" class=\"wp-caption-text\">Amigos queridos com esperan\u00e7a de dias melhores: Sandra Cristina, Dodora Sirimarco e Nelson J\u00fanior<\/p><\/div>\n<p style=\"text-align: center;\"><strong>FOTOSS\u00cdNTESE<\/strong><\/p>\n<p>Not\u00edcia boa: Com bel\u00edssimo projeto para 2023, a Zona Norte ir\u00e1 sediar a Escola Sesi JF para dois mil alunos.<\/p>\n<p>Pr\u00e9-candidatos: Faltando ainda um ano e meio para as elei\u00e7\u00f5es, j\u00e1 h\u00e1 lista na C\u00e2mara Municipal de Juiz de Fora sobre poss\u00edveis candidatos a deputado em 2022.<\/p>\n<p>Em tempo delicad\u00edssimo de pandemia, acreditamos que s\u00f3 h\u00e1 festas com aglomera\u00e7\u00e3o porque h\u00e1 os que dela participam.<\/p>\n<p>Sub notifica\u00e7\u00f5es do sistema de sa\u00fade com rela\u00e7\u00e3o a ocupa\u00e7\u00e3o de leitos de UTI. T\u00e1 certo isto Arnaldo? Estamos de olho.<\/p>\n<p>Buscando maior representatividade, a Comunidade do distrito de Concei\u00e7\u00e3o de Ibitipoca, moradores e comerciantes se preocupam com problemas estruturais da vila e como estes podem ser impactados pelo processo de licita\u00e7\u00e3o.<\/p>\n<p>Carlos Vargas al\u00e9m de talentosos professor de Educa\u00e7\u00e3o f\u00edsica, lan\u00e7ou no Instagram a bel\u00edssima poesia \u201cTudo em mim\u201d, vivida em sua temporada em Salvador (BA).<\/p>\n<p>A delicada Christina Elizabeth preparou um delicioso almo\u00e7o para comemorar a dois, o anivers\u00e1rio do marido Fernando Luis Baldioti. Na mesa peixe ao molho de leite de coco salada colorida, arroz integral e manjar de sobremesa.<\/p>\n<p>Com pr\u00f3s e contras, a Proteste est\u00e1 analisando aplicativos de delivery. Apesar de o servi\u00e7o ainda precisar ser aperfei\u00e7oado, os resultados foram considerados positivos.<\/p>\n<p>Uma reuni\u00e3o entre representantes do Procon e funcion\u00e1rios da Caixa Econ\u00f4mica Federal, Santander, Mercantil e Ita\u00fa foi realizada em Juiz de Fora para apresentar propostas de melhorias no atendimento ao p\u00fablico.<\/p>\n<p>Carinho no cora\u00e7\u00e3o: Neste momento em que as pessoas precisam praticar o distanciamento social, a arte e a poesia entram no lugar de um abra\u00e7o de um afeto e de um suspiro cristalino.<\/p>\n<p><img loading=\"lazy\" decoding=\"async\" class=\"aligncenter size-full wp-image-179881\" src=\"https:\/\/diarioregionaldigital.com.br\/wp-content\/uploads\/2021\/03\/anuncio62-scaled.jpg\" alt=\"\" width=\"2560\" height=\"985\" srcset=\"https:\/\/diarioregionaldigital.com.br\/wp-content\/uploads\/2021\/03\/anuncio62-scaled.jpg 2560w, https:\/\/diarioregionaldigital.com.br\/wp-content\/uploads\/2021\/03\/anuncio62-300x115.jpg 300w, https:\/\/diarioregionaldigital.com.br\/wp-content\/uploads\/2021\/03\/anuncio62-1024x394.jpg 1024w, https:\/\/diarioregionaldigital.com.br\/wp-content\/uploads\/2021\/03\/anuncio62-768x296.jpg 768w, https:\/\/diarioregionaldigital.com.br\/wp-content\/uploads\/2021\/03\/anuncio62-1536x591.jpg 1536w, https:\/\/diarioregionaldigital.com.br\/wp-content\/uploads\/2021\/03\/anuncio62-2048x788.jpg 2048w, https:\/\/diarioregionaldigital.com.br\/wp-content\/uploads\/2021\/03\/anuncio62-360x139.jpg 360w\" sizes=\"auto, (max-width: 2560px) 100vw, 2560px\" \/><\/p>\n<p style=\"text-align: center;\">.<\/p>\n","protected":false},"excerpt":{"rendered":"<p>INSS Milh\u00f5es de pessoas correm o risco de perder benef\u00edcios do INSS. Os desempregados por causa da pandemia e da crise econ\u00f4mica est\u00e3o aflitos. Milh\u00f5es de brasileiros que ficaram tamb\u00e9m sem o aux\u00edlio podem perder acesso a benef\u00edcios da Previd\u00eancia Social, como aux\u00edlio doen\u00e7a pens\u00e3o por morte, por n\u00e3o pagar a contribui\u00e7\u00e3o ao INSS. Atacando [&hellip;]<\/p>\n","protected":false},"author":253,"featured_media":179858,"comment_status":"closed","ping_status":"closed","sticky":false,"template":"","format":"standard","meta":{"footnotes":""},"categories":[264],"tags":[],"class_list":["post-179880","post","type-post","status-publish","format-standard","has-post-thumbnail","hentry","category-eduardo-gomes"],"_links":{"self":[{"href":"https:\/\/diarioregionaldigital.com.br\/index.php?rest_route=\/wp\/v2\/posts\/179880","targetHints":{"allow":["GET"]}}],"collection":[{"href":"https:\/\/diarioregionaldigital.com.br\/index.php?rest_route=\/wp\/v2\/posts"}],"about":[{"href":"https:\/\/diarioregionaldigital.com.br\/index.php?rest_route=\/wp\/v2\/types\/post"}],"author":[{"embeddable":true,"href":"https:\/\/diarioregionaldigital.com.br\/index.php?rest_route=\/wp\/v2\/users\/253"}],"replies":[{"embeddable":true,"href":"https:\/\/diarioregionaldigital.com.br\/index.php?rest_route=%2Fwp%2Fv2%2Fcomments&post=179880"}],"version-history":[{"count":1,"href":"https:\/\/diarioregionaldigital.com.br\/index.php?rest_route=\/wp\/v2\/posts\/179880\/revisions"}],"predecessor-version":[{"id":179882,"href":"https:\/\/diarioregionaldigital.com.br\/index.php?rest_route=\/wp\/v2\/posts\/179880\/revisions\/179882"}],"wp:featuredmedia":[{"embeddable":true,"href":"https:\/\/diarioregionaldigital.com.br\/index.php?rest_route=\/wp\/v2\/media\/179858"}],"wp:attachment":[{"href":"https:\/\/diarioregionaldigital.com.br\/index.php?rest_route=%2Fwp%2Fv2%2Fmedia&parent=179880"}],"wp:term":[{"taxonomy":"category","embeddable":true,"href":"https:\/\/diarioregionaldigital.com.br\/index.php?rest_route=%2Fwp%2Fv2%2Fcategories&post=179880"},{"taxonomy":"post_tag","embeddable":true,"href":"https:\/\/diarioregionaldigital.com.br\/index.php?rest_route=%2Fwp%2Fv2%2Ftags&post=179880"}],"curies":[{"name":"wp","href":"https:\/\/api.w.org\/{rel}","templated":true}]}}