{"id":179877,"date":"2021-03-25T20:20:32","date_gmt":"2021-03-25T23:20:32","guid":{"rendered":"https:\/\/diarioregionaldigital.com.br\/?p=179877"},"modified":"2021-03-25T20:20:32","modified_gmt":"2021-03-25T23:20:32","slug":"revezamento-da-tocha-olimpica-tem-inicio-em-fukushima","status":"publish","type":"post","link":"https:\/\/diarioregionaldigital.com.br\/?p=179877","title":{"rendered":"Revezamento da Tocha Ol\u00edmpica tem in\u00edcio em Fukushima"},"content":{"rendered":"<p>O revezamento come\u00e7ou no centro de treinamento de futebol nacional do J-Village em Naraha. Os primeiros portadores da tocha foram as jogadoras da equipe de futebol feminino do Jap\u00e3o que venceram a Copa do Mundo da FIFA em 2011. Elas levaram a chama ol\u00edmpica do Grand Start para o segundo portador da tocha, Owada Asato, de 16 anos, nativo de Fukushima. A partir da\u00ed, a tocha passar\u00e1 por todo o pa\u00eds anfitri\u00e3o, visitando 859 munic\u00edpios no caminho at\u00e9 seu destino final: o Est\u00e1dio Ol\u00edmpico de T\u00f3quio, no dia 23 de julho.<\/p>\n<p>&#8220;Em uma era em que tantas conex\u00f5es entre n\u00f3s foram interrompidas pela Covid-19, 10 mil condutores da tocha conectar\u00e3o a jornada da chama ol\u00edmpica. Esperamos que o revezamento da tocha possa trazer esperan\u00e7a, for\u00e7a e energia para cada destino&#8221;, disse Seiko Hashimoto, presidente do Comit\u00ea Organizador Tokyo 2020.<\/p>\n<p>Seiko ficou profundamente comovido com o in\u00edcio do revezamento. Afinal, um fato pouco conhecido \u00e9 que seu pai lhe deu o nome de Seiko ap\u00f3s assistir \u00e0 cerim\u00f4nia de abertura dos Jogos Ol\u00edmpicos de T\u00f3quio em 1964. O caractere kanji, que significa &#8220;chama ol\u00edmpica&#8221;, est\u00e1 inclu\u00eddo no nome Seiko.<\/p>\n<p>&#8220;Sinto que est\u00e1 tudo finalmente em andamento. Esses Jogos foram adiados e, como resultado, coincidiram com o anivers\u00e1rio de 10 anos do terremoto. Quando come\u00e7amos o revezamento e a tocha foi acesa me comoveu \u00e0s l\u00e1grimas. Fiquei muito feliz&#8221;, afirmou Seiko Hashimoto.<\/p>\n<p>Para muitos dos portadores da tocha, correr pelas ruas de Fukushima foi uma experi\u00eancia extremamente pessoal. A estrela da Copa do Mundo Feminina Karina Maruyama morava em Fukushima e sente uma liga\u00e7\u00e3o especial com a regi\u00e3o. &#8220;Passei cinco anos em Fukushima e sinto que metade de mim foi feita em Fukushima. Pensei nas pessoas daqui enquanto corria&#8221;, declarou.<\/p>\n<p>As atividades em Fukushima aconteceram pouco mais de um ano depois que a chama ol\u00edmpica pousou pela primeira vez no Jap\u00e3o, em 20 de mar\u00e7o de 2020, na base a\u00e9rea de Matsushima em Miyagi, ap\u00f3s ser acesa na Gr\u00e9cia na Antiga Ol\u00edmpia. Ap\u00f3s o adiamento dos Jogos por um ano at\u00e9 2021, a chama ol\u00edmpica encontrou um lar no novo Museu Ol\u00edmpico de T\u00f3quio, e, de l\u00e1, visitou 14 prefeituras e 86 munic\u00edpios, acolhida com grande entusiasmo pelo p\u00fablico e pela m\u00eddia japoneses por onde passou. Estima-se que a chama recebeu mais de 62 mil visitantes.<\/p>\n<p><strong>COI<\/strong><\/p>\n<p>O Comit\u00ea Ol\u00edmpico Internacional (COI) parabenizou o Comit\u00ea Organizador T\u00f3quio 2020 pelo in\u00edcio do Revezamento da Tocha Ol\u00edmpica. &#8220;O mundo assistiu com grande entusiasmo como a chama ol\u00edmpica come\u00e7ou sua jornada ao redor do Jap\u00e3o. Parab\u00e9ns ao Comit\u00ea Organizador de T\u00f3quio 2020 e ao povo japon\u00eas por esta conquista&#8221;, afirmou o presidente do COI, Thomas Bach.<\/p>\n<p>&#8220;Inspirado pelos valores ol\u00edmpicos de paz e solidariedade, o revezamento da tocha ol\u00edmpica levar\u00e1 a mensagem de T\u00f3quio 2020, &#8216;esperan\u00e7a ilumina nosso caminho&#8217;, para todo o Jap\u00e3o e para o mundo. Tamb\u00e9m reconhecer\u00e1 os desafios enfrentados pela sociedade desde o ano passado, destacando a import\u00e2ncia da unidade e da solidariedade dentro da humanidade, mostrando que s\u00f3 podemos nos tornar mais fortes juntos&#8221;, prosseguiu Bach.<\/p>\n<p>&#8220;Seguiremos o revezamento da tocha ol\u00edmpica com grande entusiasmo nas pr\u00f3ximas semanas. A vis\u00e3o da chama ol\u00edmpica ser\u00e1 um momento muito emocionante, n\u00e3o apenas para o povo japon\u00eas, mas tamb\u00e9m para os milhares de atletas ao redor do mundo, muitos dos quais veem os Jogos deste ano como a luz no fim do t\u00fanel. A contagem regressiva final j\u00e1 come\u00e7ou: em 121 dias a Pira Ol\u00edmpica ser\u00e1 acesa. T\u00f3quio fornecer\u00e1 aos atletas o palco para brilhar&#8221;, frisou o presidente do COI.<\/p>\n<p>Fonte: Tokyo 2020<\/p>\n","protected":false},"excerpt":{"rendered":"<p>O revezamento come\u00e7ou no centro de treinamento de futebol nacional do J-Village em Naraha. Os primeiros portadores da tocha foram as jogadoras da equipe de futebol feminino do Jap\u00e3o que venceram a Copa do Mundo da FIFA em 2011. Elas levaram a chama ol\u00edmpica do Grand Start para o segundo portador da tocha, Owada Asato, [&hellip;]<\/p>\n","protected":false},"author":246,"featured_media":179878,"comment_status":"closed","ping_status":"closed","sticky":false,"template":"","format":"standard","meta":{"footnotes":""},"categories":[257,439],"tags":[],"class_list":["post-179877","post","type-post","status-publish","format-standard","has-post-thumbnail","hentry","category-esporte","category-ultima-hora"],"_links":{"self":[{"href":"https:\/\/diarioregionaldigital.com.br\/index.php?rest_route=\/wp\/v2\/posts\/179877","targetHints":{"allow":["GET"]}}],"collection":[{"href":"https:\/\/diarioregionaldigital.com.br\/index.php?rest_route=\/wp\/v2\/posts"}],"about":[{"href":"https:\/\/diarioregionaldigital.com.br\/index.php?rest_route=\/wp\/v2\/types\/post"}],"author":[{"embeddable":true,"href":"https:\/\/diarioregionaldigital.com.br\/index.php?rest_route=\/wp\/v2\/users\/246"}],"replies":[{"embeddable":true,"href":"https:\/\/diarioregionaldigital.com.br\/index.php?rest_route=%2Fwp%2Fv2%2Fcomments&post=179877"}],"version-history":[{"count":1,"href":"https:\/\/diarioregionaldigital.com.br\/index.php?rest_route=\/wp\/v2\/posts\/179877\/revisions"}],"predecessor-version":[{"id":179879,"href":"https:\/\/diarioregionaldigital.com.br\/index.php?rest_route=\/wp\/v2\/posts\/179877\/revisions\/179879"}],"wp:featuredmedia":[{"embeddable":true,"href":"https:\/\/diarioregionaldigital.com.br\/index.php?rest_route=\/wp\/v2\/media\/179878"}],"wp:attachment":[{"href":"https:\/\/diarioregionaldigital.com.br\/index.php?rest_route=%2Fwp%2Fv2%2Fmedia&parent=179877"}],"wp:term":[{"taxonomy":"category","embeddable":true,"href":"https:\/\/diarioregionaldigital.com.br\/index.php?rest_route=%2Fwp%2Fv2%2Fcategories&post=179877"},{"taxonomy":"post_tag","embeddable":true,"href":"https:\/\/diarioregionaldigital.com.br\/index.php?rest_route=%2Fwp%2Fv2%2Ftags&post=179877"}],"curies":[{"name":"wp","href":"https:\/\/api.w.org\/{rel}","templated":true}]}}