{"id":179873,"date":"2021-03-25T20:16:26","date_gmt":"2021-03-25T23:16:26","guid":{"rendered":"https:\/\/diarioregionaldigital.com.br\/?p=179873"},"modified":"2021-03-25T20:16:26","modified_gmt":"2021-03-25T23:16:26","slug":"brasil-fatura-duas-pratas-no-parapan-americano-de-tiro-com-arco-no-mexico","status":"publish","type":"post","link":"https:\/\/diarioregionaldigital.com.br\/?p=179873","title":{"rendered":"Brasil fatura duas pratas no Parapan-Americano de Tiro com Arco no M\u00e9xico"},"content":{"rendered":"<p>O Brasil conquistou suas primeiras medalhas no Parapan-Americano de Tiro com Arco, que acontece nesta semana na cidade de Monterrey, no M\u00e9xico. Na quarta-feira, 24, os pa\u00eds conquistou duas pratas com Fabiola Dergovics e Heriberto Roca na prova chamada recurvo e Andrey Castro e Anne Xavier no duelo composto. A competi\u00e7\u00e3o segue at\u00e9 domingo, 28.<\/p>\n<p>Na prova da equipe mista no arco composto, Andrey Castro e Anne Pacheco perderam a final para o M\u00e9xico por 138 a 141. O Chile completou o p\u00f3dio com a medalha de bronze.<\/p>\n<p>J\u00e1 na prova por equipe mista no arco recurvo, Fab\u00edola Dergovics e Heriberto Roca tamb\u00e9m perderam para o M\u00e9xico e ficaram com a prata. A Col\u00f4mbia faturou a medalha de bronze.<\/p>\n<p>Essa \u00e9 a primeira competi\u00e7\u00e3o internacional da temporada e vale vaga para os Jogos Paral\u00edmpicos de T\u00f3quio. Ao todo, est\u00e3o dispon\u00edveis dez vagas.\u00a0<a href=\"https:\/\/www.cpb.org.br\/noticia\/detalhe\/2352\/brasil-garante-vaga-no-tiro-com-arco-nos-jogos-paralimpicos-de-toquio\" target=\"_blank\" rel=\"noopener\">Anteriormente, o Brasil j\u00e1 havia conquistado uma vaga para a competi\u00e7\u00e3o na capital japonesa com Jane Karla no Mundial da modalidade na Holanda em 2019.<\/a><\/p>\n<p>Fonte: Assessoria de Comunica\u00e7\u00e3o do Comit\u00ea Paral\u00edmpico Brasileiro<\/p>\n","protected":false},"excerpt":{"rendered":"<p>O Brasil conquistou suas primeiras medalhas no Parapan-Americano de Tiro com Arco, que acontece nesta semana na cidade de Monterrey, no M\u00e9xico. Na quarta-feira, 24, os pa\u00eds conquistou duas pratas com Fabiola Dergovics e Heriberto Roca na prova chamada recurvo e Andrey Castro e Anne Xavier no duelo composto. A competi\u00e7\u00e3o segue at\u00e9 domingo, 28. [&hellip;]<\/p>\n","protected":false},"author":246,"featured_media":179875,"comment_status":"closed","ping_status":"closed","sticky":false,"template":"","format":"standard","meta":{"footnotes":""},"categories":[257],"tags":[],"class_list":["post-179873","post","type-post","status-publish","format-standard","has-post-thumbnail","hentry","category-esporte"],"_links":{"self":[{"href":"https:\/\/diarioregionaldigital.com.br\/index.php?rest_route=\/wp\/v2\/posts\/179873","targetHints":{"allow":["GET"]}}],"collection":[{"href":"https:\/\/diarioregionaldigital.com.br\/index.php?rest_route=\/wp\/v2\/posts"}],"about":[{"href":"https:\/\/diarioregionaldigital.com.br\/index.php?rest_route=\/wp\/v2\/types\/post"}],"author":[{"embeddable":true,"href":"https:\/\/diarioregionaldigital.com.br\/index.php?rest_route=\/wp\/v2\/users\/246"}],"replies":[{"embeddable":true,"href":"https:\/\/diarioregionaldigital.com.br\/index.php?rest_route=%2Fwp%2Fv2%2Fcomments&post=179873"}],"version-history":[{"count":1,"href":"https:\/\/diarioregionaldigital.com.br\/index.php?rest_route=\/wp\/v2\/posts\/179873\/revisions"}],"predecessor-version":[{"id":179876,"href":"https:\/\/diarioregionaldigital.com.br\/index.php?rest_route=\/wp\/v2\/posts\/179873\/revisions\/179876"}],"wp:featuredmedia":[{"embeddable":true,"href":"https:\/\/diarioregionaldigital.com.br\/index.php?rest_route=\/wp\/v2\/media\/179875"}],"wp:attachment":[{"href":"https:\/\/diarioregionaldigital.com.br\/index.php?rest_route=%2Fwp%2Fv2%2Fmedia&parent=179873"}],"wp:term":[{"taxonomy":"category","embeddable":true,"href":"https:\/\/diarioregionaldigital.com.br\/index.php?rest_route=%2Fwp%2Fv2%2Fcategories&post=179873"},{"taxonomy":"post_tag","embeddable":true,"href":"https:\/\/diarioregionaldigital.com.br\/index.php?rest_route=%2Fwp%2Fv2%2Ftags&post=179873"}],"curies":[{"name":"wp","href":"https:\/\/api.w.org\/{rel}","templated":true}]}}