{"id":179870,"date":"2021-03-25T20:13:24","date_gmt":"2021-03-25T23:13:24","guid":{"rendered":"https:\/\/diarioregionaldigital.com.br\/?p=179870"},"modified":"2021-03-25T20:13:24","modified_gmt":"2021-03-25T23:13:24","slug":"brasil-tera-a-maior-representacao-do-quadro-fifa-em-2021-38-arbitros","status":"publish","type":"post","link":"https:\/\/diarioregionaldigital.com.br\/?p=179870","title":{"rendered":"Brasil ter\u00e1 a maior representa\u00e7\u00e3o do Quadro FIFA em 2021: 38 \u00e1rbitros"},"content":{"rendered":"<p>O Brasil ser\u00e1 o pa\u00eds com maior representa\u00e7\u00e3o no Quadro FIFA de \u00e1rbitros de futebol em 2021. Os n\u00fameros comparativos foram apresentados nesta quarta-feira (24) pelo presidente da Comiss\u00e3o de Arbitragem da CBF, Leonardo Gaciba. Ele fez o an\u00fancio durante o Conselho T\u00e9cnico da S\u00e9rie A, realizado de forma virtual nesta tarde, e que contou com a presen\u00e7a de representantes dos 20 clubes do Brasileir\u00e3o Assa\u00ed 2021, do presidente da CBF, Rog\u00e9rio Caboclo, do Secret\u00e1rio-Geral, Walter Feldman, e da diretoria da entidade.<\/p>\n<p>Em 2021, o Brasil contar\u00e1 com 38 \u00e1rbitros atuando sob a ins\u00edgnia da FIFA. S\u00e3o 16 centrais, entre homens e mulheres, e 16 assistentes, al\u00e9m de seis indicados para o in\u00e9dito quadro do\u00a0<strong>VAR<\/strong>\u00a0(\u00e1rbitro assistente de v\u00eddeo).\u00a0Os nomes foram apontados pela Comiss\u00e3o de Arbitragem da CBF e posteriormente aprovados pela FIFA.<\/p>\n<p>&#8220;\u00c9 um orgulho da CBF relatar que alcan\u00e7amos, no ano de 2021, o fato de sermos a Federa\u00e7\u00e3o com o maior n\u00famero de \u00e1rbitros internacionais no quadro da FIFA. Com o empenho da CBF, conseguimos fazer com que a FIFA nomeasse mais \u00e1rbitros. Somos tamb\u00e9m, ao lado da Espanha, a Federa\u00e7\u00e3o com o maior n\u00famero de \u00e1rbitras no quadro internacional. Al\u00e9m disso, somos o \u00fanico pa\u00eds do mundo com tr\u00eas \u00e1rbitros pr\u00e9-selecionados para a Copa do Mundo FIFA 2022. Isso \u00e9 um orgulho para todos n\u00f3s e para a CBF&#8221;, disse Gaciba durante o Conselho T\u00e9cnico da S\u00e9rie A.<\/p>\n<p>Com 38 \u00e1rbitros (sem repetir fun\u00e7\u00f5es) no Quadro FIFA, o Brasil \u00e9 seguido por Alemanha e M\u00e9xico, cada um com 33 selecionados. Espanha, com 32, est\u00e1 na quarta posi\u00e7\u00e3o, enquanto Argentina, It\u00e1lia e Inglaterra empatam com 31.<\/p>\n<p>O quadro internacional de 2021 traz oito profissionais brasileiros que ter\u00e3o a primeira oportunidade com a ins\u00edgnia da FIFA, seja como \u00e1rbitro, assistente ou VAR. S\u00e3o eles:\u00a0Brigida Cirilo Ferreira (AL), Daiane Caroline Muniz dos Santos (MS),\u00a0Igor Junio Benevenuto de Oliveira (MG),\u00a0Jos\u00e9 Claudio Rocha Filho (SP), Rodrigo D&#8217;Alonso Ferreira (SC), Rodrigo Guarizo Ferreira do Amaral (SP), Rodrigo Nunes de S\u00e1 (RJ) e Wagner Reway (PB).<\/p>\n<p><strong>Confira a lista completa do quadro internacional FIFA de \u00e1rbitros e assistentes brasileiros para 2021<\/strong><\/p>\n<p><strong>\u00c1rbitros e \u00e1rbitras<\/strong><\/p>\n<p>Anderson Daronco (RS)<br \/>\nBr\u00e1ulio da Silva Machado (SC)<br \/>\nBruno Arleu de Ara\u00fajo (RJ)<br \/>\nCharly Wendy Straud Deretti (SC)<br \/>\nDaiane Caroline Muniz dos Santos (MS)<br \/>\nDeborah Cec\u00edlia Cruz Correia (PE)<br \/>\nEdina Alves Batista (SP)<br \/>\nFlavio Rodrigues de Souza (SP)<br \/>\nLuiz Flavio de Oliveira (SP)<br \/>\nRafael Traci (SC)<br \/>\nRaphael Claus (SP)<br \/>\nRejane Caetano da Silva (RJ)<br \/>\nRodolpho Toski Marques (PR)<br \/>\nThayslane de Melo Costa (SE)<br \/>\nWagner do Nascimento Magalh\u00e3es (RJ)<br \/>\nWilton Pereira Sampaio (GO)<\/p>\n<p><strong>Assistentes<\/strong><\/p>\n<p>Alessandro Rocha Matos (BA)<br \/>\nB\u00e1rbara Roberta da Costa Loiola (PA)<br \/>\nBrigida Cirilo Ferreira (AL)<br \/>\nBruno Boschilia (PR)<br \/>\nBruno Raphael Pires (GO)<br \/>\nDanilo Ricardo Simon Manis (SP)<br \/>\nFabricio Vilarinho da Silva (GO)<br \/>\nFabrini Bevilaqua Costa (SP)<br \/>\nFernanda N\u00e2ndrea Gomes Antunes (MG)<br \/>\nGuilherme Dias Camilo (MG)<br \/>\nKleber Lucio Gil (SC)<br \/>\nLeila Naiara Moreira da Cruz (DF)<br \/>\nMarcelo Carvalho Van Gasse (SP)<br \/>\nNeuza Ines Back (SP)<br \/>\nRafael da Silva Alves (RS)<br \/>\nRodrigo Henrique Correia (RJ)<\/p>\n<p><strong>\u00c1rbitros assistentes de v\u00eddeo (VAR)<\/strong><\/p>\n<p>Igor Junio Benevenuto de Oliveira (MG)<br \/>\nJos\u00e9 Claudio Rocha Filho (SP)<br \/>\nRodrigo D&#8217;Alonso Ferreira (SC)<br \/>\nRodrigo Guarizo Ferreira do Amaral (SP)<br \/>\nRodrigo Nunes de S\u00e1 (RJ)<br \/>\nWagner Reway (PB)<\/p>\n<p>Fonte: CBF<\/p>\n","protected":false},"excerpt":{"rendered":"<p>O Brasil ser\u00e1 o pa\u00eds com maior representa\u00e7\u00e3o no Quadro FIFA de \u00e1rbitros de futebol em 2021. Os n\u00fameros comparativos foram apresentados nesta quarta-feira (24) pelo presidente da Comiss\u00e3o de Arbitragem da CBF, Leonardo Gaciba. Ele fez o an\u00fancio durante o Conselho T\u00e9cnico da S\u00e9rie A, realizado de forma virtual nesta tarde, e que contou [&hellip;]<\/p>\n","protected":false},"author":246,"featured_media":179871,"comment_status":"closed","ping_status":"closed","sticky":false,"template":"","format":"standard","meta":{"footnotes":""},"categories":[257,439],"tags":[],"class_list":["post-179870","post","type-post","status-publish","format-standard","has-post-thumbnail","hentry","category-esporte","category-ultima-hora"],"_links":{"self":[{"href":"https:\/\/diarioregionaldigital.com.br\/index.php?rest_route=\/wp\/v2\/posts\/179870","targetHints":{"allow":["GET"]}}],"collection":[{"href":"https:\/\/diarioregionaldigital.com.br\/index.php?rest_route=\/wp\/v2\/posts"}],"about":[{"href":"https:\/\/diarioregionaldigital.com.br\/index.php?rest_route=\/wp\/v2\/types\/post"}],"author":[{"embeddable":true,"href":"https:\/\/diarioregionaldigital.com.br\/index.php?rest_route=\/wp\/v2\/users\/246"}],"replies":[{"embeddable":true,"href":"https:\/\/diarioregionaldigital.com.br\/index.php?rest_route=%2Fwp%2Fv2%2Fcomments&post=179870"}],"version-history":[{"count":2,"href":"https:\/\/diarioregionaldigital.com.br\/index.php?rest_route=\/wp\/v2\/posts\/179870\/revisions"}],"predecessor-version":[{"id":179874,"href":"https:\/\/diarioregionaldigital.com.br\/index.php?rest_route=\/wp\/v2\/posts\/179870\/revisions\/179874"}],"wp:featuredmedia":[{"embeddable":true,"href":"https:\/\/diarioregionaldigital.com.br\/index.php?rest_route=\/wp\/v2\/media\/179871"}],"wp:attachment":[{"href":"https:\/\/diarioregionaldigital.com.br\/index.php?rest_route=%2Fwp%2Fv2%2Fmedia&parent=179870"}],"wp:term":[{"taxonomy":"category","embeddable":true,"href":"https:\/\/diarioregionaldigital.com.br\/index.php?rest_route=%2Fwp%2Fv2%2Fcategories&post=179870"},{"taxonomy":"post_tag","embeddable":true,"href":"https:\/\/diarioregionaldigital.com.br\/index.php?rest_route=%2Fwp%2Fv2%2Ftags&post=179870"}],"curies":[{"name":"wp","href":"https:\/\/api.w.org\/{rel}","templated":true}]}}