{"id":179854,"date":"2021-03-25T19:59:47","date_gmt":"2021-03-25T22:59:47","guid":{"rendered":"https:\/\/diarioregionaldigital.com.br\/?p=179854"},"modified":"2021-03-25T19:59:47","modified_gmt":"2021-03-25T22:59:47","slug":"ufjf-conduz-97-pesquisas-em-combate-a-covid-19","status":"publish","type":"post","link":"https:\/\/diarioregionaldigital.com.br\/?p=179854","title":{"rendered":"UFJF conduz 97 pesquisas em combate \u00e0 Covid-19"},"content":{"rendered":"<p>De acordo com o levantamento da Pr\u00f3-reitoria de P\u00f3s-gradua\u00e7\u00e3o e Pesquisa (Propp), 97 pesquisas relacionadas ao combate \u00e0 Covid-19 s\u00e3o desenvolvidas atualmente na Universidade Federal de Juiz de Fora (UFJF). A lista completa dos projetos foi divulgada\u00a0<a href=\"https:\/\/docs.google.com\/spreadsheets\/d\/1d1N2Z8ZlpRrZyQVaEMNsg7rCC-2ALNpadng-bziQWEQ\" target=\"_blank\" rel=\"noopener\">publicamente<\/a>\u00a0e ainda est\u00e1 sujeita a crescer, uma vez que segue aberto o\u00a0<a href=\"https:\/\/docs.google.com\/forms\/d\/e\/1FAIpQLSc2F3os_NCyKODJgXGmOklcAqfQISzct32782ci0aCNaSXqiw\/viewform\" target=\"_blank\" rel=\"noopener\">formul\u00e1rio on-line<\/a>\u00a0para pesquisadores inclu\u00edrem ou atualizarem dados sobre as pesquisas em andamento.<\/p>\n<p>Os projetos est\u00e3o distribu\u00eddos em diversas \u00e1reas de conhecimento, sendo a maior parte referente \u00e0s Ci\u00eancias da Sa\u00fade (32%), seguida pelas \u00e1reas de Ci\u00eancias Sociais Aplicadas (23,7%), Ci\u00eancias Exatas e da Terra (14,4%), Ci\u00eancias Biol\u00f3gicas (13,4%), Ci\u00eancias Humanas (12,4%) e Engenharias (4,1%). De acordo com a pr\u00f3-reitora de P\u00f3s-gradua\u00e7\u00e3o e Pesquisa, M\u00f4nica Oliveira, os dados foram coletados no fim do ano passado e a decis\u00e3o de torn\u00e1-los p\u00fablicos foi tomada para, al\u00e9m de fortalecer o comprometimento com a pol\u00edtica de transpar\u00eancia da Universidade, tamb\u00e9m facilitar e incentivar a colabora\u00e7\u00e3o entre pesquisadores da UFJF e demais institui\u00e7\u00f5es.<\/p>\n<p><b>Mais de 21 mil testes de diagn\u00f3stico realizados<br \/>\n<\/b>Parte do esfor\u00e7o empenhado pelos pesquisadores da UFJF \u00e9 contabilizado e divulgado semanalmente, quando s\u00e3o publicados os dados dos testes de diagn\u00f3stico de Covid-19 realizados em dois laborat\u00f3rios da institui\u00e7\u00e3o, donos de certificados de qualidade da Funda\u00e7\u00e3o Ezequiel Dias (Funed), vinculada \u00e0 Secretaria de Estado de Sa\u00fade de Minas Gerais. Ao todo, desde 17 de abril do ano passado, os laborat\u00f3rios realizaram mais de 21 mil exames RT-PCR, oriundos de pedidos do Sistema \u00danico de Sa\u00fade (SUS) das regionais de sa\u00fade de Juiz de Fora e Leopoldina \u2013 o que significa que atendem, ao todo, 52 munic\u00edpios.<\/p>\n<p>\u201cEsse trabalho \u00e9 realizado de forma totalmente volunt\u00e1ria e ininterrupta por professores e t\u00e9cnicos da Universidade, muitos abrindo m\u00e3o de f\u00e9rias e adequando suas atividades pessoais, se desdobrando al\u00e9m das tarefas que j\u00e1 cumprem na UFJF, que continua funcionando na modalidade remota\u201d, destaca o Diretor do Instituto de Ci\u00eancias Biol\u00f3gicas (ICB), Lyderson Viccini. \u201cOs resultados dos exames s\u00e3o divulgados rapidamente e, com isso, os munic\u00edpios s\u00e3o capazes de tomar rapidamente decis\u00f5es necess\u00e1rias para conduzir o combate \u00e0 pandemia na regi\u00e3o.\u201d<\/p>\n<p><b>Mobiliza\u00e7\u00e3o de pesquisadores impacta decis\u00f5es do poder p\u00fablico<br \/>\n<\/b>Mais um exemplo do empenho de pesquisadores impactando diretamente no enfrentamento da Covid-19 na regi\u00e3o \u00e9 o trabalho do Grupo de Modelagem Epidemiol\u00f3gica da UFJF, que atualmente integra o Comit\u00ea Cient\u00edfico do Gabinete de Crise da Prefeitura de Juiz de Fora (PJF). As\u00a0<a href=\"http:\/\/jfsalvandotodos.ufjf.br\/#!\/nota\" target=\"_blank\" rel=\"noopener\">notas t\u00e9cnicas<\/a>\u00a0do grupo s\u00e3o disponibilizadas na plataforma\u00a0<a href=\"http:\/\/jfsalvandotodos.ufjf.br\/#!\/\" target=\"_blank\" rel=\"noopener\">JF Salvando Todos<\/a>, coordenada por um dos integrantes, o professor Marcel Vieira. O portal \u00e9 constantemente atualizado por pesquisadores da UFJF e voltado para a publica\u00e7\u00e3o de dados sobre a Covid-19. Nele, tamb\u00e9m s\u00e3o publicados\u00a0<a href=\"http:\/\/jfsalvandotodos.ufjf.br\/#!\/boletim\/1\" target=\"_blank\" rel=\"noopener\">boletins<\/a>\u00a0e os\u00a0<a href=\"http:\/\/jfsalvandotodos.ufjf.br\/#!\/video\" target=\"_blank\" rel=\"noopener\">v\u00eddeos<\/a>\u00a0informativos (23 edi\u00e7\u00f5es e 27 produ\u00e7\u00f5es, respectivamente, at\u00e9 o momento), ambos dedicados a apresentar interpreta\u00e7\u00f5es acess\u00edveis e did\u00e1ticas sobre o cen\u00e1rio mais recente da pandemia.<\/p>\n<p>\u201cNosso dever \u00e9 cumprir o papel social da Universidade junto \u00e0 comunidade, fazendo um retrato do processo e do estado da pandemia na cidade \u2013 tanto para informar a popula\u00e7\u00e3o quanto para subsidiar as decis\u00f5es do poder p\u00fablico. Inclusive, decis\u00f5es no que tange a oferta de leitos hospitalares; o direcionamento de recursos humanos e equipamentos; e at\u00e9 mesmo os efeitos das medidas de distanciamento social, que por vezes, for\u00e7adamente, os munic\u00edpios t\u00eam que adotar, tendo em vista o esgotamento do sistema de sa\u00fade local\u201d, define uma das pesquisadoras envolvidas, Isabel Leite.<\/p>\n<p>Fonte: Assessoria<\/p>\n","protected":false},"excerpt":{"rendered":"<p>De acordo com o levantamento da Pr\u00f3-reitoria de P\u00f3s-gradua\u00e7\u00e3o e Pesquisa (Propp), 97 pesquisas relacionadas ao combate \u00e0 Covid-19 s\u00e3o desenvolvidas atualmente na Universidade Federal de Juiz de Fora (UFJF). A lista completa dos projetos foi divulgada\u00a0publicamente\u00a0e ainda est\u00e1 sujeita a crescer, uma vez que segue aberto o\u00a0formul\u00e1rio on-line\u00a0para pesquisadores inclu\u00edrem ou atualizarem dados sobre [&hellip;]<\/p>\n","protected":false},"author":246,"featured_media":179855,"comment_status":"closed","ping_status":"closed","sticky":false,"template":"","format":"standard","meta":{"footnotes":""},"categories":[253,436,440,262,439],"tags":[],"class_list":["post-179854","post","type-post","status-publish","format-standard","has-post-thumbnail","hentry","category-cidade","category-destaque-da-semana","category-destaques-do-dia","category-noticias","category-ultima-hora"],"_links":{"self":[{"href":"https:\/\/diarioregionaldigital.com.br\/index.php?rest_route=\/wp\/v2\/posts\/179854","targetHints":{"allow":["GET"]}}],"collection":[{"href":"https:\/\/diarioregionaldigital.com.br\/index.php?rest_route=\/wp\/v2\/posts"}],"about":[{"href":"https:\/\/diarioregionaldigital.com.br\/index.php?rest_route=\/wp\/v2\/types\/post"}],"author":[{"embeddable":true,"href":"https:\/\/diarioregionaldigital.com.br\/index.php?rest_route=\/wp\/v2\/users\/246"}],"replies":[{"embeddable":true,"href":"https:\/\/diarioregionaldigital.com.br\/index.php?rest_route=%2Fwp%2Fv2%2Fcomments&post=179854"}],"version-history":[{"count":1,"href":"https:\/\/diarioregionaldigital.com.br\/index.php?rest_route=\/wp\/v2\/posts\/179854\/revisions"}],"predecessor-version":[{"id":179856,"href":"https:\/\/diarioregionaldigital.com.br\/index.php?rest_route=\/wp\/v2\/posts\/179854\/revisions\/179856"}],"wp:featuredmedia":[{"embeddable":true,"href":"https:\/\/diarioregionaldigital.com.br\/index.php?rest_route=\/wp\/v2\/media\/179855"}],"wp:attachment":[{"href":"https:\/\/diarioregionaldigital.com.br\/index.php?rest_route=%2Fwp%2Fv2%2Fmedia&parent=179854"}],"wp:term":[{"taxonomy":"category","embeddable":true,"href":"https:\/\/diarioregionaldigital.com.br\/index.php?rest_route=%2Fwp%2Fv2%2Fcategories&post=179854"},{"taxonomy":"post_tag","embeddable":true,"href":"https:\/\/diarioregionaldigital.com.br\/index.php?rest_route=%2Fwp%2Fv2%2Ftags&post=179854"}],"curies":[{"name":"wp","href":"https:\/\/api.w.org\/{rel}","templated":true}]}}