{"id":179851,"date":"2021-03-25T19:41:24","date_gmt":"2021-03-25T22:41:24","guid":{"rendered":"https:\/\/diarioregionaldigital.com.br\/?p=179851"},"modified":"2021-03-25T19:41:24","modified_gmt":"2021-03-25T22:41:24","slug":"cem-abre-vagas-para-oficinas-on-line-ensino-fundamental-e-eja","status":"publish","type":"post","link":"https:\/\/diarioregionaldigital.com.br\/?p=179851","title":{"rendered":"CEM abre vagas para oficinas on-line, ensino fundamental e EJA"},"content":{"rendered":"<p>O Centro de Educa\u00e7\u00e3o de Jovens e Adultos Dr. Geraldo Moutinho abriu, nesta quarta-feira, 24, matr\u00edculas para escolariza\u00e7\u00e3o e oficinas on-line de arte e cultura. Ao todo s\u00e3o ofertadas mais de 300 vagas no ensino fundamental, Educa\u00e7\u00e3o de Jovens e Adultos (EJA &#8211; alunos maiores de 15 anos) e nas seguintes oficinas:<\/p>\n<p>*Artesanato<br \/>\n*Arte e Costura<br \/>\n*Biscuit e Quilling<br \/>\n*Capoeira<br \/>\n*Conta\u00e7\u00e3o de Hist\u00f3rias<br \/>\n*Dan\u00e7a<br \/>\n*Desenho<br \/>\n*Espanhol<br \/>\n*Futsal<br \/>\n*Ingl\u00eas<br \/>\n*Libras<br \/>\n*Manicure<br \/>\n*Memoriza\u00e7\u00e3o e Ritmo<br \/>\n*M\u00fasica e Viol\u00e3o<br \/>\n*Teatro<\/p>\n<p>Os interessados podem obter outras informa\u00e7\u00f5es e se inscreverem pelo Whatsapp: (32) 99994-2028. O processo encerra-se ao final do preenchimento das vagas.<\/p>\n<p><span style=\"font-weight: 400;\"><br \/>\n<\/span><span style=\"font-weight: 400;\"><br \/>\n<\/span><span style=\"font-weight: 400;\">Fonte: Assessoria <\/span><\/p>\n","protected":false},"excerpt":{"rendered":"<p>O Centro de Educa\u00e7\u00e3o de Jovens e Adultos Dr. Geraldo Moutinho abriu, nesta quarta-feira, 24, matr\u00edculas para escolariza\u00e7\u00e3o e oficinas on-line de arte e cultura. Ao todo s\u00e3o ofertadas mais de 300 vagas no ensino fundamental, Educa\u00e7\u00e3o de Jovens e Adultos (EJA &#8211; alunos maiores de 15 anos) e nas seguintes oficinas: *Artesanato *Arte e [&hellip;]<\/p>\n","protected":false},"author":246,"featured_media":179852,"comment_status":"closed","ping_status":"closed","sticky":false,"template":"","format":"standard","meta":{"footnotes":""},"categories":[253,439],"tags":[],"class_list":["post-179851","post","type-post","status-publish","format-standard","has-post-thumbnail","hentry","category-cidade","category-ultima-hora"],"_links":{"self":[{"href":"https:\/\/diarioregionaldigital.com.br\/index.php?rest_route=\/wp\/v2\/posts\/179851","targetHints":{"allow":["GET"]}}],"collection":[{"href":"https:\/\/diarioregionaldigital.com.br\/index.php?rest_route=\/wp\/v2\/posts"}],"about":[{"href":"https:\/\/diarioregionaldigital.com.br\/index.php?rest_route=\/wp\/v2\/types\/post"}],"author":[{"embeddable":true,"href":"https:\/\/diarioregionaldigital.com.br\/index.php?rest_route=\/wp\/v2\/users\/246"}],"replies":[{"embeddable":true,"href":"https:\/\/diarioregionaldigital.com.br\/index.php?rest_route=%2Fwp%2Fv2%2Fcomments&post=179851"}],"version-history":[{"count":1,"href":"https:\/\/diarioregionaldigital.com.br\/index.php?rest_route=\/wp\/v2\/posts\/179851\/revisions"}],"predecessor-version":[{"id":179853,"href":"https:\/\/diarioregionaldigital.com.br\/index.php?rest_route=\/wp\/v2\/posts\/179851\/revisions\/179853"}],"wp:featuredmedia":[{"embeddable":true,"href":"https:\/\/diarioregionaldigital.com.br\/index.php?rest_route=\/wp\/v2\/media\/179852"}],"wp:attachment":[{"href":"https:\/\/diarioregionaldigital.com.br\/index.php?rest_route=%2Fwp%2Fv2%2Fmedia&parent=179851"}],"wp:term":[{"taxonomy":"category","embeddable":true,"href":"https:\/\/diarioregionaldigital.com.br\/index.php?rest_route=%2Fwp%2Fv2%2Fcategories&post=179851"},{"taxonomy":"post_tag","embeddable":true,"href":"https:\/\/diarioregionaldigital.com.br\/index.php?rest_route=%2Fwp%2Fv2%2Ftags&post=179851"}],"curies":[{"name":"wp","href":"https:\/\/api.w.org\/{rel}","templated":true}]}}