{"id":179846,"date":"2021-03-25T19:36:29","date_gmt":"2021-03-25T22:36:29","guid":{"rendered":"https:\/\/diarioregionaldigital.com.br\/?p=179846"},"modified":"2021-03-25T19:36:29","modified_gmt":"2021-03-25T22:36:29","slug":"camara-recebe-o-subsecretario-de-vigilancia-em-saude-sobre-o-processo-de-vacinacao-em-juiz-de-fora","status":"publish","type":"post","link":"https:\/\/diarioregionaldigital.com.br\/?p=179846","title":{"rendered":"C\u00e2mara recebe o subsecret\u00e1rio de Vigil\u00e2ncia em Sa\u00fade sobre o processo de vacina\u00e7\u00e3o em Juiz de Fora"},"content":{"rendered":"<p>A C\u00e2mara Municipal de Juiz de Fora (CMJF) recebeu na \u00faltima quarta-feira, 24, durante a 7\u00aa Reuni\u00e3o Ordin\u00e1ria do 3\u00ba Per\u00edodo Legislativo, o subsecret\u00e1rio de Vigil\u00e2ncia em Sa\u00fade, Gustavo Felinto, para prestar esclarecimentos aos questionamentos dos vereadores sobre detalhes da vacina\u00e7\u00e3o na cidade. Dentre os principais pontos destacados pelos vereadores em visitas e fiscaliza\u00e7\u00e3o em diversos bairros da cidade, estavam a escassez de pontos de vacina\u00e7\u00e3o, a forma\u00e7\u00e3o de filas na UFJF e em Unidades B\u00e1sicas de Sa\u00fade (UBS) e o cronograma para aumentar o n\u00famero de imunizados. O presidente da Casa, vereador Juraci Scheffer (PT), refor\u00e7ou a necessidade de haver di\u00e1logo com os vereadores nas tomadas de decis\u00f5es e agradeceu a prontid\u00e3o com que o Poder Executivo atendeu ao pedido para os esclarecimentos dos problemas relatados na manh\u00e3 desta quarta-feira.<\/p>\n<p><strong>Aumento da imuniza\u00e7\u00e3o<\/strong><\/p>\n<p>De acordo com Gustavo, o recebimento de vacinas segue a programa\u00e7\u00e3o do Minist\u00e9rio da Sa\u00fade (MS), que as disponibiliza no ritmo de recebimento. \u201cH\u00e1 menos unidades de vacina\u00e7\u00e3o para que seja poss\u00edvel garantir mais controle. A centraliza\u00e7\u00e3o \u00e9 uma forma de equilibrar as muitas vari\u00e1veis de forma que n\u00e3o impe\u00e7a a vacina\u00e7\u00e3o\u201d. Em resposta a todos os vereadores que exaltaram a urg\u00eancia na imuniza\u00e7\u00e3o, ele ponderou que h\u00e1 previs\u00e3o para novos recebimentos de vacina porque o Minist\u00e9rio da Sa\u00fade est\u00e1 com maior capacidade de distribuir, mas que depende desta distribui\u00e7\u00e3o. \u201cEstamos suscet\u00edveis a erros, mas do ponto de vista do planejamento \u00e9 a realidade de v\u00e1rios munic\u00edpios\u201d.<\/p>\n<p>O aumento da capacidade de distribui\u00e7\u00e3o do MS interfere diretamente no aumento gradual dos postos de vacina\u00e7\u00e3o. Sobre este ponto, Gustavo ressaltou que o ineditismo da cat\u00e1strofe sanit\u00e1ria e a depend\u00eancia de um recurso contingenciado fazem urgente mais\u00a0 responsabilidade e maior controle dos postos para evitar a perda de imunizantes. Questionado pelos parlamentares sobre a utiliza\u00e7\u00e3o de trabalhos volunt\u00e1rios para aumentar a capacidade de mais postos, o subsecret\u00e1rio n\u00e3o se op\u00f4s, mas lembrou que depende de uma avalia\u00e7\u00e3o criteriosa e que levar\u00e1 a sugest\u00e3o \u00e0 secretaria.<\/p>\n<p>Sobre os n\u00fameros de vacinas ainda n\u00e3o utilizadas, a explica\u00e7\u00e3o centrou-se na necessidade de garantir a segunda dose dos j\u00e1 imunizados. \u201cTemos segunda\u00a0 dose garantida. A orienta\u00e7\u00e3o do MS, que nos autorizou a usar integralmente as doses, foi em rela\u00e7\u00e3o \u00e0 \u00faltima remessa recebida. Mas n\u00e3o podemos abrir m\u00e3o das vacinas de segunda dose &#8211; h\u00e1 trabalhadores j\u00e1 com demandas de outra dose&#8221;. Quanto ao total de vacinas em estoque, o subsecret\u00e1rio n\u00e3o soube precisar \u201cporque h\u00e1 varia\u00e7\u00e3o todos os dias, mas entre a primeira e a segunda dose s\u00e3o aproximadamente 97 mil\u201d.<\/p>\n<p>Gustavo anunciou que a partir da pr\u00f3xima segunda-feira, 29, o munic\u00edpio vai aumentar de 7 para 23 os pontos de vacina\u00e7\u00e3o. Indagado pelos vereadores sobre o planejamento inicial ser para 30 postos, ele justificou que \u00e0 medida que as vacinas sejam recebidas, mais postos ser\u00e3o abertos sem a restri\u00e7\u00e3o m\u00e1xima de 30 postos. Confrontado sobre as UBSs e os bairros a serem contemplados com a expans\u00e3o, Gustavo respondeu que o conhecimento das especificidades de cada bairro e regi\u00e3o \u00e9 uma das maiores expertise dos vereadores. \u201cA din\u00e2mica com a C\u00e2mara \u00e9 salutar e por isso a amplia\u00e7\u00e3o ser\u00e1 feita em di\u00e1logo\u201d.<\/p>\n<p><strong>Atrasos e filas<\/strong><\/p>\n<p>Os parlamentares apontaram problemas de forma\u00e7\u00e3o de filas e atrasos, principalmente na Universidade Federal de Juiz de Fora. O subsecret\u00e1rio argumentou que houve uma sobrecarga devido ao in\u00edcio da vacina\u00e7\u00e3o para os maiores de 78 anos ao mesmo tempo em que expandiram a imuniza\u00e7\u00e3o dos profissionais de sa\u00fade acima de 40 anos de idade. \u201cNossa avalia\u00e7\u00e3o \u00e9 de que a jun\u00e7\u00e3o contribuiu para os problemas relatados pelos vereadores. E estamos reavaliando a estrat\u00e9gia\u201d. Ele explicou ainda que o problema no drive thru da UFJF ocorreu pela necessidade de verifica\u00e7\u00e3o de documentos para confirmar o v\u00ednculo profissional em estabelecimentos assistenciais &#8211; \u201cUm atraso por causa do zelo necess\u00e1rio\u201d, ressaltou. Al\u00e9m disso, Gustavo confirmou tamb\u00e9m que houve atraso na chegada da vacina em Juiz de Fora. Outro fator para a forma\u00e7\u00e3o de filas, principalmente no Departamento do Idoso, deve-se, segundo ele, \u00e0 ansiedade em procurar a vacina\u00e7\u00e3o j\u00e1 no primeiro dia dispon\u00edvel, o que gera ac\u00famulo e a forma\u00e7\u00e3o de filas.<\/p>\n<p><strong>Novos grupos<\/strong><\/p>\n<p>Em resposta aos vereadores que questionaram sobre a vacina\u00e7\u00e3o de acamados, pessoas com comorbidades e outras essencialidades profissionais, Gustavo alegou que j\u00e1 h\u00e1 a identifica\u00e7\u00e3o dos idosos acamados e organiza\u00e7\u00e3o das equipes para a din\u00e2mica de ir \u00e0s resid\u00eancias. \u201cTemos equipes que mapeiam os idosos n\u00e3o assistidos pela Estrat\u00e9gia de Sa\u00fade da Fam\u00edlia. Quanto \u00e0s pessoas com maior vulnerabilidade na sa\u00fade, n\u00e3o h\u00e1 previs\u00e3o, embora elas estejam elencadas dentro de um grupo priorit\u00e1rio ainda n\u00e3o contemplado, assim como os trabalhadores do transporte p\u00fablico\u201d. J\u00e1 sobre os trabalhadores que atuam em empresas que est\u00e3o em ambiente de assist\u00eancia \u00e0 sa\u00fade, j\u00e1 h\u00e1 um\u00a0 movimento para a convoca\u00e7\u00e3o e ser\u00e1 feito com uma estrat\u00e9gia que n\u00e3o permita ocorrer o que aconteceu na UFJF\u201d, finalizou.<\/p>\n<p>Fonte: Assessoria<\/p>\n","protected":false},"excerpt":{"rendered":"<p>A C\u00e2mara Municipal de Juiz de Fora (CMJF) recebeu na \u00faltima quarta-feira, 24, durante a 7\u00aa Reuni\u00e3o Ordin\u00e1ria do 3\u00ba Per\u00edodo Legislativo, o subsecret\u00e1rio de Vigil\u00e2ncia em Sa\u00fade, Gustavo Felinto, para prestar esclarecimentos aos questionamentos dos vereadores sobre detalhes da vacina\u00e7\u00e3o na cidade. Dentre os principais pontos destacados pelos vereadores em visitas e fiscaliza\u00e7\u00e3o em [&hellip;]<\/p>\n","protected":false},"author":246,"featured_media":179848,"comment_status":"closed","ping_status":"closed","sticky":false,"template":"","format":"standard","meta":{"footnotes":""},"categories":[253,436,439],"tags":[],"class_list":["post-179846","post","type-post","status-publish","format-standard","has-post-thumbnail","hentry","category-cidade","category-destaque-da-semana","category-ultima-hora"],"_links":{"self":[{"href":"https:\/\/diarioregionaldigital.com.br\/index.php?rest_route=\/wp\/v2\/posts\/179846","targetHints":{"allow":["GET"]}}],"collection":[{"href":"https:\/\/diarioregionaldigital.com.br\/index.php?rest_route=\/wp\/v2\/posts"}],"about":[{"href":"https:\/\/diarioregionaldigital.com.br\/index.php?rest_route=\/wp\/v2\/types\/post"}],"author":[{"embeddable":true,"href":"https:\/\/diarioregionaldigital.com.br\/index.php?rest_route=\/wp\/v2\/users\/246"}],"replies":[{"embeddable":true,"href":"https:\/\/diarioregionaldigital.com.br\/index.php?rest_route=%2Fwp%2Fv2%2Fcomments&post=179846"}],"version-history":[{"count":2,"href":"https:\/\/diarioregionaldigital.com.br\/index.php?rest_route=\/wp\/v2\/posts\/179846\/revisions"}],"predecessor-version":[{"id":179850,"href":"https:\/\/diarioregionaldigital.com.br\/index.php?rest_route=\/wp\/v2\/posts\/179846\/revisions\/179850"}],"wp:featuredmedia":[{"embeddable":true,"href":"https:\/\/diarioregionaldigital.com.br\/index.php?rest_route=\/wp\/v2\/media\/179848"}],"wp:attachment":[{"href":"https:\/\/diarioregionaldigital.com.br\/index.php?rest_route=%2Fwp%2Fv2%2Fmedia&parent=179846"}],"wp:term":[{"taxonomy":"category","embeddable":true,"href":"https:\/\/diarioregionaldigital.com.br\/index.php?rest_route=%2Fwp%2Fv2%2Fcategories&post=179846"},{"taxonomy":"post_tag","embeddable":true,"href":"https:\/\/diarioregionaldigital.com.br\/index.php?rest_route=%2Fwp%2Fv2%2Ftags&post=179846"}],"curies":[{"name":"wp","href":"https:\/\/api.w.org\/{rel}","templated":true}]}}