{"id":179842,"date":"2021-03-25T19:22:39","date_gmt":"2021-03-25T22:22:39","guid":{"rendered":"https:\/\/diarioregionaldigital.com.br\/?p=179842"},"modified":"2021-03-25T19:22:39","modified_gmt":"2021-03-25T22:22:39","slug":"mais-de-3-mil-pessoas-foram-vacinadas-nesta-quarta-feira-24","status":"publish","type":"post","link":"https:\/\/diarioregionaldigital.com.br\/?p=179842","title":{"rendered":"Mais de 3 mil pessoas foram vacinadas nesta quarta-feira, 24"},"content":{"rendered":"<p>A Prefeitura de Juiz de Fora (PJF) vacinou, na \u00faltima quarta-feira, 24, 3.118 pessoas com a aplica\u00e7\u00e3o da primeira dose dos imunizantes contra o coronav\u00edrus (Covid-19). Foram imunizados 890 profissionais da sa\u00fade de 40 anos ou mais e 2.228 idosos de 78 anos ou mais.<\/p>\n<p>A vacina\u00e7\u00e3o dos idosos continuou nesta quinta, 25, no Departamento de Sa\u00fade do Idoso (DSI) e nas sete unidades b\u00e1sicas de Benfica, Borboleta, Santa Luzia, S\u00e3o Pedro, Nossa Senhora das Gra\u00e7as, Nossa Senhora Aparecida e Vila Ideal.<\/p>\n<p>J\u00e1 os profissionais da sa\u00fade dos seguintes grupos: bi\u00f3logos, biom\u00e9dicos, enfermeiros, farmac\u00eauticos, fisioterapeutas, terapeutas ocupacionais, fonoaudi\u00f3logos, m\u00e9dicos, m\u00e9dicos veterin\u00e1rios, nutricionistas, odont\u00f3logos, psic\u00f3logos, assistentes sociais, educadores f\u00edsicos e t\u00e9cnicos em radiologia, conforme a\u00a0<b><a href=\"https:\/\/bvsms.saude.gov.br\/bvs\/saudelegis\/gm\/2020\/prt0639_02_04_2020.html\">portaria 639, de 31 de mar\u00e7o de 2020<\/a><\/b>\u00a0, do Minist\u00e9rio da Sa\u00fade (MS), que est\u00e3o envolvidos diretamente com assist\u00eancia em sa\u00fade e vigil\u00e2ncia em sa\u00fade em espa\u00e7os e estabelecimentos de sa\u00fade, sejam hospitais, cl\u00ednicas, ambulat\u00f3rios e outros locais, que ainda atuem nas redes p\u00fablica e privada e n\u00e3o foram vacinados at\u00e9 o momento devem ir se vacinar no drive-thtu da UFJF. Os aut\u00f4nomos devem comprovar presta\u00e7\u00e3o de servi\u00e7o a estabelecimento de Sa\u00fade, como exemplo, um m\u00e9dico ou um enfermeiro aut\u00f4nomo que presta servi\u00e7o para um hospital.<\/p>\n<p><b>Profissionais n\u00e3o atendidos neste grupo<\/b><\/p>\n<p>O Of\u00edcio Circular N\u00ba 57\/2021\/SVS\/MS diz expressamente que os trabalhadores dos demais estabelecimentos de servi\u00e7os de interesse \u00e0 sa\u00fade (exemplos: academias de gin\u00e1stica, clubes, sal\u00e3o de beleza, cl\u00ednica de est\u00e9tica, \u00f3ticas, est\u00fadios de tatuagem e estabelecimentos de sa\u00fade animal) n\u00e3o ser\u00e3o atendidos nos grupos priorit\u00e1rios, elencados inicialmente para a vacina\u00e7\u00e3o.<\/p>\n<p>No momento da vacina\u00e7\u00e3o, todos devem apresentar original e c\u00f3pia da carteira de registro no Conselho de Classe e tamb\u00e9m de um documento que comprove a vincula\u00e7\u00e3o ativa do profissional com o exerc\u00edcio da atividade ou declara\u00e7\u00e3o do pr\u00f3prio profissional nesse sentido. Podem ser apresentados comprovantes como microempreendedor individual, holerite, contra-cheque, entre outros.<\/p>\n<p>Na sexta-feira, a vacina\u00e7\u00e3o destes profissionais segue nas sete UBS que disponibilizam os imunizantes.<\/p>\n<p><b>Locais de vacina\u00e7\u00e3o dos profissionais de sa\u00fade a partir dos 40 anos<\/b><\/p>\n<p><b>Dia 25 de mar\u00e7o:\u00a0<\/b>no drive-thru na UFJF<\/p>\n<p><b>Dia 26 de mar\u00e7o:\u00a0<\/b>UBSs de Benfica, Nossa Senhora das Gra\u00e7as, Nossa Senhora Aparecida, Vila Ideal, Santa Luzia, S\u00e3o Pedro e Borboleta.<\/p>\n<p><b>Locais de vacina\u00e7\u00e3o dos idosos de 78 anos ou mais<\/b><\/p>\n<p>UBS Benfica: Rua Guararapes, 106;<br \/>\nUBS Nossa Senhora das Gra\u00e7as: Rua Queluz 72.<br \/>\nUBS Nossa Senhora Aparecida: Rua Nossa Senhora Aparecida, n\u00ba 775;<br \/>\nUBS Vila Ideal: Avenida Francisco Valadares, n\u00ba 1.910;<br \/>\nUBS Santa Luzia: Rua Torre\u00f5es, s\/n\u00ba;<br \/>\nUBS S\u00e3o Pedro: Rua Jo\u00e3o Louren\u00e7o Kelmer, n\u00ba 1.433;<br \/>\nUBS Borboleta: Rua Tenente Paulo Maria Delage 297.<\/p>\n<p>Fonte: Assessoria<\/p>\n","protected":false},"excerpt":{"rendered":"<p>A Prefeitura de Juiz de Fora (PJF) vacinou, na \u00faltima quarta-feira, 24, 3.118 pessoas com a aplica\u00e7\u00e3o da primeira dose dos imunizantes contra o coronav\u00edrus (Covid-19). Foram imunizados 890 profissionais da sa\u00fade de 40 anos ou mais e 2.228 idosos de 78 anos ou mais. A vacina\u00e7\u00e3o dos idosos continuou nesta quinta, 25, no Departamento [&hellip;]<\/p>\n","protected":false},"author":246,"featured_media":179843,"comment_status":"closed","ping_status":"closed","sticky":false,"template":"","format":"standard","meta":{"footnotes":""},"categories":[253,436,440,439],"tags":[],"class_list":["post-179842","post","type-post","status-publish","format-standard","has-post-thumbnail","hentry","category-cidade","category-destaque-da-semana","category-destaques-do-dia","category-ultima-hora"],"_links":{"self":[{"href":"https:\/\/diarioregionaldigital.com.br\/index.php?rest_route=\/wp\/v2\/posts\/179842","targetHints":{"allow":["GET"]}}],"collection":[{"href":"https:\/\/diarioregionaldigital.com.br\/index.php?rest_route=\/wp\/v2\/posts"}],"about":[{"href":"https:\/\/diarioregionaldigital.com.br\/index.php?rest_route=\/wp\/v2\/types\/post"}],"author":[{"embeddable":true,"href":"https:\/\/diarioregionaldigital.com.br\/index.php?rest_route=\/wp\/v2\/users\/246"}],"replies":[{"embeddable":true,"href":"https:\/\/diarioregionaldigital.com.br\/index.php?rest_route=%2Fwp%2Fv2%2Fcomments&post=179842"}],"version-history":[{"count":2,"href":"https:\/\/diarioregionaldigital.com.br\/index.php?rest_route=\/wp\/v2\/posts\/179842\/revisions"}],"predecessor-version":[{"id":179845,"href":"https:\/\/diarioregionaldigital.com.br\/index.php?rest_route=\/wp\/v2\/posts\/179842\/revisions\/179845"}],"wp:featuredmedia":[{"embeddable":true,"href":"https:\/\/diarioregionaldigital.com.br\/index.php?rest_route=\/wp\/v2\/media\/179843"}],"wp:attachment":[{"href":"https:\/\/diarioregionaldigital.com.br\/index.php?rest_route=%2Fwp%2Fv2%2Fmedia&parent=179842"}],"wp:term":[{"taxonomy":"category","embeddable":true,"href":"https:\/\/diarioregionaldigital.com.br\/index.php?rest_route=%2Fwp%2Fv2%2Fcategories&post=179842"},{"taxonomy":"post_tag","embeddable":true,"href":"https:\/\/diarioregionaldigital.com.br\/index.php?rest_route=%2Fwp%2Fv2%2Ftags&post=179842"}],"curies":[{"name":"wp","href":"https:\/\/api.w.org\/{rel}","templated":true}]}}