{"id":179839,"date":"2021-03-25T19:01:48","date_gmt":"2021-03-25T22:01:48","guid":{"rendered":"https:\/\/diarioregionaldigital.com.br\/?p=179839"},"modified":"2021-03-25T19:01:48","modified_gmt":"2021-03-25T22:01:48","slug":"estado-distribui-542-550-doses-de-vacina-contra-covid-19-as-28-regionais-de-saude","status":"publish","type":"post","link":"https:\/\/diarioregionaldigital.com.br\/?p=179839","title":{"rendered":"Estado distribui 542.550 doses de vacina contra covid-19 \u00e0s 28 Regionais de Sa\u00fade"},"content":{"rendered":"<p>Dando continuidade \u00e0 maior opera\u00e7\u00e3o de vacina\u00e7\u00e3o da hist\u00f3ria de Minas Gerais, a\u00a0<a href=\"https:\/\/www.saude.mg.gov.br\/\" target=\"_blank\" rel=\"noopener noreferrer\">Secretaria de Estado de Sa\u00fade (SES-MG)<\/a>\u00a0come\u00e7a, nesta quinta-feira (25\/3), a distribui\u00e7\u00e3o das 542.550 doses de vacinas contra covid-19 para as 28 Unidades Regionais de Sa\u00fade (URSs).<\/p>\n<p>A nona remessa, composta por 86.750 doses da AstraZeneca e 455.800 da CoronaVac, chegou ao estado no \u00faltimo s\u00e1bado (20\/3), e ser\u00e1 totalmente destinada \u00e0 aplica\u00e7\u00e3o da primeira dose, conforme estabelecido pelo Minist\u00e9rio da Sa\u00fade, em seu 7\u00ba Informe T\u00e9cnico. A expectativa \u00e9 de que a pasta disponibilize, em tempo oportuno, as doses necess\u00e1rias para a aplica\u00e7\u00e3o da segunda dose.<\/p>\n<p><strong>Log\u00edstica<\/strong><\/p>\n<p>A log\u00edstica para envio das 542.550 doses conta com tr\u00eas aeronaves das For\u00e7as de Seguran\u00e7a do Estado, que auxiliam no desenvolvimento e na execu\u00e7\u00e3o do transporte dos imunizantes. A previs\u00e3o \u00e9 de que ainda nesta quinta-feira, at\u00e9 14h, todas as Unidades Regionais de Sa\u00fade j\u00e1 estejam recebendo suas doses.<\/p>\n<p><a href=\"http:\/\/www.agenciaminas.mg.gov.br\/ckeditor_assets\/attachments\/10741\/campanha_de_covid-urs_e_municipio_mg_8_remessa_22-03-2021.xlsx\" target=\"_blank\" rel=\"noopener\">Clique aqui<\/a>\u00a0para acessar a tabela com o detalhamento da distribui\u00e7\u00e3o.<\/p>\n<p><strong>P\u00fablico priorit\u00e1rio<\/strong><\/p>\n<p>O Minist\u00e9rio da Sa\u00fade definiu entre os grupos priorit\u00e1rios desta nona etapa 67,4% das pessoas de 70 a 74 anos e mais 3,7% dos trabalhadores de Sa\u00fade. Os quilombolas e popula\u00e7\u00e3o ribeirinha tamb\u00e9m est\u00e3o contemplados entre os priorit\u00e1rios.<\/p>\n<p>A orienta\u00e7\u00e3o do Estado \u00e9 para que as prefeituras sigam as recomenda\u00e7\u00f5es do Programa Nacional de Imuniza\u00e7\u00e3o (PNI) e apliquem as doses conforme p\u00fablico-alvo e respectivos quantitativos.<\/p>\n<p><strong>Vacinados<\/strong><\/p>\n<p>Em Minas, 1.138.136 pessoas j\u00e1 receberam a primeira dose contra a covid-19. Em rela\u00e7\u00e3o \u00e0 segunda dose, 443.528 j\u00e1 foram vacinadas, segundo dados do Painel Vacin\u00f4metro, que podem ser acessados em\u00a0<a href=\"http:\/\/www.saude.mg.gov.br\/coronavirus\" target=\"_blank\" rel=\"noopener noreferrer\">www.saude.mg.gov.br\/coronavirus<\/a>. As informa\u00e7\u00f5es sobre o n\u00famero de mineiros atendidos s\u00e3o atualizadas e publicadas diariamente nesse endere\u00e7o.<\/p>\n<p><strong>Remessas recebidas<\/strong><\/p>\n<p><u>1\u00aa remessa<\/u><\/p>\n<p>577.480 doses da CoronaVac em 18\/1\/2021<\/p>\n<p><u>2\u00aa\u00a0remessa<\/u><\/p>\n<p>190.500 doses de AstraZeneca em 24\/1\/2021<\/p>\n<p><u>3\u00aa remessa<\/u><\/p>\n<p>87.600 doses da CoronaVac em 25\/1\/2021<\/p>\n<p><u>4\u00aa remessa<\/u><\/p>\n<p>315.600 doses da CoronaVac em 7\/2\/2021<\/p>\n<p><u>5\u00aa remessa<\/u><\/p>\n<p>220.000 doses da AstraZeneca e 137.400 doses da CoronaVac em 23\/2\/2021<\/p>\n<p><u>6\u00aa remessa<\/u><\/p>\n<p>285.200 doses da CoronaVac em 3\/3\/2021<\/p>\n<p><u>7\u00aa remessa<\/u><\/p>\n<p>303.600 doses da CoronaVac em 9\/3\/2021<\/p>\n<p><u>8\u00aa remessa<\/u><\/p>\n<p>509.800 doses da CoronaVac em 17\/3\/2021<\/p>\n<p><u>9\u00b0 remessa<\/u><\/p>\n<p>86.750 doses da AstraZeneca e 455.800 da CoronaVac em 20\/3\/2021<\/p>\n<p><strong>Total: 3.169.730<br \/>\n<span style=\"font-weight: 400;\"><br \/>\nFonte: Ag\u00eancia Minas<\/span><\/strong><\/p>\n","protected":false},"excerpt":{"rendered":"<p>Dando continuidade \u00e0 maior opera\u00e7\u00e3o de vacina\u00e7\u00e3o da hist\u00f3ria de Minas Gerais, a\u00a0Secretaria de Estado de Sa\u00fade (SES-MG)\u00a0come\u00e7a, nesta quinta-feira (25\/3), a distribui\u00e7\u00e3o das 542.550 doses de vacinas contra covid-19 para as 28 Unidades Regionais de Sa\u00fade (URSs). A nona remessa, composta por 86.750 doses da AstraZeneca e 455.800 da CoronaVac, chegou ao estado no [&hellip;]<\/p>\n","protected":false},"author":246,"featured_media":179840,"comment_status":"closed","ping_status":"closed","sticky":false,"template":"","format":"standard","meta":{"footnotes":""},"categories":[436,262,254,439],"tags":[],"class_list":["post-179839","post","type-post","status-publish","format-standard","has-post-thumbnail","hentry","category-destaque-da-semana","category-noticias","category-politica","category-ultima-hora"],"_links":{"self":[{"href":"https:\/\/diarioregionaldigital.com.br\/index.php?rest_route=\/wp\/v2\/posts\/179839","targetHints":{"allow":["GET"]}}],"collection":[{"href":"https:\/\/diarioregionaldigital.com.br\/index.php?rest_route=\/wp\/v2\/posts"}],"about":[{"href":"https:\/\/diarioregionaldigital.com.br\/index.php?rest_route=\/wp\/v2\/types\/post"}],"author":[{"embeddable":true,"href":"https:\/\/diarioregionaldigital.com.br\/index.php?rest_route=\/wp\/v2\/users\/246"}],"replies":[{"embeddable":true,"href":"https:\/\/diarioregionaldigital.com.br\/index.php?rest_route=%2Fwp%2Fv2%2Fcomments&post=179839"}],"version-history":[{"count":1,"href":"https:\/\/diarioregionaldigital.com.br\/index.php?rest_route=\/wp\/v2\/posts\/179839\/revisions"}],"predecessor-version":[{"id":179841,"href":"https:\/\/diarioregionaldigital.com.br\/index.php?rest_route=\/wp\/v2\/posts\/179839\/revisions\/179841"}],"wp:featuredmedia":[{"embeddable":true,"href":"https:\/\/diarioregionaldigital.com.br\/index.php?rest_route=\/wp\/v2\/media\/179840"}],"wp:attachment":[{"href":"https:\/\/diarioregionaldigital.com.br\/index.php?rest_route=%2Fwp%2Fv2%2Fmedia&parent=179839"}],"wp:term":[{"taxonomy":"category","embeddable":true,"href":"https:\/\/diarioregionaldigital.com.br\/index.php?rest_route=%2Fwp%2Fv2%2Fcategories&post=179839"},{"taxonomy":"post_tag","embeddable":true,"href":"https:\/\/diarioregionaldigital.com.br\/index.php?rest_route=%2Fwp%2Fv2%2Ftags&post=179839"}],"curies":[{"name":"wp","href":"https:\/\/api.w.org\/{rel}","templated":true}]}}