{"id":179836,"date":"2021-03-25T18:54:41","date_gmt":"2021-03-25T21:54:41","guid":{"rendered":"https:\/\/diarioregionaldigital.com.br\/?p=179836"},"modified":"2021-03-25T18:54:41","modified_gmt":"2021-03-25T21:54:41","slug":"orcamento-de-2021-e-aprovado-em-comissao-e-vai-agora-ao-congresso","status":"publish","type":"post","link":"https:\/\/diarioregionaldigital.com.br\/?p=179836","title":{"rendered":"Or\u00e7amento de 2021 \u00e9 aprovado em comiss\u00e3o e vai agora ao Congresso"},"content":{"rendered":"<p>A <span id=\"4053\" class=\"termoGlossario\" title=\"\" contenteditable=\"false\" data-toggle=\"tooltip\" data-placement=\"top\" data-original-title=\"Comiss\u00e3o de deputados e senadores respons\u00e1vel pela an\u00e1lise das propostas or\u00e7ament\u00e1rias elaboradas pelo Executivo: Lei de Diretrizes Or\u00e7ament\u00e1rias (LDO), Lei Or\u00e7ament\u00e1ria Anual (LOA) e Plano Plurianual (PPA).\">Comiss\u00e3o Mista de Or\u00e7amento<\/span> (CMO) do Congresso Nacional aprovou nesta quinta-feira (25) o <span id=\"4094\" class=\"termoGlossario\" title=\"\" contenteditable=\"false\" data-toggle=\"tooltip\" data-placement=\"top\" data-original-title=\"Esp\u00e9cie de proposi\u00e7\u00e3o legislativa, acess\u00f3ria, na qual o relator expressa uma opini\u00e3o favor\u00e1vel ou contr\u00e1ria \u00e0 proposta \u00e0 qual se refere. \">parecer<\/span> final do relator-geral, senador Marcio Bittar (MDB-AC), para a proposta or\u00e7ament\u00e1ria deste ano (PLN 28\/20). Em uma complementa\u00e7\u00e3o de voto, ele remanejou R$ 26,5 bilh\u00f5es, favorecendo <span id=\"4028\" class=\"termoGlossario\" title=\"\" contenteditable=\"false\" data-toggle=\"tooltip\" data-placement=\"top\" data-original-title=\"Proposta para alterar, no todo ou em parte, o texto de um projeto de lei submetido \u00e0 discuss\u00e3o ou vota\u00e7\u00e3o.\">emendas<\/span> parlamentares.<\/p>\n<p>O parecer aprovado ser\u00e1 analisado pelo Congresso ainda nesta quinta-feira. Em raz\u00e3o da pandemia de Covid-19, a sess\u00e3o foi marcada em duas etapas: a primeira, na C\u00e2mara dos Deputados, \u00e0s 15h; a segunda, no Senado, \u00e0s 18h.<\/p>\n<p>O Minist\u00e9rio do Desenvolvimento Regional (administra\u00e7\u00e3o direta e \u00f3rg\u00e3os vinculados), com R$ 10,2 bilh\u00f5es, e o Fundo Nacional de Sa\u00fade, com R$ 8,3 bilh\u00f5es, s\u00e3o os mais favorecidos com o remanejamento de R$ 26,5 bilh\u00f5es.<\/p>\n<p>Para viabilizar as mudan\u00e7as, foram canceladas dota\u00e7\u00f5es reservadas inicialmente pelo Poder Executivo para quitar benef\u00edcios previdenci\u00e1rios (R$ 13,5 bilh\u00f5es), abono salarial (R$ 7,4 bilh\u00f5es) e seguro-desemprego (R$ 2,6 bilh\u00f5es).<\/p>\n<p>Do total remanejado, cerca de R$ 16,4 bilh\u00f5es permanecem condicionados \u00e0 aprova\u00e7\u00e3o de um <span id=\"4510\" class=\"termoGlossario\" title=\"\" contenteditable=\"false\" data-toggle=\"tooltip\" data-placement=\"top\" data-original-title=\"Refor\u00e7o em despesa j\u00e1 prevista na lei or\u00e7ament\u00e1ria.\">cr\u00e9dito suplementar<\/span> para contornar a chamada \u201c<span id=\"4540\" class=\"termoGlossario\" title=\"\" contenteditable=\"false\" data-toggle=\"tooltip\" data-placement=\"top\" data-original-title=\"A regra de ouro pro\u00edbe que o governo se endivide para pagar despesas cotidianas, como folha salarial, programas sociais e manuten\u00e7\u00e3o de \u00f3rg\u00e3os p\u00fablicos. A regra s\u00f3 pode ser contornada com autoriza\u00e7\u00e3o do Congresso Nacional.\">regra de ouro<\/span>\u201d. Essa proposta s\u00f3 poder\u00e1 ser apresentada ap\u00f3s a san\u00e7\u00e3o do Or\u00e7amento.<\/p>\n<p>Segundo Bittar, os gastos previdenci\u00e1rios est\u00e3o em queda devido \u00e0 recente reforma e ao combate a fraudes. Entretanto, um <a href=\"https:\/\/www.camara.leg.br\/noticias\/738637-EQUIPE-ECONOMICA-PROJETA-AJUSTE-DE-R$-17,5-BI-EM-DESPESAS-OBRIGATORIAS\">relat\u00f3rio da equipe econ\u00f4mica<\/a> informou que a previs\u00e3o \u00e9 faltar R$ 8,5 bilh\u00f5es para essas despesas neste ano.<\/p>\n<p><strong>Cr\u00edticas<\/strong><br \/>\nParlamentares de oposi\u00e7\u00e3o criticaram os cortes e reclamaram das dota\u00e7\u00f5es para \u00e1reas que consideram estrat\u00e9gicas. \u201cSabemos que o governo Bolsonaro n\u00e3o tem interesse no Or\u00e7amento\u201d, disse o deputado <a href=\"https:\/\/www.camara.leg.br\/deputados\/160508\">Afonso Florence (PT-BA)<\/a>.<\/p>\n<p>\u201cNa \u00e1rdua tarefa para conciliar o cen\u00e1rio de pandemia, a retra\u00e7\u00e3o econ\u00f4mica, os poucos recursos discricion\u00e1rios [de livre uso pelo Executivo] e os pleitos leg\u00edtimos, tive tomar decis\u00f5es dif\u00edceis, mas necess\u00e1rias\u201d, explicou Bittar.<\/p>\n<p><strong>Outros pontos<\/strong><br \/>\nO relator-geral fez ainda v\u00e1rios ajustes na proposta or\u00e7ament\u00e1ria enviada pelo Poder Executivo em agosto de 2020. Incluiu como <a href=\"https:\/\/www.camara.leg.br\/noticias\/688688-PROPOSTA-DE-ORCAMENTO-REFORCA-TETO-DOS-GASTOS-E-PREVE-SALARIO-MINIMO-DE-R$-1.067\">meta fiscal<\/a> para 2021 um d\u00e9ficit de R$ 247,1 bilh\u00f5es para o governo central (Tesouro, Banco Central e Previd\u00eancia).<\/p>\n<p>Uma das mudan\u00e7as criticadas por parlamentares foi o corte de R$ 1,75 bilh\u00e3o nos recursos do Censo Demogr\u00e1fico. Na complementa\u00e7\u00e3o de voto, Bittar retirou mais R$ 169,7 milh\u00f5es dessa a\u00e7\u00e3o or\u00e7ament\u00e1ria, agora sem nada para gastar.<\/p>\n<p>Durante a an\u00e1lise do parecer final na CMO, o relator-geral acabou referendando a aprova\u00e7\u00e3o de 21 destaques que remanejaram pouco mais de R$ 73,5 milh\u00f5es a pedido de bancadas estaduais. Outros 80 destaques foram rejeitados.<\/p>\n<p>Fonte: Ag\u00eancia C\u00e2mara de Not\u00edcias<\/p>\n","protected":false},"excerpt":{"rendered":"<p>A Comiss\u00e3o Mista de Or\u00e7amento (CMO) do Congresso Nacional aprovou nesta quinta-feira (25) o parecer final do relator-geral, senador Marcio Bittar (MDB-AC), para a proposta or\u00e7ament\u00e1ria deste ano (PLN 28\/20). Em uma complementa\u00e7\u00e3o de voto, ele remanejou R$ 26,5 bilh\u00f5es, favorecendo emendas parlamentares. O parecer aprovado ser\u00e1 analisado pelo Congresso ainda nesta quinta-feira. Em raz\u00e3o [&hellip;]<\/p>\n","protected":false},"author":246,"featured_media":179837,"comment_status":"closed","ping_status":"closed","sticky":false,"template":"","format":"standard","meta":{"footnotes":""},"categories":[436,262,254,439],"tags":[],"class_list":["post-179836","post","type-post","status-publish","format-standard","has-post-thumbnail","hentry","category-destaque-da-semana","category-noticias","category-politica","category-ultima-hora"],"_links":{"self":[{"href":"https:\/\/diarioregionaldigital.com.br\/index.php?rest_route=\/wp\/v2\/posts\/179836","targetHints":{"allow":["GET"]}}],"collection":[{"href":"https:\/\/diarioregionaldigital.com.br\/index.php?rest_route=\/wp\/v2\/posts"}],"about":[{"href":"https:\/\/diarioregionaldigital.com.br\/index.php?rest_route=\/wp\/v2\/types\/post"}],"author":[{"embeddable":true,"href":"https:\/\/diarioregionaldigital.com.br\/index.php?rest_route=\/wp\/v2\/users\/246"}],"replies":[{"embeddable":true,"href":"https:\/\/diarioregionaldigital.com.br\/index.php?rest_route=%2Fwp%2Fv2%2Fcomments&post=179836"}],"version-history":[{"count":1,"href":"https:\/\/diarioregionaldigital.com.br\/index.php?rest_route=\/wp\/v2\/posts\/179836\/revisions"}],"predecessor-version":[{"id":179838,"href":"https:\/\/diarioregionaldigital.com.br\/index.php?rest_route=\/wp\/v2\/posts\/179836\/revisions\/179838"}],"wp:featuredmedia":[{"embeddable":true,"href":"https:\/\/diarioregionaldigital.com.br\/index.php?rest_route=\/wp\/v2\/media\/179837"}],"wp:attachment":[{"href":"https:\/\/diarioregionaldigital.com.br\/index.php?rest_route=%2Fwp%2Fv2%2Fmedia&parent=179836"}],"wp:term":[{"taxonomy":"category","embeddable":true,"href":"https:\/\/diarioregionaldigital.com.br\/index.php?rest_route=%2Fwp%2Fv2%2Fcategories&post=179836"},{"taxonomy":"post_tag","embeddable":true,"href":"https:\/\/diarioregionaldigital.com.br\/index.php?rest_route=%2Fwp%2Fv2%2Ftags&post=179836"}],"curies":[{"name":"wp","href":"https:\/\/api.w.org\/{rel}","templated":true}]}}