{"id":179831,"date":"2021-03-25T18:32:09","date_gmt":"2021-03-25T21:32:09","guid":{"rendered":"https:\/\/diarioregionaldigital.com.br\/?p=179831"},"modified":"2021-03-25T18:32:09","modified_gmt":"2021-03-25T21:32:09","slug":"contas-externas-devem-ter-ligeiro-superavit-de-us-2-bilhoes-diz-bc","status":"publish","type":"post","link":"https:\/\/diarioregionaldigital.com.br\/?p=179831","title":{"rendered":"Contas externas devem ter &#8220;ligeiro super\u00e1vit&#8221; de US$ 2 bilh\u00f5es, diz BC"},"content":{"rendered":"<p>O Banco Central (BC) melhorou a proje\u00e7\u00e3o para o saldo das contas externas neste ano. A previs\u00e3o para as transa\u00e7\u00f5es correntes, que s\u00e3o as compras e vendas de mercadorias e servi\u00e7os e transfer\u00eancias de renda do Brasil com outros pa\u00edses, passou de d\u00e9ficit de US$ 19 bilh\u00f5es para um \u201cligeiro super\u00e1vit\u201d de US$ 2 bilh\u00f5es.<\/p>\n<p>A estimativa para 2021 corresponde a 0,2% do Produto Interno Bruto (PIB, soma de todos os bens e servi\u00e7os produzidos no pa\u00eds). A previs\u00e3o est\u00e1 no Relat\u00f3rio de Infla\u00e7\u00e3o, publica\u00e7\u00e3o trimestral do BC, divulgado hoje (25).<\/p>\n<p>Segundo o BC, a revis\u00e3o foi ocasionada principalmente pelo aumento do saldo comercial, elevando de US$ 53 bilh\u00f5es para US$ 70 bilh\u00f5es a estimativa para o super\u00e1vit da balan\u00e7a comercial neste ano.<\/p>\n<p>\u201cApesar de terem come\u00e7ado o ano em n\u00edvel deprimido, espera-se que as exporta\u00e7\u00f5es aumentem a partir de mar\u00e7o, impulsionadas pelo escoamento da boa safra de soja, pelo patamar elevado para pre\u00e7os de commodities e pela recupera\u00e7\u00e3o da demanda internacional. Nesse contexto, as exporta\u00e7\u00f5es devem atingir US$ 256 bilh\u00f5es, valor que se equipara ao recorde da s\u00e9rie hist\u00f3rica atingida em 2011\u201d, diz o relat\u00f3rio.<\/p>\n<p>As importa\u00e7\u00f5es tamb\u00e9m devem ser maiores que anteriormente projetado, apesar da alta do c\u00e2mbio. Para o BC, a revis\u00e3o est\u00e1 em linha com perspectiva mais favor\u00e1vel para a ind\u00fastria de transforma\u00e7\u00e3o nacional, com efeitos sobre a importa\u00e7\u00e3o de bens intermedi\u00e1rios.<\/p>\n<p>\u201cContribuem tamb\u00e9m os bons resultados nos meses iniciais do ano, o aumento nos pre\u00e7os dos combust\u00edveis e a ocorr\u00eancia de opera\u00e7\u00f5es do Repetro no in\u00edcio do ano em valor acima do esperado\u201d, diz o relat\u00f3rio. O Repetro \u00e9 um regime fiscal aduaneiro que suspende a cobran\u00e7a de tributos federais na importa\u00e7\u00e3o de equipamentos para o setor de petr\u00f3leo e g\u00e1s, principalmente as plataformas de explora\u00e7\u00e3o.<\/p>\n<p>No caso da conta de servi\u00e7os (viagens internacionais, transporte, aluguel de equipamentos, entre outros), o d\u00e9ficit foi revisado de US$ 22 bilh\u00f5es para US$ 26 bilh\u00f5es, motivado principalmente pela expectativa de menor d\u00e9ficit na conta de viagens, refletindo o prolongamento das restri\u00e7\u00f5es a viagens internacionais e o movimento do c\u00e2mbio.<\/p>\n<p>O c\u00e2mbio tamb\u00e9m motivou a ligeira redu\u00e7\u00e3o no d\u00e9ficit da conta de renda prim\u00e1ria, que deve registrar patamar ainda deprimido em rela\u00e7\u00e3o a 2019, per\u00edodo anterior \u00e0 pandemia e com taxa de c\u00e2mbio mais baixa. A renda prim\u00e1ria (lucros e dividendos, pagamentos de juros e sal\u00e1rios) foi de d\u00e9ficit de US$ 47 bilh\u00f5es para d\u00e9ficit US$ 48 bilh\u00f5es.<\/p>\n<p><strong>Investimento estrangeiro<\/strong><\/p>\n<p>No caso de um pa\u00eds registrar saldo negativo em transa\u00e7\u00f5es correntes, ele precisa cobrir o d\u00e9ficit com investimentos ou empr\u00e9stimos no exterior. A melhor forma de financiamento do saldo negativo \u00e9 o Investimento Direto no Pa\u00eds (IDP), porque os recursos s\u00e3o aplicados no setor produtivo.<\/p>\n<p>A proje\u00e7\u00e3o para os ingressos l\u00edquidos de IDP segue em US$ 60 bilh\u00f5es (4% do PIB) em 2021. Em 2020, foram registrados US$ 34,2 bilh\u00f5es (2,38% do PIB) de investimentos externos no Brasil.<\/p>\n<p><span style=\"font-weight: 400;\">Fonte: Ag\u00eancia Brasil<\/span><\/p>\n","protected":false},"excerpt":{"rendered":"<p>O Banco Central (BC) melhorou a proje\u00e7\u00e3o para o saldo das contas externas neste ano. A previs\u00e3o para as transa\u00e7\u00f5es correntes, que s\u00e3o as compras e vendas de mercadorias e servi\u00e7os e transfer\u00eancias de renda do Brasil com outros pa\u00edses, passou de d\u00e9ficit de US$ 19 bilh\u00f5es para um \u201cligeiro super\u00e1vit\u201d de US$ 2 bilh\u00f5es. [&hellip;]<\/p>\n","protected":false},"author":246,"featured_media":179832,"comment_status":"closed","ping_status":"closed","sticky":false,"template":"","format":"standard","meta":{"footnotes":""},"categories":[436,261,439],"tags":[],"class_list":["post-179831","post","type-post","status-publish","format-standard","has-post-thumbnail","hentry","category-destaque-da-semana","category-economia","category-ultima-hora"],"_links":{"self":[{"href":"https:\/\/diarioregionaldigital.com.br\/index.php?rest_route=\/wp\/v2\/posts\/179831","targetHints":{"allow":["GET"]}}],"collection":[{"href":"https:\/\/diarioregionaldigital.com.br\/index.php?rest_route=\/wp\/v2\/posts"}],"about":[{"href":"https:\/\/diarioregionaldigital.com.br\/index.php?rest_route=\/wp\/v2\/types\/post"}],"author":[{"embeddable":true,"href":"https:\/\/diarioregionaldigital.com.br\/index.php?rest_route=\/wp\/v2\/users\/246"}],"replies":[{"embeddable":true,"href":"https:\/\/diarioregionaldigital.com.br\/index.php?rest_route=%2Fwp%2Fv2%2Fcomments&post=179831"}],"version-history":[{"count":1,"href":"https:\/\/diarioregionaldigital.com.br\/index.php?rest_route=\/wp\/v2\/posts\/179831\/revisions"}],"predecessor-version":[{"id":179833,"href":"https:\/\/diarioregionaldigital.com.br\/index.php?rest_route=\/wp\/v2\/posts\/179831\/revisions\/179833"}],"wp:featuredmedia":[{"embeddable":true,"href":"https:\/\/diarioregionaldigital.com.br\/index.php?rest_route=\/wp\/v2\/media\/179832"}],"wp:attachment":[{"href":"https:\/\/diarioregionaldigital.com.br\/index.php?rest_route=%2Fwp%2Fv2%2Fmedia&parent=179831"}],"wp:term":[{"taxonomy":"category","embeddable":true,"href":"https:\/\/diarioregionaldigital.com.br\/index.php?rest_route=%2Fwp%2Fv2%2Fcategories&post=179831"},{"taxonomy":"post_tag","embeddable":true,"href":"https:\/\/diarioregionaldigital.com.br\/index.php?rest_route=%2Fwp%2Fv2%2Ftags&post=179831"}],"curies":[{"name":"wp","href":"https:\/\/api.w.org\/{rel}","templated":true}]}}