{"id":179828,"date":"2021-03-25T18:20:21","date_gmt":"2021-03-25T21:20:21","guid":{"rendered":"https:\/\/diarioregionaldigital.com.br\/?p=179828"},"modified":"2021-03-25T18:38:43","modified_gmt":"2021-03-25T21:38:43","slug":"previa-da-inflacao-fica-em-093-em-marco-maior-para-o-mes-desde-2015","status":"publish","type":"post","link":"https:\/\/diarioregionaldigital.com.br\/?p=179828","title":{"rendered":"Pr\u00e9via da infla\u00e7\u00e3o fica em 0,93% em mar\u00e7o, maior para o m\u00eas desde 2015"},"content":{"rendered":"<p>\u00cdndice Nacional de Pre\u00e7os ao Consumidor Amplo 15 (IPCA-15) apresentou alta de 0,93% em mar\u00e7o, 0,45 ponto percentual acima de fevereiro, 0,48%. \u00c9 o maior resultado para um m\u00eas de mar\u00e7o desde 2015, quando o \u00edndice foi de 1,24%. J\u00e1 o IPCA-E, o acumulado do \u00edndice no trimestre, foi de 2,21%, a maior taxa para um primeiro tri desde 2016, quando foi de 2,79%. Os dados foram divulgados pelo IBGE nesta quinta (25). No acumulado dos \u00faltimos 12 meses, o IPCA-15 aponta alta de 5,52%. Em mar\u00e7o de 2020, a taxa foi de 0,02%.<\/p>\n<p>Dos nove grupos de produtos e servi\u00e7os pesquisados, oito apresentaram alta em mar\u00e7o. O maior impacto (0,76 p.p.) e a maior alta (3,79%) vieram dos Transportes, que aceleraram em rela\u00e7\u00e3o a fevereiro (1,11%), sobretudo em decorr\u00eancia do aumento nos pre\u00e7os dos combust\u00edveis (11,63%). O maior impacto individual no \u00edndice do m\u00eas (0,56 p.p.) foi da gasolina (11,18%), cujos pre\u00e7os aumentaram pelo nono m\u00eas consecutivo. Tamb\u00e9m houve altas no etanol (16,38%), no \u00f3leo diesel (10,66%) e no g\u00e1s veicular (0,39%).<\/p>\n<p>Os autom\u00f3veis novos (0,99%), os autom\u00f3veis usados (0,30%) e o seguro volunt\u00e1rio de ve\u00edculo (2,57%) somaram 0,06 p.p. de impacto e contribu\u00edram para a alta nos transportes.<\/p>\n<p>O subitem \u00f4nibus urbano (0,42%) teve alta em consequ\u00eancia do reajuste de 8,70% no pre\u00e7o das passagens em Recife (7,14%), vigorando desde 7 de fevereiro. J\u00e1 o trem registrou aumento de 1,61%, influenciado pelo reajuste de 6,38% no pre\u00e7o da passagem no Rio de Janeiro (4,26%), a partir de 23 de fevereiro.<\/p>\n<p>Ainda em transportes, no lado das quedas, transportes por aplicativo (-2,38%) e passagens a\u00e9reas (-2,01%) apresentaram recuo, por\u00e9m menos intenso do que em rela\u00e7\u00e3o a fevereiro, quando registraram -9,16% e -2,54%, respectivamente.<\/p>\n<p>O segundo maior impacto do IPCA-15 de mar\u00e7o foi do grupo Habita\u00e7\u00e3o, com alta de 0,71% e contribui\u00e7\u00e3o de 0,11 p.p. no resultado do m\u00eas. Destaque para o g\u00e1s de botij\u00e3o, que aumentou 4,60% e adicionou 0,05 p.p na pesquisa. \u00c9 o 10\u00ba m\u00eas consecutivo de alta. G\u00e1s encanado (2,52%) e taxa de \u00e1gua e esgoto (0,68%) aceleraram em rela\u00e7\u00e3o a fevereiro, quando registraram 1,19% e 0,45%, respectivamente.<\/p>\n<p>No caso do g\u00e1s encanado, reajustes em dois locais influenciaram o resultado: um de 3,50% no Rio de Janeiro (2,10%), vigente desde 1\u00ba de fevereiro, e dois em Curitiba (19,04%), sendo um de 8,07%, em vigor desde 1\u00ba de fevereiro, e um de 15,57%, a partir de 16 de fevereiro.<\/p>\n<p>Em \u00e1gua e esgoto, a pesquisa tamb\u00e9m captou reajustes em Fortaleza (5,77%), de 12,25%, a partir de 29 de janeiro; e em Curitiba (3,78%), de 5,11%, em vigor desde 5 de fevereiro.<\/p>\n<p>Ainda em Habita\u00e7\u00e3o, o item energia el\u00e9trica teve alta de 0,05%, frente \u00e0 queda de 4,24% no IPCA-15 de fevereiro. Durante o per\u00edodo de coleta, vigorou a bandeira tarif\u00e1ria amarela, que adiciona R$ 1,343 na conta de luz a cada 100 quilowatts-hora consumidos. Houve ainda reajustes de 4,66% e de 4,50% em concession\u00e1rias no Rio de Janeiro (-0,57%), ambas em vigor desde 15 de mar\u00e7o.<\/p>\n<p>O grupo de Alimenta\u00e7\u00e3o e bebidas variou 0,12%, desacelerando em compara\u00e7\u00e3o com fevereiro (0,56%). Os alimentos para consumo no domic\u00edlio ca\u00edram 0,03% ap\u00f3s sete meses consecutivos de alta, sobretudo por conta das quedas de tomate (-17,50%), a batata-inglesa (-16,20%), o leite longa vida (-4,50%) e o arroz (-1,65%). No lado das altas, as carnes aumentaram 1,72%.<\/p>\n<p>A alimenta\u00e7\u00e3o fora do domic\u00edlio desacelerou em compara\u00e7\u00e3o com o m\u00eas anterior, registrando 0,49% em mar\u00e7o frente 0,56% de fevereiro. O \u00edndice foi influenciado pelo lanche (0,64%) e pela refei\u00e7\u00e3o (0,33%), itens que, em fevereiro, aumentaram 1,20% e 0,37%, respectivamente.<\/p>\n<p>O \u00fanico grupo em queda no IPCA-15 de mar\u00e7o foi Educa\u00e7\u00e3o, que caiu 0,51% ap\u00f3s alta de 2,39% em fevereiro. Os demais grupos ficaram entre as altas de 0,02% em Comunica\u00e7\u00e3o e de 0,55% em Artigos de resid\u00eancia.<\/p>\n<p><strong>Todas as regi\u00f5es pesquisadas tiveram alta em mar\u00e7o<\/strong><\/p>\n<p>Todas as regi\u00f5es pesquisadas no IPCA-15 apresentaram alta no m\u00eas. A maior foi na regi\u00e3o metropolitana de Bel\u00e9m (1,49%), especialmente em fun\u00e7\u00e3o da gasolina (12,44%). A menor foi na regi\u00e3o metropolitana do Rio de Janeiro (0,52%), influenciado pelas quedas do tomate (-21,73%) e da batata-inglesa (-16,91%).<\/p>\n<p>Para o c\u00e1lculo do IPCA-15, os pre\u00e7os foram coletados no per\u00edodo de 12 de fevereiro a 15 de mar\u00e7o de 2021 (refer\u00eancia) e comparados com aqueles vigentes de 15 de janeiro a 11 de fevereiro de 2021 (base). O indicador refere-se \u00e0s fam\u00edlias com rendimento de 1 a 40 sal\u00e1rios m\u00ednimos e abrange as regi\u00f5es metropolitanas do Rio de Janeiro, Porto Alegre, Belo Horizonte, Recife, S\u00e3o Paulo, Bel\u00e9m, Fortaleza, Salvador e Curitiba, al\u00e9m de Bras\u00edlia e do munic\u00edpio de Goi\u00e2nia. A metodologia utilizada \u00e9 a mesma do IPCA, a diferen\u00e7a est\u00e1 no per\u00edodo de coleta dos pre\u00e7os e na abrang\u00eancia geogr\u00e1fica.<\/p>\n<p>Fonte: <span style=\"font-weight: 400;\">Ag\u00eancia IBGE<\/span><\/p>\n","protected":false},"excerpt":{"rendered":"<p>\u00cdndice Nacional de Pre\u00e7os ao Consumidor Amplo 15 (IPCA-15) apresentou alta de 0,93% em mar\u00e7o, 0,45 ponto percentual acima de fevereiro, 0,48%. \u00c9 o maior resultado para um m\u00eas de mar\u00e7o desde 2015, quando o \u00edndice foi de 1,24%. J\u00e1 o IPCA-E, o acumulado do \u00edndice no trimestre, foi de 2,21%, a maior taxa para [&hellip;]<\/p>\n","protected":false},"author":246,"featured_media":179829,"comment_status":"closed","ping_status":"closed","sticky":false,"template":"","format":"standard","meta":{"footnotes":""},"categories":[436,440,261,439],"tags":[],"class_list":["post-179828","post","type-post","status-publish","format-standard","has-post-thumbnail","hentry","category-destaque-da-semana","category-destaques-do-dia","category-economia","category-ultima-hora"],"_links":{"self":[{"href":"https:\/\/diarioregionaldigital.com.br\/index.php?rest_route=\/wp\/v2\/posts\/179828","targetHints":{"allow":["GET"]}}],"collection":[{"href":"https:\/\/diarioregionaldigital.com.br\/index.php?rest_route=\/wp\/v2\/posts"}],"about":[{"href":"https:\/\/diarioregionaldigital.com.br\/index.php?rest_route=\/wp\/v2\/types\/post"}],"author":[{"embeddable":true,"href":"https:\/\/diarioregionaldigital.com.br\/index.php?rest_route=\/wp\/v2\/users\/246"}],"replies":[{"embeddable":true,"href":"https:\/\/diarioregionaldigital.com.br\/index.php?rest_route=%2Fwp%2Fv2%2Fcomments&post=179828"}],"version-history":[{"count":2,"href":"https:\/\/diarioregionaldigital.com.br\/index.php?rest_route=\/wp\/v2\/posts\/179828\/revisions"}],"predecessor-version":[{"id":179835,"href":"https:\/\/diarioregionaldigital.com.br\/index.php?rest_route=\/wp\/v2\/posts\/179828\/revisions\/179835"}],"wp:featuredmedia":[{"embeddable":true,"href":"https:\/\/diarioregionaldigital.com.br\/index.php?rest_route=\/wp\/v2\/media\/179829"}],"wp:attachment":[{"href":"https:\/\/diarioregionaldigital.com.br\/index.php?rest_route=%2Fwp%2Fv2%2Fmedia&parent=179828"}],"wp:term":[{"taxonomy":"category","embeddable":true,"href":"https:\/\/diarioregionaldigital.com.br\/index.php?rest_route=%2Fwp%2Fv2%2Fcategories&post=179828"},{"taxonomy":"post_tag","embeddable":true,"href":"https:\/\/diarioregionaldigital.com.br\/index.php?rest_route=%2Fwp%2Fv2%2Ftags&post=179828"}],"curies":[{"name":"wp","href":"https:\/\/api.w.org\/{rel}","templated":true}]}}