{"id":179818,"date":"2021-03-25T06:00:37","date_gmt":"2021-03-25T09:00:37","guid":{"rendered":"https:\/\/diarioregionaldigital.com.br\/?p=179818"},"modified":"2021-03-25T20:02:01","modified_gmt":"2021-03-25T23:02:01","slug":"moda-show-14","status":"publish","type":"post","link":"https:\/\/diarioregionaldigital.com.br\/?p=179818","title":{"rendered":"Moda Show"},"content":{"rendered":"<p style=\"text-align: center;\"><strong>Mito<\/strong><\/p>\n<p style=\"text-align: center;\">A palavra \u00e9 uma dom. Precisa ser utilizada com cuidado e respeito. O termo \u201cmito\u201d, por exemplo, refere-se \u00e0s hist\u00f3rias e \u00e0s religi\u00f5es de antigamente, a lutas de civiliza\u00e7\u00f5es antigas, a atos e pensamentos de her\u00f3is e hero\u00ednas resistentes \u00e0 passagem do tempo. O tempo est\u00e1 completamente descaracterizado pela nossa triste pol\u00edtica.<\/p>\n<p style=\"text-align: center;\">Ligando o alerta<\/p>\n<p style=\"text-align: center;\">Com a vacina caminhando a passos lentos, a Covid-19 pinta e borda. Segundo especialistas at\u00e9 agora s\u00f3 houve lockdows curtos e localizados ap\u00f3s o v\u00edrus sair de controle, e n\u00e3o uma estrat\u00e9gia preventiva. Destacam ainda a falta de seguran\u00e7a nos transportes p\u00fablicos, focos importantes de transmiss\u00e3o. Todo cuidado \u00e9 pouco.<\/p>\n<p style=\"text-align: center;\"><strong>Situa\u00e7\u00e3o Dif\u00edcil<\/strong><\/p>\n<p style=\"text-align: center;\">Sem horizonte: poss\u00edveis altera\u00e7\u00f5es no plano de recupera\u00e7\u00e3o Judicial da Odebrecht devem tornar ainda mais dif\u00edceis as buscas para o grupo achar um novo presidente. O processo para contratar um nome para substituir Ruy Sampaio est\u00e1 em curso h\u00e1 mais de cinco meses.<\/p>\n<p style=\"text-align: center;\"><strong>Moda Show<\/strong><\/p>\n<p style=\"text-align: center;\">De volta aos anos 90, a d\u00e9cada ressurge nas passarelas de Paris e Mil\u00e3o e a Dolce &amp; Gabbana arrasou. De forma virtual e um caldeir\u00e3o de refer\u00eancias, correntes douradas, p\u00e9rolas, cristais aplicados e preto s\u00e3o os elementos essenciais na composi\u00e7\u00e3o dos looks. \u00c9 aquele velho museu de novidades.<\/p>\n<div id=\"attachment_179799\" style=\"width: 690px\" class=\"wp-caption aligncenter\"><img loading=\"lazy\" decoding=\"async\" aria-describedby=\"caption-attachment-179799\" class=\"wp-image-179799\" src=\"https:\/\/diarioregionaldigital.com.br\/wp-content\/uploads\/2021\/03\/fotoa-1-e1616641064153.jpeg\" alt=\"\" width=\"680\" height=\"494\" srcset=\"https:\/\/diarioregionaldigital.com.br\/wp-content\/uploads\/2021\/03\/fotoa-1-e1616641064153.jpeg 640w, https:\/\/diarioregionaldigital.com.br\/wp-content\/uploads\/2021\/03\/fotoa-1-e1616641064153-300x218.jpeg 300w, https:\/\/diarioregionaldigital.com.br\/wp-content\/uploads\/2021\/03\/fotoa-1-e1616641064153-360x262.jpeg 360w\" sizes=\"auto, (max-width: 680px) 100vw, 680px\" \/><p id=\"caption-attachment-179799\" class=\"wp-caption-text\">Em destaque hoje nesta p\u00e1gina social a eleg\u00e2ncia do jornalista Jorge Sanglard<\/p><\/div>\n<div id=\"attachment_179800\" style=\"width: 690px\" class=\"wp-caption aligncenter\"><img loading=\"lazy\" decoding=\"async\" aria-describedby=\"caption-attachment-179800\" class=\"wp-image-179800\" src=\"https:\/\/diarioregionaldigital.com.br\/wp-content\/uploads\/2021\/03\/fotob-12-e1616641119567.jpg\" alt=\"\" width=\"680\" height=\"493\" srcset=\"https:\/\/diarioregionaldigital.com.br\/wp-content\/uploads\/2021\/03\/fotob-12-e1616641119567.jpg 681w, https:\/\/diarioregionaldigital.com.br\/wp-content\/uploads\/2021\/03\/fotob-12-e1616641119567-300x218.jpg 300w, https:\/\/diarioregionaldigital.com.br\/wp-content\/uploads\/2021\/03\/fotob-12-e1616641119567-360x261.jpg 360w\" sizes=\"auto, (max-width: 680px) 100vw, 680px\" \/><p id=\"caption-attachment-179800\" class=\"wp-caption-text\">Com esperan\u00e7a de dias melhores, a elegante Mery Castro<\/p><\/div>\n<div id=\"attachment_179801\" style=\"width: 690px\" class=\"wp-caption aligncenter\"><img loading=\"lazy\" decoding=\"async\" aria-describedby=\"caption-attachment-179801\" class=\"wp-image-179801\" src=\"https:\/\/diarioregionaldigital.com.br\/wp-content\/uploads\/2021\/03\/fotoc-14-e1616641091526.jpg\" alt=\"\" width=\"680\" height=\"516\" srcset=\"https:\/\/diarioregionaldigital.com.br\/wp-content\/uploads\/2021\/03\/fotoc-14-e1616641091526.jpg 956w, https:\/\/diarioregionaldigital.com.br\/wp-content\/uploads\/2021\/03\/fotoc-14-e1616641091526-300x228.jpg 300w, https:\/\/diarioregionaldigital.com.br\/wp-content\/uploads\/2021\/03\/fotoc-14-e1616641091526-768x583.jpg 768w, https:\/\/diarioregionaldigital.com.br\/wp-content\/uploads\/2021\/03\/fotoc-14-e1616641091526-360x273.jpg 360w\" sizes=\"auto, (max-width: 680px) 100vw, 680px\" \/><p id=\"caption-attachment-179801\" class=\"wp-caption-text\">Um close especial no M\u00eas Internacional da Mulher na especialista em Artes de Macram\u00ea, Laurien Fonseca<\/p><\/div>\n<div id=\"attachment_179803\" style=\"width: 690px\" class=\"wp-caption aligncenter\"><img loading=\"lazy\" decoding=\"async\" aria-describedby=\"caption-attachment-179803\" class=\"wp-image-179803\" src=\"https:\/\/diarioregionaldigital.com.br\/wp-content\/uploads\/2021\/03\/fotoe-1-e1616641165147.jpeg\" alt=\"\" width=\"680\" height=\"491\" srcset=\"https:\/\/diarioregionaldigital.com.br\/wp-content\/uploads\/2021\/03\/fotoe-1-e1616641165147.jpeg 713w, https:\/\/diarioregionaldigital.com.br\/wp-content\/uploads\/2021\/03\/fotoe-1-e1616641165147-300x217.jpeg 300w, https:\/\/diarioregionaldigital.com.br\/wp-content\/uploads\/2021\/03\/fotoe-1-e1616641165147-360x260.jpeg 360w\" sizes=\"auto, (max-width: 680px) 100vw, 680px\" \/><p id=\"caption-attachment-179803\" class=\"wp-caption-text\">A advogada Lara Spada, relaxando nos dias de isolamento em Tiradentes (MG)<\/p><\/div>\n<div id=\"attachment_179802\" style=\"width: 690px\" class=\"wp-caption aligncenter\"><img loading=\"lazy\" decoding=\"async\" aria-describedby=\"caption-attachment-179802\" class=\"wp-image-179802\" src=\"https:\/\/diarioregionaldigital.com.br\/wp-content\/uploads\/2021\/03\/fotocc-2-e1616641142848.jpg\" alt=\"\" width=\"680\" height=\"475\" srcset=\"https:\/\/diarioregionaldigital.com.br\/wp-content\/uploads\/2021\/03\/fotocc-2-e1616641142848.jpg 523w, https:\/\/diarioregionaldigital.com.br\/wp-content\/uploads\/2021\/03\/fotocc-2-e1616641142848-300x210.jpg 300w, https:\/\/diarioregionaldigital.com.br\/wp-content\/uploads\/2021\/03\/fotocc-2-e1616641142848-360x251.jpg 360w, https:\/\/diarioregionaldigital.com.br\/wp-content\/uploads\/2021\/03\/fotocc-2-e1616641142848-100x70.jpg 100w\" sizes=\"auto, (max-width: 680px) 100vw, 680px\" \/><p id=\"caption-attachment-179802\" class=\"wp-caption-text\">Em seu casamento no Rio de Janeiro, o lindo casal Michelly Campos e o ator juiz-forano Maur\u00edcio Ribeiro<\/p><\/div>\n<div id=\"attachment_179804\" style=\"width: 690px\" class=\"wp-caption aligncenter\"><img loading=\"lazy\" decoding=\"async\" aria-describedby=\"caption-attachment-179804\" class=\"wp-image-179804\" src=\"https:\/\/diarioregionaldigital.com.br\/wp-content\/uploads\/2021\/03\/fotof-11-e1616641192219.jpg\" alt=\"\" width=\"680\" height=\"481\" srcset=\"https:\/\/diarioregionaldigital.com.br\/wp-content\/uploads\/2021\/03\/fotof-11-e1616641192219.jpg 698w, https:\/\/diarioregionaldigital.com.br\/wp-content\/uploads\/2021\/03\/fotof-11-e1616641192219-300x212.jpg 300w, https:\/\/diarioregionaldigital.com.br\/wp-content\/uploads\/2021\/03\/fotof-11-e1616641192219-360x255.jpg 360w, https:\/\/diarioregionaldigital.com.br\/wp-content\/uploads\/2021\/03\/fotof-11-e1616641192219-100x70.jpg 100w\" sizes=\"auto, (max-width: 680px) 100vw, 680px\" \/><p id=\"caption-attachment-179804\" class=\"wp-caption-text\">Nomes de realce da MPB: Alexandre Pires e Thiago Miranda<\/p><\/div>\n<div id=\"attachment_179805\" style=\"width: 690px\" class=\"wp-caption aligncenter\"><img loading=\"lazy\" decoding=\"async\" aria-describedby=\"caption-attachment-179805\" class=\"wp-image-179805\" src=\"https:\/\/diarioregionaldigital.com.br\/wp-content\/uploads\/2021\/03\/fotog-11-e1616641237656.jpg\" alt=\"\" width=\"680\" height=\"481\" srcset=\"https:\/\/diarioregionaldigital.com.br\/wp-content\/uploads\/2021\/03\/fotog-11-e1616641237656.jpg 510w, https:\/\/diarioregionaldigital.com.br\/wp-content\/uploads\/2021\/03\/fotog-11-e1616641237656-300x212.jpg 300w, https:\/\/diarioregionaldigital.com.br\/wp-content\/uploads\/2021\/03\/fotog-11-e1616641237656-360x255.jpg 360w, https:\/\/diarioregionaldigital.com.br\/wp-content\/uploads\/2021\/03\/fotog-11-e1616641237656-100x70.jpg 100w\" sizes=\"auto, (max-width: 680px) 100vw, 680px\" \/><p id=\"caption-attachment-179805\" class=\"wp-caption-text\">Aniversariante de destaque da temporada, o cabelereiro Ant\u00f4nio Marchiori posou com Beth bandeira<\/p><\/div>\n<div id=\"attachment_179806\" style=\"width: 690px\" class=\"wp-caption aligncenter\"><img loading=\"lazy\" decoding=\"async\" aria-describedby=\"caption-attachment-179806\" class=\"wp-image-179806\" src=\"https:\/\/diarioregionaldigital.com.br\/wp-content\/uploads\/2021\/03\/fotoh-12-e1616641260923.jpg\" alt=\"\" width=\"680\" height=\"550\" srcset=\"https:\/\/diarioregionaldigital.com.br\/wp-content\/uploads\/2021\/03\/fotoh-12-e1616641260923.jpg 512w, https:\/\/diarioregionaldigital.com.br\/wp-content\/uploads\/2021\/03\/fotoh-12-e1616641260923-300x243.jpg 300w, https:\/\/diarioregionaldigital.com.br\/wp-content\/uploads\/2021\/03\/fotoh-12-e1616641260923-360x291.jpg 360w\" sizes=\"auto, (max-width: 680px) 100vw, 680px\" \/><p id=\"caption-attachment-179806\" class=\"wp-caption-text\">Edy Prata festejou 70 anos com a neta e a mulher Tet\u00ea Aleixo Prata<\/p><\/div>\n<p style=\"text-align: center;\"><strong>FOTOSS\u00cdNTESE<\/strong><\/p>\n<p>A C\u00e2mara Municipal de Juiz de Fora retornou ao per\u00edodo de reuni\u00e3o ordin\u00e1rias, mas sem a presen\u00e7a dos vereadores em plen\u00e1rio. O p\u00fablico pode ter acesso pela TV c\u00e2mara e pelo canal do YouTube.<\/p>\n<p>Voce sabia? Duas empresas de Minas Gerais uma do DF, com s\u00f3cios gregos e portugueses, est\u00e3o no p\u00e1reo de licita\u00e7\u00e3o para a futura Loteria de Bras\u00edlia.<\/p>\n<p>A Arpel liderada por Eduardo Delmonte em breve estar\u00e1 toda reformulada. O redimensionamento da loja para cal\u00e7ados e bolsas e o show room s\u00f3 para roupas no segundo andar, ser\u00e1 comandando pela din\u00e2mica Mariana Delmonte.<\/p>\n<p>Com assinatura dos plenos Edson Munck Jr., Jaciluz Dias e Cl\u00e1udia Miranda, a cole\u00e7\u00e3o \u201cApoema leitura e produ\u00e7\u00e3o de texto\u201d, est\u00e1 muito bem feita. A obra \u00e9 voltada para os anos finais do ensino fundamental e, sai pela Editora do Brasil.<\/p>\n<p>Dona cegonha aprontou de novo. Colocou na chamin\u00e9 de Rafaela Braz Pereira e Felipe Fortuna, a linda estrelinha Alice. Comemorando as av\u00f3s Regina e Paulo Ely Braz Pereira e V\u00e2nia Merg e \u00c1ureo Fortuna.<\/p>\n<p>Perguntinha: quem \u00e9 na atualidade o \u00f3 do borogod\u00f3? Pano r\u00e1pido.<\/p>\n<p>Carolina Sim\u00f5es al\u00e9m de comandar com maestria a Arteria, lan\u00e7ou o livro \u201cBichorel\u00ea\u201d. S\u00e3o v\u00e1rios temas usando nomes de bichos onde ela investe na sonoridade das palavras.<\/p>\n<p>Causando elogios a atua\u00e7\u00e3o s\u00e9ria e competente da Delegada de Pol\u00edcia Civil, Yone Barbosa.<\/p>\n<p>Toque s\u00fatil: \u201cEleg\u00e2ncia \u00e9 uma qualidade f\u00edsica. Se uma mulher n\u00e3o tem, est\u00e1 nua. Jamais estar\u00e1 vestida.\u201d (Karl Lagerfeld). Bom dia.<\/p>\n<p><img loading=\"lazy\" decoding=\"async\" class=\"aligncenter size-full wp-image-179820\" src=\"https:\/\/diarioregionaldigital.com.br\/wp-content\/uploads\/2021\/03\/anuncio15-scaled.jpg\" alt=\"\" width=\"2560\" height=\"941\" srcset=\"https:\/\/diarioregionaldigital.com.br\/wp-content\/uploads\/2021\/03\/anuncio15-scaled.jpg 2560w, https:\/\/diarioregionaldigital.com.br\/wp-content\/uploads\/2021\/03\/anuncio15-300x110.jpg 300w, https:\/\/diarioregionaldigital.com.br\/wp-content\/uploads\/2021\/03\/anuncio15-1024x377.jpg 1024w, https:\/\/diarioregionaldigital.com.br\/wp-content\/uploads\/2021\/03\/anuncio15-768x282.jpg 768w, https:\/\/diarioregionaldigital.com.br\/wp-content\/uploads\/2021\/03\/anuncio15-1536x565.jpg 1536w, https:\/\/diarioregionaldigital.com.br\/wp-content\/uploads\/2021\/03\/anuncio15-2048x753.jpg 2048w, https:\/\/diarioregionaldigital.com.br\/wp-content\/uploads\/2021\/03\/anuncio15-360x132.jpg 360w\" sizes=\"auto, (max-width: 2560px) 100vw, 2560px\" \/><\/p>\n","protected":false},"excerpt":{"rendered":"<p>Mito A palavra \u00e9 uma dom. Precisa ser utilizada com cuidado e respeito. O termo \u201cmito\u201d, por exemplo, refere-se \u00e0s hist\u00f3rias e \u00e0s religi\u00f5es de antigamente, a lutas de civiliza\u00e7\u00f5es antigas, a atos e pensamentos de her\u00f3is e hero\u00ednas resistentes \u00e0 passagem do tempo. O tempo est\u00e1 completamente descaracterizado pela nossa triste pol\u00edtica. Ligando o [&hellip;]<\/p>\n","protected":false},"author":253,"featured_media":179799,"comment_status":"closed","ping_status":"closed","sticky":false,"template":"","format":"standard","meta":{"footnotes":""},"categories":[264],"tags":[],"class_list":["post-179818","post","type-post","status-publish","format-standard","has-post-thumbnail","hentry","category-eduardo-gomes"],"_links":{"self":[{"href":"https:\/\/diarioregionaldigital.com.br\/index.php?rest_route=\/wp\/v2\/posts\/179818","targetHints":{"allow":["GET"]}}],"collection":[{"href":"https:\/\/diarioregionaldigital.com.br\/index.php?rest_route=\/wp\/v2\/posts"}],"about":[{"href":"https:\/\/diarioregionaldigital.com.br\/index.php?rest_route=\/wp\/v2\/types\/post"}],"author":[{"embeddable":true,"href":"https:\/\/diarioregionaldigital.com.br\/index.php?rest_route=\/wp\/v2\/users\/253"}],"replies":[{"embeddable":true,"href":"https:\/\/diarioregionaldigital.com.br\/index.php?rest_route=%2Fwp%2Fv2%2Fcomments&post=179818"}],"version-history":[{"count":1,"href":"https:\/\/diarioregionaldigital.com.br\/index.php?rest_route=\/wp\/v2\/posts\/179818\/revisions"}],"predecessor-version":[{"id":179821,"href":"https:\/\/diarioregionaldigital.com.br\/index.php?rest_route=\/wp\/v2\/posts\/179818\/revisions\/179821"}],"wp:featuredmedia":[{"embeddable":true,"href":"https:\/\/diarioregionaldigital.com.br\/index.php?rest_route=\/wp\/v2\/media\/179799"}],"wp:attachment":[{"href":"https:\/\/diarioregionaldigital.com.br\/index.php?rest_route=%2Fwp%2Fv2%2Fmedia&parent=179818"}],"wp:term":[{"taxonomy":"category","embeddable":true,"href":"https:\/\/diarioregionaldigital.com.br\/index.php?rest_route=%2Fwp%2Fv2%2Fcategories&post=179818"},{"taxonomy":"post_tag","embeddable":true,"href":"https:\/\/diarioregionaldigital.com.br\/index.php?rest_route=%2Fwp%2Fv2%2Ftags&post=179818"}],"curies":[{"name":"wp","href":"https:\/\/api.w.org\/{rel}","templated":true}]}}